{"id":245071,"date":"2024-11-13T17:05:00","date_gmt":"2024-11-13T15:05:00","guid":{"rendered":"https:\/\/www.tucomarca.com\/wordpress\/segunda\/?p=245071"},"modified":"2024-11-13T20:32:25","modified_gmt":"2024-11-13T18:32:25","slug":"cultura-valora-el-dany-en-el-patrimoni-cultural-dels-municipis-afectats-per-la-dana","status":"publish","type":"post","link":"https:\/\/www.tucomarca.com\/wordpress\/segunda\/ca\/cultura-valora-el-dany-en-el-patrimoni-cultural-dels-municipis-afectats-per-la-dana\/","title":{"rendered":"Cultura valora el dany en el patrimoni cultural dels municipis afectats per la DANA"},"content":{"rendered":"\n<h3 class=\"wp-block-heading\">Des del moment en qu\u00e8 es va permetre l\u2019acc\u00e9s a la zona afectada, els t\u00e8cnics estan avaluant l\u2019estat de l\u2019equipament cultural, arxius, biblioteques, monuments i espais muse\u00edstics.<\/h3>\n\n\n\n<h3 class=\"wp-block-heading\">La Conselleria ha habilitat un formulari per a poder traslladar qualsevol informaci\u00f3 rellevant relacionada amb l\u2019estat dels b\u00e9ns culturals i patrimonials.<\/h3>\n\n\n\n<h3 class=\"wp-block-heading\">L\u2019IVCR+i oferix informaci\u00f3 b\u00e0sica sobre com tractar adequadament els b\u00e9ns t\u00e8xtils, arqueol\u00f2gics, pintura i escultura i documents arxiv\u00edstics.<\/h3>\n\n\n\n<p>Els t\u00e8cnics i especialistes de la Secretaria Auton\u00f2mica de Cultura i de l\u2019Institut Valenci\u00e0 de Conservaci\u00f3, Restauraci\u00f3 i Investigaci\u00f3 (IVCR+i) estan recorrent els municipis afectats per la DANA amb la finalitat de con\u00e9ixer els danys produ\u00efts en b\u00e9ns i infraestructures culturals.<\/p>\n\n\n\n<p>Estes inspeccions estan permetent con\u00e9ixer l\u2019estat en el qual es troba l\u2019equipament cultural, arxius, biblioteques, monuments i espais muse\u00edstics per a disposar d\u2019una valoraci\u00f3 ajustada dels efectes de les inundacions i determinar els mitjans que s\u2019activaran en el marc tant del Pla nacional de gesti\u00f3 de riscos i emerg\u00e8ncies en patrimoni com del pla propi de la Generalitat.<\/p>\n\n\n\n<figure class=\"wp-block-gallery has-nested-images columns-default is-cropped wp-block-gallery-1 is-layout-flex wp-block-gallery-is-layout-flex\">\n<figure class=\"wp-block-image size-large\"><img loading=\"lazy\" decoding=\"async\" width=\"768\" height=\"1024\" data-id=\"245066\" src=\"https:\/\/www.tucomarca.com\/wordpress\/segunda\/wp-content\/uploads\/2024\/11\/Cultura_visitas_DANA3-768x1024.jpg\" alt=\"\" class=\"wp-image-245066\" srcset=\"https:\/\/www.tucomarca.com\/wordpress\/segunda\/wp-content\/uploads\/2024\/11\/Cultura_visitas_DANA3-768x1024.jpg 768w, https:\/\/www.tucomarca.com\/wordpress\/segunda\/wp-content\/uploads\/2024\/11\/Cultura_visitas_DANA3-225x300.jpg 225w, https:\/\/www.tucomarca.com\/wordpress\/segunda\/wp-content\/uploads\/2024\/11\/Cultura_visitas_DANA3.jpg 886w\" sizes=\"auto, (max-width: 768px) 100vw, 768px\" \/><\/figure>\n\n\n\n<figure class=\"wp-block-image size-large\"><img loading=\"lazy\" decoding=\"async\" width=\"768\" height=\"1024\" data-id=\"245068\" src=\"https:\/\/www.tucomarca.com\/wordpress\/segunda\/wp-content\/uploads\/2024\/11\/Cultura_visitas_DANA4-768x1024.jpg\" alt=\"\" class=\"wp-image-245068\" srcset=\"https:\/\/www.tucomarca.com\/wordpress\/segunda\/wp-content\/uploads\/2024\/11\/Cultura_visitas_DANA4-768x1024.jpg 768w, https:\/\/www.tucomarca.com\/wordpress\/segunda\/wp-content\/uploads\/2024\/11\/Cultura_visitas_DANA4-225x300.jpg 225w, https:\/\/www.tucomarca.com\/wordpress\/segunda\/wp-content\/uploads\/2024\/11\/Cultura_visitas_DANA4.jpg 886w\" sizes=\"auto, (max-width: 768px) 100vw, 768px\" \/><\/figure>\n\n\n\n<figure class=\"wp-block-image size-large\"><img loading=\"lazy\" decoding=\"async\" width=\"768\" height=\"1024\" data-id=\"245064\" src=\"https:\/\/www.tucomarca.com\/wordpress\/segunda\/wp-content\/uploads\/2024\/11\/Cultura_visitas_DANA2-768x1024.jpg\" alt=\"\" class=\"wp-image-245064\" srcset=\"https:\/\/www.tucomarca.com\/wordpress\/segunda\/wp-content\/uploads\/2024\/11\/Cultura_visitas_DANA2-768x1024.jpg 768w, https:\/\/www.tucomarca.com\/wordpress\/segunda\/wp-content\/uploads\/2024\/11\/Cultura_visitas_DANA2-225x300.jpg 225w, https:\/\/www.tucomarca.com\/wordpress\/segunda\/wp-content\/uploads\/2024\/11\/Cultura_visitas_DANA2.jpg 886w\" sizes=\"auto, (max-width: 768px) 100vw, 768px\" \/><\/figure>\n<\/figure>\n\n\n\n<p>La secret\u00e0ria auton\u00f2mica de Cultura, Pilar T\u00e9bar, ha assenyalat que estes visites van comen\u00e7ar \u201cdes del primer moment en el qual ha sigut possible accedir a estos llocs, per a la qual cosa s\u2019ha fet un desplegament d\u2019experts per tota la zona afectada, en col\u00b7laboraci\u00f3 amb altres institucions i col\u00b7legis professionals\u201d.<\/p>\n\n\n\n<p>T\u00e9bar ha recordat que la Conselleria ha habilitat tamb\u00e9 un formulari d\u2019avaluaci\u00f3 de danys provisionals ocasionats per la DANA en b\u00e9ns culturals per a poder traslladar qualsevol informaci\u00f3 rellevant relacionada amb l\u2019estat dels b\u00e9ns culturals.<\/p>\n\n\n\n<p>Aix\u00ed mateix, des de l\u2019IVCR+i s\u2019han publicat unes recomanacions t\u00e8cniques b\u00e0siques sobre com tractar els b\u00e9ns culturals afectats per la DANA, des de com procedir en els arxius, b\u00e9ns t\u00e8xtils, pintura i escultura, aix\u00ed com en b\u00e9ns i jaciments arqueol\u00f2gics.<\/p>\n\n\n\n<p><strong>Patrimoni de la humanitat a Algemes\u00ed<\/strong><\/p>\n\n\n\n<p>Pilar T\u00e9bar ha visitat Algemes\u00ed per a comprovar la situaci\u00f3 en la qual es troba l\u2019esgl\u00e9sia de la Mare de D\u00e9u de la Salut i els b\u00e9ns culturals i equipament que allotja entorn a la festivitat protegida per la Unesco com a patrimoni de la humanitat.<\/p>\n\n\n\n<p>En este sentit, la m\u00e0xima atenci\u00f3 s\u2019ha centrat a testar l\u2019estat dels t\u00e8xtils que conformen l\u2019aixovar de la Mare de D\u00e9u aix\u00ed com els revestiments relacionats amb la lit\u00fargia, que no han patit danys directes per l\u2019aigua.<\/p>\n\n\n\n<p>En la seua visita, Pilar T\u00e9bar ha recorregut tamb\u00e9 altres instal\u00b7lacions culturals de la localitat, com el Teatre Municipal d\u2019Algemes\u00ed, la biblioteca o el Museu Valenci\u00e0 de la Festa, amb afectacions en diferent grau de gravetat.<\/p>\n\n\n\n<p><strong>Patrimoni arquitect\u00f2nic<\/strong><\/p>\n\n\n\n<p>Aix\u00ed mateix, fins al moment els equips compostos per personal especialista tant en arquitectura com en b\u00e9ns mobles han accedit tamb\u00e9 als municipis d\u2019Alfafar, Llocnou de la Corona, Benet\u00fasser, Sedav\u00ed, Massanassa i est\u00e0 previst prosseguir durant els pr\u00f2xims dies.<\/p>\n\n\n\n<p>A Alfafar s\u2019ha visitat l\u2019esgl\u00e9sia la Mare de D\u00e9u del Do, ja neta, i que s\u2019utilitza actualment com a local de repartiment d\u2019aliments, roba i estris per a atendre les necessitats de la poblaci\u00f3.<\/p>\n\n\n\n<p>Tampoc s\u2019aprecien danys en la inspecci\u00f3 realitzada en l\u2019edifici del Sindicat Arrosser (protegit com a b\u00e9 d\u2019inter\u00e9s cultural), ja que l\u2019exist\u00e8ncia d\u2019un desnivell en l\u2019acc\u00e9s principal ha evitat l\u2019entrada d\u2019aigua, igual que ocorre amb el Mol\u00ed arrosser de Sant Josep i f\u00e0brica de xocolate Meivel, catalogat com a b\u00e9 de rellev\u00e0ncia local.<\/p>\n\n\n\n<p>En el cas de l\u2019esgl\u00e9sia de la Mare de D\u00e9u del Rosari a Llocnou de la Corona es troba tamb\u00e9 neta i en \u00fas com a magatzem de repartiment, encara que l\u2019aigua va arribar a una altura d\u20191,2 metres, provocant danys en el mobiliari.<\/p>\n\n\n\n<p>Tampoc l\u2019esgl\u00e9sia parroquial la Mare de D\u00e9u del Socors de Benet\u00fasser t\u00e9 danys significatius gr\u00e0cies al desnivell d\u2019acc\u00e9s al temple que ha fet que l\u2019aigua nom\u00e9s arribara a uns 15 cent\u00edmetres; igual que l\u2019esgl\u00e9sia parroquial de la Mare de D\u00e9u del Rosari de Sedav\u00ed, i l\u2019esgl\u00e9sia de Sant Pere Ap\u00f2stol de Massanassa.<\/p>\n\n\n\n<p><strong>Arxius i biblioteques<\/strong><\/p>\n\n\n\n<p>D\u2019altra banda, els t\u00e8cnics de Cultura estan visitant els arxius i biblioteques de titularitat municipal que es troben en situaci\u00f3 d\u2019insalubritat a causa de l\u2019efecte de les inundacions, amb la finalitat de con\u00e9ixer l\u2019abast dels danys i valorar les possibles solucions per a fer-los front.<\/p>\n\n\n\n<p>Estes inspeccions s\u2019estan realitzant conjuntament entre l\u2019IVCR+i i el Servici d\u2019Arxius, i consistix en el diagn\u00f2stic de danys, perspectives de salvaci\u00f3 de la documentaci\u00f3, i documentaci\u00f3 de l\u2019abast.<\/p>\n\n\n\n<p>Cal destacar que la Conselleria compta des del primer moment amb la col\u00b7laboraci\u00f3 permanent de Col\u00b7legi d\u2019Arxivers i de Bibliotecaris i dels responsables de l\u2019Arxiu del Regne.<\/p>\n","protected":false},"excerpt":{"rendered":"<div class=\"mh-excerpt\">Des del moment en qu\u00e8 es va permetre l\u2019acc\u00e9s a la zona afectada, els t\u00e8cnics estan avaluant l\u2019estat de l\u2019equipament cultural, arxius, biblioteques, monuments i espais muse\u00edstics. La Conselleria ha habilitat un formulari per a <a class=\"mh-excerpt-more\" href=\"https:\/\/www.tucomarca.com\/wordpress\/segunda\/ca\/cultura-valora-el-dany-en-el-patrimoni-cultural-dels-municipis-afectats-per-la-dana\/\" title=\"Cultura valora el dany en el patrimoni cultural dels municipis afectats per la DANA\">[+] <\/a><\/div>\n","protected":false},"author":12,"featured_media":245063,"comment_status":"open","ping_status":"open","sticky":false,"template":"","format":"gallery","meta":{"footnotes":""},"categories":[10983,21466,10898,10894,10904,10902,11007,10947,10896,10897],"tags":[15409,17760,20823],"class_list":{"0":"post-245071","1":"post","2":"type-post","3":"status-publish","4":"format-gallery","5":"has-post-thumbnail","7":"category-algemesi-ca","8":"category-dana-ca","9":"category-ventana-ca","10":"category-la-comarca-ca","11":"category-sin-categorizar-ca","12":"category-la-ribera-ca","13":"category-ocio-y-cultura-ca","14":"category-politica","15":"category-seccion-ca","16":"category-sucesos-la-comarca-ca","17":"tag-dana-2-ca","18":"tag-instituto-valenciano-de-cultura-ca","19":"tag-patrimonio-cultural-ca","20":"post_format-post-format-gallery"},"_links":{"self":[{"href":"https:\/\/www.tucomarca.com\/wordpress\/segunda\/ca\/wp-json\/wp\/v2\/posts\/245071","targetHints":{"allow":["GET"]}}],"collection":[{"href":"https:\/\/www.tucomarca.com\/wordpress\/segunda\/ca\/wp-json\/wp\/v2\/posts"}],"about":[{"href":"https:\/\/www.tucomarca.com\/wordpress\/segunda\/ca\/wp-json\/wp\/v2\/types\/post"}],"author":[{"embeddable":true,"href":"https:\/\/www.tucomarca.com\/wordpress\/segunda\/ca\/wp-json\/wp\/v2\/users\/12"}],"replies":[{"embeddable":true,"href":"https:\/\/www.tucomarca.com\/wordpress\/segunda\/ca\/wp-json\/wp\/v2\/comments?post=245071"}],"version-history":[{"count":0,"href":"https:\/\/www.tucomarca.com\/wordpress\/segunda\/ca\/wp-json\/wp\/v2\/posts\/245071\/revisions"}],"wp:featuredmedia":[{"embeddable":true,"href":"https:\/\/www.tucomarca.com\/wordpress\/segunda\/ca\/wp-json\/wp\/v2\/media\/245063"}],"wp:attachment":[{"href":"https:\/\/www.tucomarca.com\/wordpress\/segunda\/ca\/wp-json\/wp\/v2\/media?parent=245071"}],"wp:term":[{"taxonomy":"category","embeddable":true,"href":"https:\/\/www.tucomarca.com\/wordpress\/segunda\/ca\/wp-json\/wp\/v2\/categories?post=245071"},{"taxonomy":"post_tag","embeddable":true,"href":"https:\/\/www.tucomarca.com\/wordpress\/segunda\/ca\/wp-json\/wp\/v2\/tags?post=245071"}],"curies":[{"name":"wp","href":"https:\/\/api.w.org\/{rel}","templated":true}]}}