{"id":245080,"date":"2024-11-13T17:00:00","date_gmt":"2024-11-13T15:00:00","guid":{"rendered":"https:\/\/www.tucomarca.com\/wordpress\/segunda\/?p=245080"},"modified":"2024-11-13T20:08:28","modified_gmt":"2024-11-13T18:08:28","slug":"el-cecopi-acorda-restriccions-de-mobilitat-de-vehicles-privats-davant-limpacte-que-puga-causar-la-nova-dana","status":"publish","type":"post","link":"https:\/\/www.tucomarca.com\/wordpress\/segunda\/ca\/el-cecopi-acorda-restriccions-de-mobilitat-de-vehicles-privats-davant-limpacte-que-puga-causar-la-nova-dana\/","title":{"rendered":"El CECOPI acorda restriccions de mobilitat de vehicles privats davant l&#8217;impacte que puga causar la nova DANA"},"content":{"rendered":"\n<h3 class=\"wp-block-heading\">Les restriccions de mobilitat de vehicles privats en les zones que detalla l&#8217;ordre comen\u00e7aran a les 18,00 hores de hui i es mantindr\u00e0 fins a les 18,00 hores de dem\u00e0.<\/h3>\n\n\n\n<h3 class=\"wp-block-heading\">El CECOPI ha acordat difondre les recomanacions a la ciutadania de manera escalada a trav\u00e9s de tots els canals davant aquest nou episodi de gota freda.<\/h3>\n\n\n\n<h3 class=\"wp-block-heading\">L&#8217;ordre busca garantir de manera preventiva la seguretat de les persones i de tots els efectius que estan actuant puguen exercir la seua tasca amb seguretat i efectivitat.<\/h3>\n\n\n\n<p>La directora general de Prevenci\u00f3 d&#8217;Incendis, Rosa Tour\u00eds, ha informat de l&#8217;\u00faltima hora sobre els treballs que s&#8217;estan efectuant en l&#8217;emerg\u00e8ncia que des del passat 29 d&#8217;octubre afecta a la prov\u00edncia de Val\u00e8ncia, despr\u00e9s de la celebraci\u00f3 de l&#8217;\u00faltima reuni\u00f3 del CECOPI, en la qual ha participat el president de la Generalitat, Carlos Maz\u00f3n, i la delegada del Govern, Pilar Bernab\u00e9.<\/p>\n\n\n\n<p>La portaveu Rosa Tour\u00eds ha explicat que en l&#8217;\u00faltima reuni\u00f3 del CECOPI s&#8217;ha fet un especial seguiment de la nova DANA que afecta la Comunitat Valenciana i s&#8217;ha acordat realitzar -a trav\u00e9s d&#8217;una nova ordre- restriccions de mobilitat de 24 hores que comen\u00e7ar\u00e0 a les 18.00 hores de hui fins a les 18.00 hores de dem\u00e0 dijous a causa de la severitat que aquest nou episodi pot tindre sobre les zones ja afectades.<\/p>\n\n\n\n<p>Aix\u00ed mateix, el CECOPI ha acordat dur a terme una labor de comunicaci\u00f3 a la ciutadania que, de manera escalada, traslladar\u00e0 a la poblaci\u00f3 a trav\u00e9s de tots els canals disponibles, aquestes mesures.<\/p>\n\n\n\n<p>Aquesta ordre busca garantir de manera preventiva la seguretat de les persones i tamb\u00e9 que tots els efectius que estan actuant coordinadament des de l&#8217;inici, de les diferents administracions p\u00fabliques, aix\u00ed com d&#8217;empreses i altres sectors, que estan treballant, no sols per a assistir a les persones afectades, sin\u00f3 tamb\u00e9 per a recuperar com m\u00e9s prompte millor els serveis b\u00e0sics, puguen exercir la seua tasca amb seguretat i efectivitat.<\/p>\n\n\n\n<p>Tour\u00eds ha explicat que en aquests moments de l&#8217;emerg\u00e8ncia \u201cresulta necessari limitar la circulaci\u00f3 en vehicle privat en aquelles zones amb una major afecci\u00f3\u201d.<\/p>\n\n\n\n<p>Tour\u00eds ha matisat que existeixen excepcions a aquesta ordre que s\u00f3n les seg\u00fcents: aquells despla\u00e7aments urgents, adequadament justificats que es produ\u00efsquen per l&#8217;assist\u00e8ncia a centres, serveis i establiments sanitaris, el retorn al lloc de resid\u00e8ncia habitual o familiar, l&#8217;assist\u00e8ncia i cura a persones majors, menors, dependents, persones amb discapacitat o persones especialment vulnerables, per causa de for\u00e7a major o situaci\u00f3 de necessitat i qualsevol altra activitat d&#8217;an\u00e0loga naturalesa, degudament acreditada.<\/p>\n\n\n\n<p>Quant als municipis que queden afectats per aquesta ordre s\u00f3n els seg\u00fcents: Alaqu\u00e0s, Albal, Aldaia, Alfafar, Algemes\u00ed, Alginet, Benet\u00fasser, Beniparrell, Catarroja, Xiva, Guadassuar, L\u2019Alc\u00f9dia, Llocnou de la Corona, Massanasa, Paiporta, Picanya, Sedav\u00ed, Torrent, Val\u00e8ncia (pedanies sud) i Xirivella.<\/p>\n\n\n\n<p><strong>Labors sobre el terreny<\/strong><\/p>\n\n\n\n<p>Sobre la cerca i rescat de v\u00edctimes el treball del grup especial de rescat roman en la zona de l\u2019Albufera i la seua \u00e0rea d&#8217;influ\u00e8ncia. Hui s&#8217;ha aconseguit l&#8217;objectiu de desgu\u00e0s d&#8217;entre 10-12 cent\u00edmetres, tal com havia indicat des de Gu\u00e0rdia Civil. La cerca per mar s&#8217;ha vist compromesa a conseq\u00fc\u00e8ncia del temporal mar\u00edtim que afecta a Gandia i D\u00e9nia. Despr\u00e9s d&#8217;aquest episodi meteorol\u00f2gic s&#8217;avaluaran de nou les marees per a avan\u00e7ar en el dispositiu de cerca.<\/p>\n\n\n\n<p><strong>Retirada de llots<\/strong><\/p>\n\n\n\n<p>Segons ha explicat la directora general continua sent priorit\u00e0ria la retirada d&#8217;estris i llots. Aquesta nit -ha indicat- \u201cel balan\u00e7 ha sigut de 15.000 tones evacuades, una dada significativa at\u00e9s que s\u00f3n 5.000 m\u00e9s que les que es van retirar ahir, complint aix\u00ed l&#8217;objectiu que es va traslladar des de la Conselleria de Medi Ambient\u201d. &nbsp;A m\u00e9s, la directora general ha indicat que \u201chi ha 71 camions d&#8217;extracci\u00f3 de llots treballant en les zones afectades i es preveu que al llarg de la jornada se sumen almenys 36 m\u00e9s\u201d.<\/p>\n\n\n\n<p><strong>Efectius i labors de cerca<\/strong><\/p>\n\n\n\n<p>Respecte als efectius desplegats, continuen treballant sobre el terreny 2.791 bombers de m\u00e9s de 45 organismes i 8.608 efectius de l&#8217;Ex\u00e8rcit dels quals 2.103 pertanyen a la UME. A m\u00e9s de m\u00e9s de 800 voluntaris de Protecci\u00f3 Civil de tota Espanya.<br>En l&#8217;\u00e0mbit de la seguretat ciutadana, romanen 9.728 agents, entre Policies nacionals i Gu\u00e0rdia civil, m\u00e9s de 500 efectius de les diferents policies locals i m\u00e9s de 130 efectius de la Policia de la Generalitat.<\/p>\n\n\n\n<p>A m\u00e9s, s&#8217;ha incorporat un grup de 70 agents mediambientals procedents de la Comunitat de Madrid per a col\u00b7laborar en labors de suport a la Gu\u00e0rdia civil en la zona de l\u2019Albufera.<\/p>\n","protected":false},"excerpt":{"rendered":"<div class=\"mh-excerpt\">Les restriccions de mobilitat de vehicles privats en les zones que detalla l&#8217;ordre comen\u00e7aran a les 18,00 hores de hui i es mantindr\u00e0 fins a les 18,00 hores de dem\u00e0. El CECOPI ha acordat difondre <a class=\"mh-excerpt-more\" href=\"https:\/\/www.tucomarca.com\/wordpress\/segunda\/ca\/el-cecopi-acorda-restriccions-de-mobilitat-de-vehicles-privats-davant-limpacte-que-puga-causar-la-nova-dana\/\" title=\"El CECOPI acorda restriccions de mobilitat de vehicles privats davant l&#8217;impacte que puga causar la nova DANA\">[+] <\/a><\/div>\n","protected":false},"author":12,"featured_media":245079,"comment_status":"open","ping_status":"open","sticky":false,"template":"","format":"standard","meta":{"footnotes":""},"categories":[10983,21466,10898,10994,10948,10995,10894,10904,10912,10902,10903,10947,10896,10897,10975],"tags":[11081,11195,11076,10914,21548,11356],"class_list":{"0":"post-245080","1":"post","2":"type-post","3":"status-publish","4":"format-standard","5":"has-post-thumbnail","7":"category-algemesi-ca","8":"category-dana-ca","9":"category-ventana-ca","10":"category-guadassuar-ca","11":"category-infraestructuras-ca","12":"category-lalcudia-ca","13":"category-la-comarca-ca","14":"category-sin-categorizar-ca","15":"category-la-hoya-ca","16":"category-la-ribera-ca","17":"category-medio-ambiente-la-comarca-ca","18":"category-politica","19":"category-seccion-ca","20":"category-sucesos-la-comarca-ca","21":"category-chiva-ca","22":"tag-algemesi-ca","23":"tag-chiva-ca","24":"tag-lalcudia-ca","25":"tag-la-hoya-de-bunol-chiva-ca","26":"tag-restricciones-de-movilidad-por-carretera-ca","27":"tag-ribera-alta-ca"},"_links":{"self":[{"href":"https:\/\/www.tucomarca.com\/wordpress\/segunda\/ca\/wp-json\/wp\/v2\/posts\/245080","targetHints":{"allow":["GET"]}}],"collection":[{"href":"https:\/\/www.tucomarca.com\/wordpress\/segunda\/ca\/wp-json\/wp\/v2\/posts"}],"about":[{"href":"https:\/\/www.tucomarca.com\/wordpress\/segunda\/ca\/wp-json\/wp\/v2\/types\/post"}],"author":[{"embeddable":true,"href":"https:\/\/www.tucomarca.com\/wordpress\/segunda\/ca\/wp-json\/wp\/v2\/users\/12"}],"replies":[{"embeddable":true,"href":"https:\/\/www.tucomarca.com\/wordpress\/segunda\/ca\/wp-json\/wp\/v2\/comments?post=245080"}],"version-history":[{"count":0,"href":"https:\/\/www.tucomarca.com\/wordpress\/segunda\/ca\/wp-json\/wp\/v2\/posts\/245080\/revisions"}],"wp:featuredmedia":[{"embeddable":true,"href":"https:\/\/www.tucomarca.com\/wordpress\/segunda\/ca\/wp-json\/wp\/v2\/media\/245079"}],"wp:attachment":[{"href":"https:\/\/www.tucomarca.com\/wordpress\/segunda\/ca\/wp-json\/wp\/v2\/media?parent=245080"}],"wp:term":[{"taxonomy":"category","embeddable":true,"href":"https:\/\/www.tucomarca.com\/wordpress\/segunda\/ca\/wp-json\/wp\/v2\/categories?post=245080"},{"taxonomy":"post_tag","embeddable":true,"href":"https:\/\/www.tucomarca.com\/wordpress\/segunda\/ca\/wp-json\/wp\/v2\/tags?post=245080"}],"curies":[{"name":"wp","href":"https:\/\/api.w.org\/{rel}","templated":true}]}}