{"id":245481,"date":"2024-11-18T12:00:00","date_gmt":"2024-11-18T10:00:00","guid":{"rendered":"https:\/\/www.tucomarca.com\/wordpress\/segunda\/?p=245481"},"modified":"2024-11-18T15:31:05","modified_gmt":"2024-11-18T13:31:05","slug":"video-lume-inicia-la-construccio-del-pont-provisional-en-la-cv-425-entre-alboraig-i-bunyol","status":"publish","type":"post","link":"https:\/\/www.tucomarca.com\/wordpress\/segunda\/ca\/video-lume-inicia-la-construccio-del-pont-provisional-en-la-cv-425-entre-alboraig-i-bunyol\/","title":{"rendered":"V\u00eddeo: l&#8217;UME inicia la instal.laci\u00f3 del pont militar provisional en la CV-425 entre Alboraig i Bunyol"},"content":{"rendered":"\n<figure class=\"wp-block-embed is-type-video is-provider-youtube wp-block-embed-youtube wp-embed-aspect-16-9 wp-has-aspect-ratio\"><div class=\"wp-block-embed__wrapper\">\n<iframe loading=\"lazy\" title=\"V\u00eddeo: la UME inicia la instalaci\u00f3n del puente provisional en la CV-425 entre Alborache y Bu\u00f1ol\" width=\"500\" height=\"281\" src=\"https:\/\/www.youtube.com\/embed\/j6QJxSwIDu8?feature=oembed\" frameborder=\"0\" allow=\"accelerometer; autoplay; clipboard-write; encrypted-media; gyroscope; picture-in-picture; web-share\" referrerpolicy=\"strict-origin-when-cross-origin\" allowfullscreen><\/iframe>\n<\/div><\/figure>\n\n\n\n<p>La Unitat Militar d&#8217;Emerg\u00e8ncies (UME) ha comen\u00e7at aquest dilluns la instal.laci\u00f3 del pont provisional en la CV-425, que connecta els municipis d&#8217;Alboraig i Bunyol, que actualment es troba tallada en el pont que travessa el riu Bunyol poc abans del paratge de la cova Turche, despr\u00e9s dels greus danys patits per les infraestructures a causa de la recent DANA.<\/p>\n\n\n\n<p>Aquest pont \u00e9s crucial per a restablir el tr\u00e0nsit en una via fonamental per als ve\u00efns i ve\u00efnes de la zona, facilitant la comunicaci\u00f3 i el transport, que es van veure seriosament afectats per les inundacions i despreniments.<\/p>\n\n\n\n<p>S&#8217;instal\u00b7laran ponts del model Mabey, una estructura de panells d&#8217;acer, predissenyada per a una instal\u00b7laci\u00f3 \u00e0gil. Els seus elements s\u00f3n estandarditzats, intercanviables i reubicables, oferint una soluci\u00f3 robusta i vers\u00e0til, adequada tant per a usos temporals, com \u00e9s aquest cas, com a permanents.<\/p>\n","protected":false},"excerpt":{"rendered":"<div class=\"mh-excerpt\">La Unitat Militar d&#8217;Emerg\u00e8ncies (UME) ha comen\u00e7at aquest dilluns la instal.laci\u00f3 del pont provisional en la CV-425, que connecta els municipis d&#8217;Alboraig i Bunyol, que actualment es troba tallada en el pont que travessa el <a class=\"mh-excerpt-more\" href=\"https:\/\/www.tucomarca.com\/wordpress\/segunda\/ca\/video-lume-inicia-la-construccio-del-pont-provisional-en-la-cv-425-entre-alboraig-i-bunyol\/\" title=\"V\u00eddeo: l&#8217;UME inicia la instal.laci\u00f3 del pont militar provisional en la CV-425 entre Alboraig i Bunyol\">[+] <\/a><\/div>\n","protected":false},"author":12,"featured_media":245485,"comment_status":"open","ping_status":"open","sticky":false,"template":"","format":"video","meta":{"footnotes":""},"categories":[10973,10911,21466,10976,10898,10977,10980,10948,10894,10904,10912,10978,10903,10947,10896,10897,11062],"tags":[11224,10913,13667,15409,10914,21526,12017],"class_list":{"0":"post-245481","1":"post","2":"type-post","3":"status-publish","4":"format-video","5":"has-post-thumbnail","7":"category-alborache-ca","8":"category-bunol-ca","9":"category-dana-ca","10":"category-dos-aguas-ca","11":"category-ventana-ca","12":"category-godelleta-ca","13":"category-yatova-ca","14":"category-infraestructuras-ca","15":"category-la-comarca-ca","16":"category-sin-categorizar-ca","17":"category-la-hoya-ca","18":"category-macastre-ca","19":"category-medio-ambiente-la-comarca-ca","20":"category-politica","21":"category-seccion-ca","22":"category-sucesos-la-comarca-ca","23":"category-videos","24":"tag-alborache-ca","25":"tag-bunol-ca","26":"tag-cv-425-ca","27":"tag-dana-2-ca","28":"tag-la-hoya-de-bunol-chiva-ca","29":"tag-puente-ca","30":"tag-ume-ca","31":"post_format-post-format-video"},"_links":{"self":[{"href":"https:\/\/www.tucomarca.com\/wordpress\/segunda\/ca\/wp-json\/wp\/v2\/posts\/245481","targetHints":{"allow":["GET"]}}],"collection":[{"href":"https:\/\/www.tucomarca.com\/wordpress\/segunda\/ca\/wp-json\/wp\/v2\/posts"}],"about":[{"href":"https:\/\/www.tucomarca.com\/wordpress\/segunda\/ca\/wp-json\/wp\/v2\/types\/post"}],"author":[{"embeddable":true,"href":"https:\/\/www.tucomarca.com\/wordpress\/segunda\/ca\/wp-json\/wp\/v2\/users\/12"}],"replies":[{"embeddable":true,"href":"https:\/\/www.tucomarca.com\/wordpress\/segunda\/ca\/wp-json\/wp\/v2\/comments?post=245481"}],"version-history":[{"count":0,"href":"https:\/\/www.tucomarca.com\/wordpress\/segunda\/ca\/wp-json\/wp\/v2\/posts\/245481\/revisions"}],"wp:featuredmedia":[{"embeddable":true,"href":"https:\/\/www.tucomarca.com\/wordpress\/segunda\/ca\/wp-json\/wp\/v2\/media\/245485"}],"wp:attachment":[{"href":"https:\/\/www.tucomarca.com\/wordpress\/segunda\/ca\/wp-json\/wp\/v2\/media?parent=245481"}],"wp:term":[{"taxonomy":"category","embeddable":true,"href":"https:\/\/www.tucomarca.com\/wordpress\/segunda\/ca\/wp-json\/wp\/v2\/categories?post=245481"},{"taxonomy":"post_tag","embeddable":true,"href":"https:\/\/www.tucomarca.com\/wordpress\/segunda\/ca\/wp-json\/wp\/v2\/tags?post=245481"}],"curies":[{"name":"wp","href":"https:\/\/api.w.org\/{rel}","templated":true}]}}