{"id":245504,"date":"2024-11-18T08:35:00","date_gmt":"2024-11-18T06:35:00","guid":{"rendered":"https:\/\/www.tucomarca.com\/wordpress\/segunda\/?p=245504"},"modified":"2024-11-18T20:10:38","modified_gmt":"2024-11-18T18:10:38","slug":"la-diputacio-establix-25-intervencions-prioritaries-sobre-les-estructures-dels-camins-municipals-dutiel-requena-la-foia-de-bunyol-xiva-la-serrania-i-el-camp-de-turia","status":"publish","type":"post","link":"https:\/\/www.tucomarca.com\/wordpress\/segunda\/ca\/la-diputacio-establix-25-intervencions-prioritaries-sobre-les-estructures-dels-camins-municipals-dutiel-requena-la-foia-de-bunyol-xiva-la-serrania-i-el-camp-de-turia\/","title":{"rendered":"La Diputaci\u00f3 establix 25 intervencions priorit\u00e0ries sobre les estructures dels camins municipals d&#8217;Utiel-Requena, la Foia de Bunyol-Xiva, la Serran\u00eda i el Camp de T\u00faria \u00a0"},"content":{"rendered":"\n<h3 class=\"wp-block-heading\">L&#8217;\u00e0rea de Carreteres de la Diputaci\u00f3 de Val\u00e8ncia que dirigix Reme Mazzolari remet al Ministeri de Transports un informe que analitza danys, proposa solucions i valora econ\u00f2micament les actuacions sobre les estructures vi\u00e0ries municipals de major entitat: ponts, pontons i passarel\u00b7les urbanes.<\/h3>\n\n\n\n<h3 class=\"wp-block-heading\">Les intervencions m\u00e9s urgents sobre les quatre comarques analitzades per la instituci\u00f3 provincial, en el marc del grup de treball amb el Ministeri de Foment i la Generalitat, requeriran una inversi\u00f3 p\u00fablica superior als 9,4 milions d&#8217;euros.<\/h3>\n\n\n\n<p>L&#8217;\u00e0rea de Carreteres de la Diputaci\u00f3 de Val\u00e8ncia ha analitzat les 25 intervencions que considera priorit\u00e0ries sobre estructures vi\u00e0ries municipals de major entitat -ponts, pontons i passarel\u00b7les urbanes- a les comarques d&#8217;Utiel-Requena, la Foia de Bunyol-Xiva, la Serran\u00eda i el Camp de T\u00faria, tal com es va establir en el grup de treball conformat per la pr\u00f2pia instituci\u00f3 provincial, la Generalitat Valenciana i el Ministeri de Transports i Mobilitat Sostenible.<\/p>\n\n\n\n<figure class=\"wp-block-gallery has-nested-images columns-default is-cropped wp-block-gallery-1 is-layout-flex wp-block-gallery-is-layout-flex\">\n<figure class=\"wp-block-image size-large\"><img loading=\"lazy\" decoding=\"async\" width=\"1024\" height=\"576\" data-id=\"245498\" src=\"https:\/\/www.tucomarca.com\/wordpress\/segunda\/wp-content\/uploads\/2024\/11\/DANAPedralbaPuente-1024x576.jpg\" alt=\"\" class=\"wp-image-245498\" srcset=\"https:\/\/www.tucomarca.com\/wordpress\/segunda\/wp-content\/uploads\/2024\/11\/DANAPedralbaPuente-1024x576.jpg 1024w, https:\/\/www.tucomarca.com\/wordpress\/segunda\/wp-content\/uploads\/2024\/11\/DANAPedralbaPuente-300x169.jpg 300w, https:\/\/www.tucomarca.com\/wordpress\/segunda\/wp-content\/uploads\/2024\/11\/DANAPedralbaPuente-768x432.jpg 768w, https:\/\/www.tucomarca.com\/wordpress\/segunda\/wp-content\/uploads\/2024\/11\/DANAPedralbaPuente-678x381.jpg 678w, https:\/\/www.tucomarca.com\/wordpress\/segunda\/wp-content\/uploads\/2024\/11\/DANAPedralbaPuente.jpg 1181w\" sizes=\"auto, (max-width: 1024px) 100vw, 1024px\" \/><figcaption class=\"wp-element-caption\">Pedralba<\/figcaption><\/figure>\n\n\n\n<figure class=\"wp-block-image size-large\"><img loading=\"lazy\" decoding=\"async\" width=\"1024\" height=\"767\" data-id=\"245500\" src=\"https:\/\/www.tucomarca.com\/wordpress\/segunda\/wp-content\/uploads\/2024\/11\/DANASotCheraPuente-1024x767.jpg\" alt=\"\" class=\"wp-image-245500\" srcset=\"https:\/\/www.tucomarca.com\/wordpress\/segunda\/wp-content\/uploads\/2024\/11\/DANASotCheraPuente-1024x767.jpg 1024w, https:\/\/www.tucomarca.com\/wordpress\/segunda\/wp-content\/uploads\/2024\/11\/DANASotCheraPuente-300x225.jpg 300w, https:\/\/www.tucomarca.com\/wordpress\/segunda\/wp-content\/uploads\/2024\/11\/DANASotCheraPuente-768x576.jpg 768w, https:\/\/www.tucomarca.com\/wordpress\/segunda\/wp-content\/uploads\/2024\/11\/DANASotCheraPuente-678x509.jpg 678w, https:\/\/www.tucomarca.com\/wordpress\/segunda\/wp-content\/uploads\/2024\/11\/DANASotCheraPuente-326x245.jpg 326w, https:\/\/www.tucomarca.com\/wordpress\/segunda\/wp-content\/uploads\/2024\/11\/DANASotCheraPuente-80x60.jpg 80w, https:\/\/www.tucomarca.com\/wordpress\/segunda\/wp-content\/uploads\/2024\/11\/DANASotCheraPuente.jpg 1181w\" sizes=\"auto, (max-width: 1024px) 100vw, 1024px\" \/><figcaption class=\"wp-element-caption\">Sot de Chera<\/figcaption><\/figure>\n<\/figure>\n\n\n\n<p>La diputada de Carreteres, Reme Mazzolari, ha assenyalat que \u201ctal com ens vam comprometre amb el mateix ministre, s&#8217;ha entregat en temps i forma un detallat informe amb l&#8217;an\u00e0lisi de danys, proposta de mesures correctores i valoraci\u00f3 econ\u00f2mica de les actuacions que es consideren de m\u00e0xima urg\u00e8ncia sobre les estructures vi\u00e0ries municipals de major entitat\u201d.<\/p>\n\n\n\n<p>Aix\u00ed mateix, la tamb\u00e9 vicepresidenta segona de la Diputaci\u00f3 de Val\u00e8ncia ha avan\u00e7at que \u201cen 48 hores, este document que avan\u00e7a les obres m\u00e9s rellevants, es veur\u00e0 complementat amb un altre informe que inclour\u00e0 la totalitat d&#8217;intervencions en les quatre comarques que ens van ser assignades en el grup de treball liderat pel Ministeri\u201d.<\/p>\n\n\n\n<p>Mazzolari ha volgut destacar \u201cl&#8217;ingent treball que s&#8217;est\u00e0 duent a terme des del minut zero des de la Diputaci\u00f3, el qual ha perm\u00e9s que siguem la primera administraci\u00f3 p\u00fablica a comen\u00e7ar els treballs de reconstrucci\u00f3, gr\u00e0cies als dos decrets firmats pel president Vicent Momp\u00f3 per a adjudicar contractes per procediment d&#8217;emerg\u00e8ncia\u201d.<\/p>\n\n\n\n<p><strong>Inspeccions in situ<\/strong><\/p>\n\n\n\n<p>Este document t\u00e8cnic \u00e9s el resultat de les inspeccions t\u00e8cniques dutes a terme en el propi terreny sobre les diferents infraestructures vi\u00e0ries municipals essencials determinades per cada ajuntament, amb el suport de mitjans auxiliars com s\u00f3n els drons per a aquells empla\u00e7aments amb dificultat d&#8217;acc\u00e9s complet.&nbsp;<\/p>\n\n\n\n<p>Per a aix\u00f2, es van establir diferents grups de treball compostos enginyers tant de la Diputaci\u00f3 com de la Universitat Polit\u00e8cnica de Val\u00e8ncia i de consultores valencianes, amb el suport de l&#8217;ex\u00e8rcit per a valorar la viabilitat de possibles solucions provisionals, com a ponts i passarel\u00b7les.<\/p>\n\n\n\n<p>Per a cada municipi, i a partir d&#8217;estes inspeccions, s&#8217;han elaborat fitxes individualitzades per cada actuaci\u00f3, les quals inclouen la localitzaci\u00f3 de l&#8217;element, amb una breu descripci\u00f3, identificaci\u00f3 dels danys, i una proposta t\u00e9cnica i econ\u00f2mica de la soluci\u00f3n definitiva.&nbsp;<\/p>\n\n\n\n<p>Les actuacions s&#8217;han classificat en dos nivells de prioritat: la primera est\u00e0 composta per les estructures d&#8217;acc\u00e9s a nuclis de poblaci\u00f3 urbanitzats, servicis p\u00fablics b\u00e0sics, accessos alternatius a una via principal, i actuacions d&#8217;especial complexitat t\u00e8cnica, com a ponts, passarel\u00b7les, murs o estabilitat de talussos.<\/p>\n\n\n\n<p>La prioritat 2 la componen els accessos a vivendes disseminades camins agr\u00edcoles en els quals s&#8217;ha actuat de manera provisional o per als quals es disposa d&#8217;itineraris alternatius.<\/p>\n","protected":false},"excerpt":{"rendered":"<div class=\"mh-excerpt\">L&#8217;\u00e0rea de Carreteres de la Diputaci\u00f3 de Val\u00e8ncia que dirigix Reme Mazzolari remet al Ministeri de Transports un informe que analitza danys, proposa solucions i valora econ\u00f2micament les actuacions sobre les estructures vi\u00e0ries municipals de <a class=\"mh-excerpt-more\" href=\"https:\/\/www.tucomarca.com\/wordpress\/segunda\/ca\/la-diputacio-establix-25-intervencions-prioritaries-sobre-les-estructures-dels-camins-municipals-dutiel-requena-la-foia-de-bunyol-xiva-la-serrania-i-el-camp-de-turia\/\" title=\"La Diputaci\u00f3 establix 25 intervencions priorit\u00e0ries sobre les estructures dels camins municipals d&#8217;Utiel-Requena, la Foia de Bunyol-Xiva, la Serran\u00eda i el Camp de T\u00faria \u00a0\">[+] <\/a><\/div>\n","protected":false},"author":12,"featured_media":245497,"comment_status":"open","ping_status":"open","sticky":false,"template":"","format":"gallery","meta":{"footnotes":""},"categories":[10905,10892,21466,11046,10898,10948,10894,10904,10912,10903,10947,10909,10906,10896,11026,10897,11059,10974],"tags":[10899,15409,11246,10914,11080,11459],"class_list":{"0":"post-245504","1":"post","2":"type-post","3":"status-publish","4":"format-gallery","5":"has-post-thumbnail","7":"category-agricultura-la-comarca-ca","8":"category-camp-de-turia-ca","9":"category-dana-ca","10":"category-los-serranos-ca","11":"category-ventana-ca","12":"category-infraestructuras-ca","13":"category-la-comarca-ca","14":"category-sin-categorizar-ca","15":"category-la-hoya-ca","16":"category-medio-ambiente-la-comarca-ca","17":"category-politica","18":"category-requena-utiel-ca","19":"category-riba-roja-ca","20":"category-seccion-ca","21":"category-sot-de-chera-ca","22":"category-sucesos-la-comarca-ca","23":"category-utiel-ca","24":"category-cheste-ca","25":"tag-camp-de-turia-ca","26":"tag-dana-2-ca","27":"tag-diputacio-de-valencia-ca","28":"tag-la-hoya-de-bunol-chiva-ca","29":"tag-los-serranos-ca","30":"tag-utiel-requena-ca","31":"post_format-post-format-gallery"},"_links":{"self":[{"href":"https:\/\/www.tucomarca.com\/wordpress\/segunda\/ca\/wp-json\/wp\/v2\/posts\/245504","targetHints":{"allow":["GET"]}}],"collection":[{"href":"https:\/\/www.tucomarca.com\/wordpress\/segunda\/ca\/wp-json\/wp\/v2\/posts"}],"about":[{"href":"https:\/\/www.tucomarca.com\/wordpress\/segunda\/ca\/wp-json\/wp\/v2\/types\/post"}],"author":[{"embeddable":true,"href":"https:\/\/www.tucomarca.com\/wordpress\/segunda\/ca\/wp-json\/wp\/v2\/users\/12"}],"replies":[{"embeddable":true,"href":"https:\/\/www.tucomarca.com\/wordpress\/segunda\/ca\/wp-json\/wp\/v2\/comments?post=245504"}],"version-history":[{"count":0,"href":"https:\/\/www.tucomarca.com\/wordpress\/segunda\/ca\/wp-json\/wp\/v2\/posts\/245504\/revisions"}],"wp:featuredmedia":[{"embeddable":true,"href":"https:\/\/www.tucomarca.com\/wordpress\/segunda\/ca\/wp-json\/wp\/v2\/media\/245497"}],"wp:attachment":[{"href":"https:\/\/www.tucomarca.com\/wordpress\/segunda\/ca\/wp-json\/wp\/v2\/media?parent=245504"}],"wp:term":[{"taxonomy":"category","embeddable":true,"href":"https:\/\/www.tucomarca.com\/wordpress\/segunda\/ca\/wp-json\/wp\/v2\/categories?post=245504"},{"taxonomy":"post_tag","embeddable":true,"href":"https:\/\/www.tucomarca.com\/wordpress\/segunda\/ca\/wp-json\/wp\/v2\/tags?post=245504"}],"curies":[{"name":"wp","href":"https:\/\/api.w.org\/{rel}","templated":true}]}}