{"id":245546,"date":"2024-11-19T12:00:00","date_gmt":"2024-11-19T10:00:00","guid":{"rendered":"https:\/\/www.tucomarca.com\/wordpress\/segunda\/?p=245546"},"modified":"2024-11-19T08:55:27","modified_gmt":"2024-11-19T06:55:27","slug":"los-reyes-visitan-este-martes-chiva-entre-otras-localidades-afectadas-por-la-riada-y-la-dana","status":"publish","type":"post","link":"https:\/\/www.tucomarca.com\/wordpress\/segunda\/ca\/los-reyes-visitan-este-martes-chiva-entre-otras-localidades-afectadas-por-la-riada-y-la-dana\/","title":{"rendered":"Els Reis visiten aquest dimarts Xiva i Utiel, localitats afectades per la riuada i la DANA"},"content":{"rendered":"\n<p>Ses Majestats Felipe i Leticia han anunciat que aquest dimarts tenen previst visitar les localitats afectades per la desastrosa DANA del passat mes, entre les quals es troben Xiva i Utiel, on est\u00e0 previst que rec\u00f3rreguen els seus carrers durant el mat\u00ed.<\/p>\n\n\n\n<p>Ses Majestats reprendran una visita que va haver de ser cancel\u00b7lada el passat 3 de novembre despr\u00e9s dels altercats i el llan\u00e7ament de fang a Pedro S\u00e1nchez, Carlos Maz\u00f3n i els Reis a Paiporta.<\/p>\n\n\n\n<p>El president de la Generalitat Valenciana, Carlos Maz\u00f3n, ha anunciat que estar\u00e0 al costat de Felip VI en la seua visita a Xiva, qui realitzar\u00e0 aix\u00ed el seu tercer viatge a Val\u00e8ncia des de la cat\u00e0strofe provocada per la DANA.<\/p>\n\n\n\n<p>Les xifres que deixa la cat\u00e0strofe, en data de hui, s\u00f3n de 219 morts a la Comunitat Valenciana a m\u00e9s de 13 persones que segueixen desaparegudes.<\/p>\n\n\n\n<p><\/p>\n","protected":false},"excerpt":{"rendered":"<div class=\"mh-excerpt\">Ses Majestats Felipe i Leticia han anunciat que aquest dimarts tenen previst visitar les localitats afectades per la desastrosa DANA del passat mes, entre les quals es troben Xiva i Utiel, on est\u00e0 previst que <a class=\"mh-excerpt-more\" href=\"https:\/\/www.tucomarca.com\/wordpress\/segunda\/ca\/los-reyes-visitan-este-martes-chiva-entre-otras-localidades-afectadas-por-la-riada-y-la-dana\/\" title=\"Els Reis visiten aquest dimarts Xiva i Utiel, localitats afectades per la riuada i la DANA\">[+] <\/a><\/div>\n","protected":false},"author":1,"featured_media":243480,"comment_status":"open","ping_status":"open","sticky":false,"template":"","format":"standard","meta":{"footnotes":""},"categories":[21466,10898,10948,10894,10904,10912,10947,10896,10897,10975],"tags":[11195,15409,10914,21470],"class_list":{"0":"post-245546","1":"post","2":"type-post","3":"status-publish","4":"format-standard","5":"has-post-thumbnail","7":"category-dana-ca","8":"category-ventana-ca","9":"category-infraestructuras-ca","10":"category-la-comarca-ca","11":"category-sin-categorizar-ca","12":"category-la-hoya-ca","13":"category-politica","14":"category-seccion-ca","15":"category-sucesos-la-comarca-ca","16":"category-chiva-ca","17":"tag-chiva-ca","18":"tag-dana-2-ca","19":"tag-la-hoya-de-bunol-chiva-ca","20":"tag-reyes-ca"},"_links":{"self":[{"href":"https:\/\/www.tucomarca.com\/wordpress\/segunda\/ca\/wp-json\/wp\/v2\/posts\/245546","targetHints":{"allow":["GET"]}}],"collection":[{"href":"https:\/\/www.tucomarca.com\/wordpress\/segunda\/ca\/wp-json\/wp\/v2\/posts"}],"about":[{"href":"https:\/\/www.tucomarca.com\/wordpress\/segunda\/ca\/wp-json\/wp\/v2\/types\/post"}],"author":[{"embeddable":true,"href":"https:\/\/www.tucomarca.com\/wordpress\/segunda\/ca\/wp-json\/wp\/v2\/users\/1"}],"replies":[{"embeddable":true,"href":"https:\/\/www.tucomarca.com\/wordpress\/segunda\/ca\/wp-json\/wp\/v2\/comments?post=245546"}],"version-history":[{"count":0,"href":"https:\/\/www.tucomarca.com\/wordpress\/segunda\/ca\/wp-json\/wp\/v2\/posts\/245546\/revisions"}],"wp:featuredmedia":[{"embeddable":true,"href":"https:\/\/www.tucomarca.com\/wordpress\/segunda\/ca\/wp-json\/wp\/v2\/media\/243480"}],"wp:attachment":[{"href":"https:\/\/www.tucomarca.com\/wordpress\/segunda\/ca\/wp-json\/wp\/v2\/media?parent=245546"}],"wp:term":[{"taxonomy":"category","embeddable":true,"href":"https:\/\/www.tucomarca.com\/wordpress\/segunda\/ca\/wp-json\/wp\/v2\/categories?post=245546"},{"taxonomy":"post_tag","embeddable":true,"href":"https:\/\/www.tucomarca.com\/wordpress\/segunda\/ca\/wp-json\/wp\/v2\/tags?post=245546"}],"curies":[{"name":"wp","href":"https:\/\/api.w.org\/{rel}","templated":true}]}}