{"id":245709,"date":"2024-11-19T12:15:00","date_gmt":"2024-11-19T10:15:00","guid":{"rendered":"https:\/\/www.tucomarca.com\/wordpress\/segunda\/?p=245709"},"modified":"2024-11-19T21:42:38","modified_gmt":"2024-11-19T19:42:38","slug":"la-diputacio-promou-comissions-de-servicis-solidaries-perque-els-funcionaris-ajuden-a-reconstruir-els-municipis-afectats-per-la-dana","status":"publish","type":"post","link":"https:\/\/www.tucomarca.com\/wordpress\/segunda\/ca\/la-diputacio-promou-comissions-de-servicis-solidaries-perque-els-funcionaris-ajuden-a-reconstruir-els-municipis-afectats-per-la-dana\/","title":{"rendered":"La Diputaci\u00f3 promou comissions de servicis solid\u00e0ries perqu\u00e8 els funcionaris ajuden a reconstruir els municipis afectats per la DANA"},"content":{"rendered":"\n<h3 class=\"wp-block-heading\"><strong><strong>La corporaci\u00f3 provincial fa d&#8217;intermedi\u00e0ria per a facilitar als consistoris que puguen autoritzar el seu personal a prestar servicis en els municipis devastats.\u00a0<\/strong><\/strong><\/h3>\n\n\n\n<h3 class=\"wp-block-heading\"><strong><strong>Este programa tindr\u00e0 una duraci\u00f3 d&#8217;un any, es pot prorrogar altre i no suposa cap cost addicional per als pressupostos municipals<\/strong><\/strong>.<\/h3>\n\n\n\n<p>La Diputaci\u00f3 de Val\u00e8ncia continua prenent mesures des de totes les seues \u00e0rees per a contribuir a la reconstrucci\u00f3 dels municipis afectats per la riuada. A part de l&#8217;ajuda directa, especialment en mat\u00e8ria de carreteres i aigua, una altra de les tasques fonamentals \u00e9s aconseguir que la solidaritat flu\u00efsca. En este cas, es tracta de facilitar l&#8217;ajuda entre municipis i que els funcionaris municipals que ho desitgen puguen treballar volunt\u00e0riament als ajuntaments afectats per la DANA. La corporaci\u00f3 provincial fa d&#8217;intermedi\u00e0ria, perqu\u00e8 coordina i centralitza l&#8217;assignaci\u00f3 de personal voluntari als ajuntaments destinataris. La Diputaci\u00f3 ja coneix les necessitats dels municipis perjudicats i les anir\u00e0 cobrint amb les ofertes de voluntariat que vagen arribant.<\/p>\n\n\n\n<p>A part d&#8217;esta intermediaci\u00f3, ja s&#8217;ha enviat als ajuntaments un protocol marc, on s&#8217;inclouen els preceptes legals als quals s&#8217;acull el consistori, perqu\u00e8 si vol autoritzar el seu personal funcionari de carrera i personal laboral fix a la prestaci\u00f3 volunt\u00e0ria de servicis en els municipis afectats no haja de preocupar-se per la burocr\u00e0cia. D&#8217;esta manera, es facilita la tramitaci\u00f3 als municipis solidaris i s&#8217;agilitza l&#8217;arribada de personal a les localitats perjudicades per la riuada.&nbsp;<\/p>\n\n\n\n<p>Els perfils professionals susceptibles d&#8217;estes comissions de servicis solid\u00e0ries s\u00f3n treballadors i educadors socials, psic\u00f2legs; personal d&#8217;oficis de les brigades d&#8217;obres i servicis com a obrers, electricistes, fontaners, fusters, etc; enginyers, arquitectes i arquitectes t\u00e8cnics; personal administratiu i auxiliars administratius de l&#8217;escala d&#8217;Administraci\u00f3 General; personal relacionat amb les tecnologies de la informaci\u00f3 i les comunicacions; i personal t\u00e8cnic. Esta relaci\u00f3 es podr\u00e0 ampliar si fora necessari.&nbsp;<\/p>\n\n\n\n<p>A m\u00e9s, s&#8217;establix que la duraci\u00f3 d&#8217;este programa \u00e9s d&#8217;un any, es pot prorrogar altre i no suposa cap cost addicional per als pressupostos municipals. Durant este temps la prestaci\u00f3 del servici pot ser permanent, puntual, peri\u00f2dica o de qualsevol altra que es determine.&nbsp;<\/p>\n\n\n\n<p>El protocol ha sigut redactat per l&#8217;\u00e0rea d&#8217;Assist\u00e8ncia T\u00e8cnica a Municipis, que dirigix la diputada Paz Carceller, i per COSITAL Val\u00e8ncia (Col\u00b7legi de Secretaris, Interventors i Tresorers de l&#8217;Administraci\u00f3 Local). Per a Carceller, \u201c\u00e9s una manera de canalitzar una ajuda que sabem que es vol prestar\u201d. \u201cLa Diputaci\u00f3 tracta d&#8217;agilitzar els tr\u00e0mits perqu\u00e8 eixa solidaritat entre administracions i la col\u00b7laboraci\u00f3 entre funcionaris arribe com m\u00e9s prompte millor als municipis que ja ens han traslladat les seues necessitats de personal\u201d, esgrimix.<\/p>\n\n\n\n<p>Per part seua, el president de la Diputaci\u00f3 de Val\u00e8ncia, Vicent Momp\u00f3, ressalta \u201cla necessitat d&#8217;estar al costat dels municipis\u201d. En este sentit, explica, \u201cajudar a ajudar \u00e9s tamb\u00e9 compet\u00e8ncia de la Diputaci\u00f3, en este cas fem possible que els professionals i els ajuntaments no afectats per la riuada que vulguen acostar el muscle puguen fer-lo d&#8217;una manera senzilla, reduint la burocr\u00e0cia i amb totes les garanties\u201d.<\/p>\n","protected":false},"excerpt":{"rendered":"<div class=\"mh-excerpt\">La corporaci\u00f3 provincial fa d&#8217;intermedi\u00e0ria per a facilitar als consistoris que puguen autoritzar el seu personal a prestar servicis en els municipis devastats.\u00a0 Este programa tindr\u00e0 una duraci\u00f3 d&#8217;un any, es pot prorrogar altre i <a class=\"mh-excerpt-more\" href=\"https:\/\/www.tucomarca.com\/wordpress\/segunda\/ca\/la-diputacio-promou-comissions-de-servicis-solidaries-perque-els-funcionaris-ajuden-a-reconstruir-els-municipis-afectats-per-la-dana\/\" title=\"La Diputaci\u00f3 promou comissions de servicis solid\u00e0ries perqu\u00e8 els funcionaris ajuden a reconstruir els municipis afectats per la DANA\">[+] <\/a><\/div>\n","protected":false},"author":12,"featured_media":245706,"comment_status":"open","ping_status":"open","sticky":false,"template":"","format":"standard","meta":{"footnotes":""},"categories":[21466,10898,10948,10894,10904,10947,10896],"tags":[15409,12903,11199,21009],"class_list":{"0":"post-245709","1":"post","2":"type-post","3":"status-publish","4":"format-standard","5":"has-post-thumbnail","7":"category-dana-ca","8":"category-ventana-ca","9":"category-infraestructuras-ca","10":"category-la-comarca-ca","11":"category-sin-categorizar-ca","12":"category-politica","13":"category-seccion-ca","14":"tag-dana-2-ca","15":"tag-infraestructuras-ca","16":"tag-la-comunitat-ca","17":"tag-la-diputacio-de-valencia-ca"},"_links":{"self":[{"href":"https:\/\/www.tucomarca.com\/wordpress\/segunda\/ca\/wp-json\/wp\/v2\/posts\/245709","targetHints":{"allow":["GET"]}}],"collection":[{"href":"https:\/\/www.tucomarca.com\/wordpress\/segunda\/ca\/wp-json\/wp\/v2\/posts"}],"about":[{"href":"https:\/\/www.tucomarca.com\/wordpress\/segunda\/ca\/wp-json\/wp\/v2\/types\/post"}],"author":[{"embeddable":true,"href":"https:\/\/www.tucomarca.com\/wordpress\/segunda\/ca\/wp-json\/wp\/v2\/users\/12"}],"replies":[{"embeddable":true,"href":"https:\/\/www.tucomarca.com\/wordpress\/segunda\/ca\/wp-json\/wp\/v2\/comments?post=245709"}],"version-history":[{"count":0,"href":"https:\/\/www.tucomarca.com\/wordpress\/segunda\/ca\/wp-json\/wp\/v2\/posts\/245709\/revisions"}],"wp:featuredmedia":[{"embeddable":true,"href":"https:\/\/www.tucomarca.com\/wordpress\/segunda\/ca\/wp-json\/wp\/v2\/media\/245706"}],"wp:attachment":[{"href":"https:\/\/www.tucomarca.com\/wordpress\/segunda\/ca\/wp-json\/wp\/v2\/media?parent=245709"}],"wp:term":[{"taxonomy":"category","embeddable":true,"href":"https:\/\/www.tucomarca.com\/wordpress\/segunda\/ca\/wp-json\/wp\/v2\/categories?post=245709"},{"taxonomy":"post_tag","embeddable":true,"href":"https:\/\/www.tucomarca.com\/wordpress\/segunda\/ca\/wp-json\/wp\/v2\/tags?post=245709"}],"curies":[{"name":"wp","href":"https:\/\/api.w.org\/{rel}","templated":true}]}}