{"id":245721,"date":"2024-11-19T16:00:00","date_gmt":"2024-11-19T14:00:00","guid":{"rendered":"https:\/\/www.tucomarca.com\/wordpress\/segunda\/?p=245721"},"modified":"2024-11-20T10:44:43","modified_gmt":"2024-11-20T08:44:43","slug":"els-reis-despanya-mostren-el-seu-suport-als-utielanos-damnificats-per-la-dana","status":"publish","type":"post","link":"https:\/\/www.tucomarca.com\/wordpress\/segunda\/ca\/els-reis-despanya-mostren-el-seu-suport-als-utielanos-damnificats-per-la-dana\/","title":{"rendered":"Els Reis d&#8217;Espanya mostren el seu suport als utielanos damnificats per la DANA"},"content":{"rendered":"\n<h3 class=\"wp-block-heading\">Don Felipe i Donya Letizia han recorregut aquest mat\u00ed les principals zones afectades per les inundacions i han conegut testimoniatges directes dels damnificats als quals han mostrat el seu suport i comprensi\u00f3.<\/h3>\n\n\n\n<h3 class=\"wp-block-heading\">Els Reis Han reconegut la labor de forces i cossos de seguretat, personal d&#8217;emerg\u00e8ncies, aix\u00ed com voluntaris implicats en rescats i tasques de reconstrucci\u00f3 i neteja<\/h3>\n\n\n\n<h3 class=\"wp-block-heading\">Ses Majestats han insistit en la necess\u00e0ria col\u00b7laboraci\u00f3 entre administracions i el suport de totes les institucions i mitjans perqu\u00e8 no s&#8217;oblide als afectats.<\/h3>\n\n\n<div class=\"wp-block-image\">\n<figure class=\"alignleft size-full is-resized\"><img loading=\"lazy\" decoding=\"async\" width=\"567\" height=\"378\" src=\"http:\/\/www.tucomarca.com\/wordpress\/segunda\/wp-content\/uploads\/2024\/11\/DanaReyesUtiel01.jpg\" alt=\"\" class=\"wp-image-245715\" style=\"width:490px;height:auto\" srcset=\"https:\/\/www.tucomarca.com\/wordpress\/segunda\/wp-content\/uploads\/2024\/11\/DanaReyesUtiel01.jpg 567w, https:\/\/www.tucomarca.com\/wordpress\/segunda\/wp-content\/uploads\/2024\/11\/DanaReyesUtiel01-300x200.jpg 300w\" sizes=\"auto, (max-width: 567px) 100vw, 567px\" \/><\/figure>\n<\/div>\n\n\n<p>Ses Majestats els Reis d&#8217;Espanya visitaven aquest mat\u00ed Utiel per a mostrar el seu suport als damnificats per les inundacions causades per la DANA el passat 29 d&#8217;octubre.<\/p>\n\n\n\n<p>Don Felip VI i Donya Letizia han sigut rebuts per centenars de ve\u00efns amb gran expectaci\u00f3 i una calorosa benvinguda entre aplaudiments i v\u00edtores en la pla\u00e7a de l&#8217;Ajuntament d&#8217;Utiel<\/p>\n\n\n\n<p>Ses Majestats han estat acompanyats per l&#8217;alcalde d&#8217;Utiel, Ricardo Gabald\u00f3n, el president de la Generalitat Valenciana, Carlos Maz\u00f3n, el Ministre de Pol\u00edtica Territorial i Mem\u00f2ria Democr\u00e0tica, \u00c1ngel V\u00edctor Torres; i la Delegada del Govern a la Comunitat Valenciana, Pilar Bernab\u00e9.<\/p>\n\n\n\n<p>Tres setmanes despr\u00e9s de la cat\u00e0strofe, els Reis han recorregut les principals zones que han patit els desastres de la riuada. Han visitat establiments i habitatges afectats, la Casa Caserna de la Gu\u00e0rdia Civil on s&#8217;ha reconegut la labor de forces i cossos de seguretat, aix\u00ed com personal d&#8217;emerg\u00e8ncies. Tamb\u00e9 s&#8217;han traslladat al llit del riu, l&#8217;avinguda del Riu Magre i han conegut l&#8217;estat ru\u00efn\u00f3s d&#8217;una dels nombrosos habitatges negats en el Barri de la Font . Finalment s&#8217;han traslladat al Passeig de l&#8217;Albereda on&nbsp; han escoltat agricultors , ramaders i voluntaris que van participar en les labors de rescat i neteja aix\u00ed com a&nbsp; professorat i alumnat de l&#8217;edifici&nbsp; de l&#8217;IES&nbsp; Albereda&nbsp; que va ser arrasat&nbsp; per les inundacions i d&#8217;altres centres educatius on s&#8217;han redistribu\u00eft a al voltant de 400 estudiants perqu\u00e8 puguen continuar amb la formaci\u00f3 tant en educaci\u00f3 secund\u00e0ria com del Conservatori Professional de M\u00fasica d&#8217;Utiel.<\/p>\n\n\n\n<p>Ses Majestats els Reis han at\u00e9s els nombrosos mitjans de comunicaci\u00f3 i han insistit en la necess\u00e0ria col\u00b7laboraci\u00f3 entre administracions i el suport de totes les institucions per a ajudar als damnificats en aquest llarg cam\u00ed cap a la recuperaci\u00f3.<\/p>\n\n\n\n<p><em>&nbsp;\u201cDins de l&#8217;alegria de veure la situaci\u00f3 millorada respecte a fa 20 dies, aix\u00ed i tot som molt conscients de la necessitat enorme de recuperaci\u00f3 i de reconstrucci\u00f3, de solucionar la vida particular de moltes persones que han perdut tot o quasi tot i aix\u00f2 \u00e9s el que dia a dia cal treballar tots estar units perqu\u00e8 vagen veient la millora cada dia. Els ve\u00efns han mostrat molta preocupaci\u00f3 per l&#8217;impacte del que fuer la riuada per\u00f2 per a ells \u00e9s important&nbsp; veure que vagen arribant les ajudes i aix\u00f2 no \u00e9s f\u00e0cil i ja que cal complir molts tr\u00e0mits. L&#8217;important \u00e9s que totes les administracions treballen muscle amb muscle perqu\u00e8 arriben eixes ajudes i \u00e9s una cosa que la gent ho agrair\u00e0.&nbsp; Ens han rebut amb molta gratitud i han mostrat molta enteresa davant una desgr\u00e0cia tan terrible i estan demostrant labor ve\u00efnal&nbsp;. Cal seguir amb eixe suport i especial atenci\u00f3 a tots, tamb\u00e9 als a xiquets i totes aquelles persones que necessiten d&#8217;assist\u00e8ncia psicol\u00f2gica. \u00c9s el nostre comprom\u00eds i el de tots, tamb\u00e9 el dels mitjans no oblidar-los\u201d<\/em><\/p>\n\n\n\n<figure class=\"wp-block-gallery has-nested-images columns-1 is-cropped wp-block-gallery-1 is-layout-flex wp-block-gallery-is-layout-flex\">\n<figure class=\"wp-block-image size-large\"><img loading=\"lazy\" decoding=\"async\" width=\"1024\" height=\"718\" data-id=\"245754\" src=\"https:\/\/www.tucomarca.com\/wordpress\/segunda\/wp-content\/uploads\/2024\/11\/DanaReyesUtiel03-1024x718.jpeg\" alt=\"\" class=\"wp-image-245754\" srcset=\"https:\/\/www.tucomarca.com\/wordpress\/segunda\/wp-content\/uploads\/2024\/11\/DanaReyesUtiel03-1024x718.jpeg 1024w, https:\/\/www.tucomarca.com\/wordpress\/segunda\/wp-content\/uploads\/2024\/11\/DanaReyesUtiel03-300x210.jpeg 300w, https:\/\/www.tucomarca.com\/wordpress\/segunda\/wp-content\/uploads\/2024\/11\/DanaReyesUtiel03-768x539.jpeg 768w, https:\/\/www.tucomarca.com\/wordpress\/segunda\/wp-content\/uploads\/2024\/11\/DanaReyesUtiel03-1536x1077.jpeg 1536w, https:\/\/www.tucomarca.com\/wordpress\/segunda\/wp-content\/uploads\/2024\/11\/DanaReyesUtiel03-2048x1436.jpeg 2048w\" sizes=\"auto, (max-width: 1024px) 100vw, 1024px\" \/><\/figure>\n\n\n\n<figure class=\"wp-block-image size-large\"><img loading=\"lazy\" decoding=\"async\" width=\"1024\" height=\"682\" data-id=\"245752\" src=\"https:\/\/www.tucomarca.com\/wordpress\/segunda\/wp-content\/uploads\/2024\/11\/DanaReyesUtiel04-1024x682.jpeg\" alt=\"\" class=\"wp-image-245752\" srcset=\"https:\/\/www.tucomarca.com\/wordpress\/segunda\/wp-content\/uploads\/2024\/11\/DanaReyesUtiel04-1024x682.jpeg 1024w, https:\/\/www.tucomarca.com\/wordpress\/segunda\/wp-content\/uploads\/2024\/11\/DanaReyesUtiel04-300x200.jpeg 300w, https:\/\/www.tucomarca.com\/wordpress\/segunda\/wp-content\/uploads\/2024\/11\/DanaReyesUtiel04-768x511.jpeg 768w, https:\/\/www.tucomarca.com\/wordpress\/segunda\/wp-content\/uploads\/2024\/11\/DanaReyesUtiel04-1536x1023.jpeg 1536w, https:\/\/www.tucomarca.com\/wordpress\/segunda\/wp-content\/uploads\/2024\/11\/DanaReyesUtiel04-2048x1364.jpeg 2048w\" sizes=\"auto, (max-width: 1024px) 100vw, 1024px\" \/><\/figure>\n\n\n\n<figure class=\"wp-block-image size-large\"><img loading=\"lazy\" decoding=\"async\" width=\"1024\" height=\"684\" data-id=\"245759\" src=\"https:\/\/www.tucomarca.com\/wordpress\/segunda\/wp-content\/uploads\/2024\/11\/UtielReyes01-1024x684.jpeg\" alt=\"\" class=\"wp-image-245759\" srcset=\"https:\/\/www.tucomarca.com\/wordpress\/segunda\/wp-content\/uploads\/2024\/11\/UtielReyes01-1024x684.jpeg 1024w, https:\/\/www.tucomarca.com\/wordpress\/segunda\/wp-content\/uploads\/2024\/11\/UtielReyes01-300x200.jpeg 300w, https:\/\/www.tucomarca.com\/wordpress\/segunda\/wp-content\/uploads\/2024\/11\/UtielReyes01-768x513.jpeg 768w, https:\/\/www.tucomarca.com\/wordpress\/segunda\/wp-content\/uploads\/2024\/11\/UtielReyes01-1536x1026.jpeg 1536w, https:\/\/www.tucomarca.com\/wordpress\/segunda\/wp-content\/uploads\/2024\/11\/UtielReyes01-2048x1368.jpeg 2048w\" sizes=\"auto, (max-width: 1024px) 100vw, 1024px\" \/><\/figure>\n\n\n\n<figure class=\"wp-block-image size-large\"><img loading=\"lazy\" decoding=\"async\" width=\"1024\" height=\"753\" data-id=\"245761\" src=\"https:\/\/www.tucomarca.com\/wordpress\/segunda\/wp-content\/uploads\/2024\/11\/UtielReyes02-1024x753.jpeg\" alt=\"\" class=\"wp-image-245761\" srcset=\"https:\/\/www.tucomarca.com\/wordpress\/segunda\/wp-content\/uploads\/2024\/11\/UtielReyes02-1024x753.jpeg 1024w, https:\/\/www.tucomarca.com\/wordpress\/segunda\/wp-content\/uploads\/2024\/11\/UtielReyes02-300x221.jpeg 300w, https:\/\/www.tucomarca.com\/wordpress\/segunda\/wp-content\/uploads\/2024\/11\/UtielReyes02-768x565.jpeg 768w, https:\/\/www.tucomarca.com\/wordpress\/segunda\/wp-content\/uploads\/2024\/11\/UtielReyes02-1536x1130.jpeg 1536w, https:\/\/www.tucomarca.com\/wordpress\/segunda\/wp-content\/uploads\/2024\/11\/UtielReyes02-2048x1507.jpeg 2048w, https:\/\/www.tucomarca.com\/wordpress\/segunda\/wp-content\/uploads\/2024\/11\/UtielReyes02-80x60.jpeg 80w\" sizes=\"auto, (max-width: 1024px) 100vw, 1024px\" \/><\/figure>\n\n\n\n<figure class=\"wp-block-image size-large\"><img loading=\"lazy\" decoding=\"async\" width=\"1024\" height=\"714\" data-id=\"245763\" src=\"https:\/\/www.tucomarca.com\/wordpress\/segunda\/wp-content\/uploads\/2024\/11\/UtielReyes03-1024x714.jpeg\" alt=\"\" class=\"wp-image-245763\" srcset=\"https:\/\/www.tucomarca.com\/wordpress\/segunda\/wp-content\/uploads\/2024\/11\/UtielReyes03-1024x714.jpeg 1024w, https:\/\/www.tucomarca.com\/wordpress\/segunda\/wp-content\/uploads\/2024\/11\/UtielReyes03-300x209.jpeg 300w, https:\/\/www.tucomarca.com\/wordpress\/segunda\/wp-content\/uploads\/2024\/11\/UtielReyes03-768x536.jpeg 768w, https:\/\/www.tucomarca.com\/wordpress\/segunda\/wp-content\/uploads\/2024\/11\/UtielReyes03-1536x1071.jpeg 1536w, https:\/\/www.tucomarca.com\/wordpress\/segunda\/wp-content\/uploads\/2024\/11\/UtielReyes03-2048x1429.jpeg 2048w\" sizes=\"auto, (max-width: 1024px) 100vw, 1024px\" \/><\/figure>\n\n\n\n<figure class=\"wp-block-image size-large\"><img loading=\"lazy\" decoding=\"async\" width=\"1024\" height=\"693\" data-id=\"245766\" src=\"https:\/\/www.tucomarca.com\/wordpress\/segunda\/wp-content\/uploads\/2024\/11\/UtielReyes04-1024x693.jpeg\" alt=\"\" class=\"wp-image-245766\" srcset=\"https:\/\/www.tucomarca.com\/wordpress\/segunda\/wp-content\/uploads\/2024\/11\/UtielReyes04-1024x693.jpeg 1024w, https:\/\/www.tucomarca.com\/wordpress\/segunda\/wp-content\/uploads\/2024\/11\/UtielReyes04-300x203.jpeg 300w, https:\/\/www.tucomarca.com\/wordpress\/segunda\/wp-content\/uploads\/2024\/11\/UtielReyes04-768x520.jpeg 768w, https:\/\/www.tucomarca.com\/wordpress\/segunda\/wp-content\/uploads\/2024\/11\/UtielReyes04-1536x1040.jpeg 1536w, https:\/\/www.tucomarca.com\/wordpress\/segunda\/wp-content\/uploads\/2024\/11\/UtielReyes04-2048x1386.jpeg 2048w\" sizes=\"auto, (max-width: 1024px) 100vw, 1024px\" \/><\/figure>\n\n\n\n<figure class=\"wp-block-image size-large\"><img loading=\"lazy\" decoding=\"async\" width=\"1024\" height=\"730\" data-id=\"245768\" src=\"https:\/\/www.tucomarca.com\/wordpress\/segunda\/wp-content\/uploads\/2024\/11\/UtielReyes05-1024x730.jpeg\" alt=\"\" class=\"wp-image-245768\" srcset=\"https:\/\/www.tucomarca.com\/wordpress\/segunda\/wp-content\/uploads\/2024\/11\/UtielReyes05-1024x730.jpeg 1024w, https:\/\/www.tucomarca.com\/wordpress\/segunda\/wp-content\/uploads\/2024\/11\/UtielReyes05-300x214.jpeg 300w, https:\/\/www.tucomarca.com\/wordpress\/segunda\/wp-content\/uploads\/2024\/11\/UtielReyes05-768x547.jpeg 768w, https:\/\/www.tucomarca.com\/wordpress\/segunda\/wp-content\/uploads\/2024\/11\/UtielReyes05-1536x1094.jpeg 1536w, https:\/\/www.tucomarca.com\/wordpress\/segunda\/wp-content\/uploads\/2024\/11\/UtielReyes05-2048x1459.jpeg 2048w\" sizes=\"auto, (max-width: 1024px) 100vw, 1024px\" \/><\/figure>\n\n\n\n<figure class=\"wp-block-image size-large\"><img loading=\"lazy\" decoding=\"async\" width=\"1024\" height=\"716\" data-id=\"245770\" src=\"https:\/\/www.tucomarca.com\/wordpress\/segunda\/wp-content\/uploads\/2024\/11\/UtielReyes06-1024x716.jpeg\" alt=\"\" class=\"wp-image-245770\" srcset=\"https:\/\/www.tucomarca.com\/wordpress\/segunda\/wp-content\/uploads\/2024\/11\/UtielReyes06-1024x716.jpeg 1024w, https:\/\/www.tucomarca.com\/wordpress\/segunda\/wp-content\/uploads\/2024\/11\/UtielReyes06-300x210.jpeg 300w, https:\/\/www.tucomarca.com\/wordpress\/segunda\/wp-content\/uploads\/2024\/11\/UtielReyes06-768x537.jpeg 768w, https:\/\/www.tucomarca.com\/wordpress\/segunda\/wp-content\/uploads\/2024\/11\/UtielReyes06-1536x1074.jpeg 1536w, https:\/\/www.tucomarca.com\/wordpress\/segunda\/wp-content\/uploads\/2024\/11\/UtielReyes06-2048x1432.jpeg 2048w\" sizes=\"auto, (max-width: 1024px) 100vw, 1024px\" \/><\/figure>\n\n\n\n<figure class=\"wp-block-image size-large\"><img loading=\"lazy\" decoding=\"async\" width=\"1024\" height=\"708\" data-id=\"245772\" src=\"https:\/\/www.tucomarca.com\/wordpress\/segunda\/wp-content\/uploads\/2024\/11\/UtielReyes07-1024x708.jpeg\" alt=\"\" class=\"wp-image-245772\" srcset=\"https:\/\/www.tucomarca.com\/wordpress\/segunda\/wp-content\/uploads\/2024\/11\/UtielReyes07-1024x708.jpeg 1024w, https:\/\/www.tucomarca.com\/wordpress\/segunda\/wp-content\/uploads\/2024\/11\/UtielReyes07-300x207.jpeg 300w, https:\/\/www.tucomarca.com\/wordpress\/segunda\/wp-content\/uploads\/2024\/11\/UtielReyes07-768x531.jpeg 768w, https:\/\/www.tucomarca.com\/wordpress\/segunda\/wp-content\/uploads\/2024\/11\/UtielReyes07-1536x1061.jpeg 1536w, https:\/\/www.tucomarca.com\/wordpress\/segunda\/wp-content\/uploads\/2024\/11\/UtielReyes07-2048x1415.jpeg 2048w\" sizes=\"auto, (max-width: 1024px) 100vw, 1024px\" \/><\/figure>\n\n\n\n<figure class=\"wp-block-image size-large\"><img loading=\"lazy\" decoding=\"async\" width=\"1024\" height=\"649\" data-id=\"245774\" src=\"https:\/\/www.tucomarca.com\/wordpress\/segunda\/wp-content\/uploads\/2024\/11\/UtielReyes08-1024x649.jpeg\" alt=\"\" class=\"wp-image-245774\" srcset=\"https:\/\/www.tucomarca.com\/wordpress\/segunda\/wp-content\/uploads\/2024\/11\/UtielReyes08-1024x649.jpeg 1024w, https:\/\/www.tucomarca.com\/wordpress\/segunda\/wp-content\/uploads\/2024\/11\/UtielReyes08-300x190.jpeg 300w, https:\/\/www.tucomarca.com\/wordpress\/segunda\/wp-content\/uploads\/2024\/11\/UtielReyes08-768x487.jpeg 768w, https:\/\/www.tucomarca.com\/wordpress\/segunda\/wp-content\/uploads\/2024\/11\/UtielReyes08-1536x974.jpeg 1536w, https:\/\/www.tucomarca.com\/wordpress\/segunda\/wp-content\/uploads\/2024\/11\/UtielReyes08-2048x1299.jpeg 2048w\" sizes=\"auto, (max-width: 1024px) 100vw, 1024px\" \/><\/figure>\n\n\n\n<figure class=\"wp-block-image size-large\"><img loading=\"lazy\" decoding=\"async\" width=\"1024\" height=\"621\" data-id=\"245776\" src=\"https:\/\/www.tucomarca.com\/wordpress\/segunda\/wp-content\/uploads\/2024\/11\/UtielReyes09-1024x621.jpeg\" alt=\"\" class=\"wp-image-245776\" srcset=\"https:\/\/www.tucomarca.com\/wordpress\/segunda\/wp-content\/uploads\/2024\/11\/UtielReyes09-1024x621.jpeg 1024w, https:\/\/www.tucomarca.com\/wordpress\/segunda\/wp-content\/uploads\/2024\/11\/UtielReyes09-300x182.jpeg 300w, https:\/\/www.tucomarca.com\/wordpress\/segunda\/wp-content\/uploads\/2024\/11\/UtielReyes09-768x465.jpeg 768w, https:\/\/www.tucomarca.com\/wordpress\/segunda\/wp-content\/uploads\/2024\/11\/UtielReyes09-1536x931.jpeg 1536w, https:\/\/www.tucomarca.com\/wordpress\/segunda\/wp-content\/uploads\/2024\/11\/UtielReyes09-2048x1241.jpeg 2048w\" sizes=\"auto, (max-width: 1024px) 100vw, 1024px\" \/><\/figure>\n\n\n\n<figure class=\"wp-block-image size-large\"><img loading=\"lazy\" decoding=\"async\" width=\"1024\" height=\"699\" data-id=\"245778\" src=\"https:\/\/www.tucomarca.com\/wordpress\/segunda\/wp-content\/uploads\/2024\/11\/UtielReyes10-1024x699.jpeg\" alt=\"\" class=\"wp-image-245778\" srcset=\"https:\/\/www.tucomarca.com\/wordpress\/segunda\/wp-content\/uploads\/2024\/11\/UtielReyes10-1024x699.jpeg 1024w, https:\/\/www.tucomarca.com\/wordpress\/segunda\/wp-content\/uploads\/2024\/11\/UtielReyes10-300x205.jpeg 300w, https:\/\/www.tucomarca.com\/wordpress\/segunda\/wp-content\/uploads\/2024\/11\/UtielReyes10-768x524.jpeg 768w, https:\/\/www.tucomarca.com\/wordpress\/segunda\/wp-content\/uploads\/2024\/11\/UtielReyes10-1536x1048.jpeg 1536w, https:\/\/www.tucomarca.com\/wordpress\/segunda\/wp-content\/uploads\/2024\/11\/UtielReyes10-2048x1398.jpeg 2048w\" sizes=\"auto, (max-width: 1024px) 100vw, 1024px\" \/><\/figure>\n\n\n\n<figure class=\"wp-block-image size-large\"><img loading=\"lazy\" decoding=\"async\" width=\"1024\" height=\"683\" data-id=\"245780\" src=\"https:\/\/www.tucomarca.com\/wordpress\/segunda\/wp-content\/uploads\/2024\/11\/UtielReyes11-1024x683.jpeg\" alt=\"\" class=\"wp-image-245780\" srcset=\"https:\/\/www.tucomarca.com\/wordpress\/segunda\/wp-content\/uploads\/2024\/11\/UtielReyes11-1024x683.jpeg 1024w, https:\/\/www.tucomarca.com\/wordpress\/segunda\/wp-content\/uploads\/2024\/11\/UtielReyes11-300x200.jpeg 300w, https:\/\/www.tucomarca.com\/wordpress\/segunda\/wp-content\/uploads\/2024\/11\/UtielReyes11-768x512.jpeg 768w, https:\/\/www.tucomarca.com\/wordpress\/segunda\/wp-content\/uploads\/2024\/11\/UtielReyes11-1536x1024.jpeg 1536w, https:\/\/www.tucomarca.com\/wordpress\/segunda\/wp-content\/uploads\/2024\/11\/UtielReyes11-2048x1366.jpeg 2048w\" sizes=\"auto, (max-width: 1024px) 100vw, 1024px\" \/><\/figure>\n\n\n\n<figure class=\"wp-block-image size-large\"><img loading=\"lazy\" decoding=\"async\" width=\"1024\" height=\"689\" data-id=\"245782\" src=\"https:\/\/www.tucomarca.com\/wordpress\/segunda\/wp-content\/uploads\/2024\/11\/UtielReyes12-1024x689.jpeg\" alt=\"\" class=\"wp-image-245782\" srcset=\"https:\/\/www.tucomarca.com\/wordpress\/segunda\/wp-content\/uploads\/2024\/11\/UtielReyes12-1024x689.jpeg 1024w, https:\/\/www.tucomarca.com\/wordpress\/segunda\/wp-content\/uploads\/2024\/11\/UtielReyes12-300x202.jpeg 300w, https:\/\/www.tucomarca.com\/wordpress\/segunda\/wp-content\/uploads\/2024\/11\/UtielReyes12-768x516.jpeg 768w, https:\/\/www.tucomarca.com\/wordpress\/segunda\/wp-content\/uploads\/2024\/11\/UtielReyes12-1536x1033.jpeg 1536w, https:\/\/www.tucomarca.com\/wordpress\/segunda\/wp-content\/uploads\/2024\/11\/UtielReyes12-2048x1377.jpeg 2048w\" sizes=\"auto, (max-width: 1024px) 100vw, 1024px\" \/><\/figure>\n\n\n\n<figure class=\"wp-block-image size-large\"><img loading=\"lazy\" decoding=\"async\" width=\"1024\" height=\"683\" data-id=\"245784\" src=\"https:\/\/www.tucomarca.com\/wordpress\/segunda\/wp-content\/uploads\/2024\/11\/UtielReyes13-1024x683.jpeg\" alt=\"\" class=\"wp-image-245784\" srcset=\"https:\/\/www.tucomarca.com\/wordpress\/segunda\/wp-content\/uploads\/2024\/11\/UtielReyes13-1024x683.jpeg 1024w, https:\/\/www.tucomarca.com\/wordpress\/segunda\/wp-content\/uploads\/2024\/11\/UtielReyes13-300x200.jpeg 300w, https:\/\/www.tucomarca.com\/wordpress\/segunda\/wp-content\/uploads\/2024\/11\/UtielReyes13-768x512.jpeg 768w, https:\/\/www.tucomarca.com\/wordpress\/segunda\/wp-content\/uploads\/2024\/11\/UtielReyes13-1536x1024.jpeg 1536w, https:\/\/www.tucomarca.com\/wordpress\/segunda\/wp-content\/uploads\/2024\/11\/UtielReyes13-2048x1366.jpeg 2048w\" sizes=\"auto, (max-width: 1024px) 100vw, 1024px\" \/><\/figure>\n\n\n\n<figure class=\"wp-block-image size-large\"><img loading=\"lazy\" decoding=\"async\" width=\"1024\" height=\"726\" data-id=\"245786\" src=\"https:\/\/www.tucomarca.com\/wordpress\/segunda\/wp-content\/uploads\/2024\/11\/UtielReyes14-1024x726.jpeg\" alt=\"\" class=\"wp-image-245786\" srcset=\"https:\/\/www.tucomarca.com\/wordpress\/segunda\/wp-content\/uploads\/2024\/11\/UtielReyes14-1024x726.jpeg 1024w, https:\/\/www.tucomarca.com\/wordpress\/segunda\/wp-content\/uploads\/2024\/11\/UtielReyes14-300x213.jpeg 300w, https:\/\/www.tucomarca.com\/wordpress\/segunda\/wp-content\/uploads\/2024\/11\/UtielReyes14-768x545.jpeg 768w, https:\/\/www.tucomarca.com\/wordpress\/segunda\/wp-content\/uploads\/2024\/11\/UtielReyes14-1536x1089.jpeg 1536w, https:\/\/www.tucomarca.com\/wordpress\/segunda\/wp-content\/uploads\/2024\/11\/UtielReyes14-2048x1453.jpeg 2048w\" sizes=\"auto, (max-width: 1024px) 100vw, 1024px\" \/><\/figure>\n\n\n\n<figure class=\"wp-block-image size-large\"><img loading=\"lazy\" decoding=\"async\" width=\"1024\" height=\"755\" data-id=\"245788\" src=\"https:\/\/www.tucomarca.com\/wordpress\/segunda\/wp-content\/uploads\/2024\/11\/UtielReyes15-1024x755.jpeg\" alt=\"\" class=\"wp-image-245788\" srcset=\"https:\/\/www.tucomarca.com\/wordpress\/segunda\/wp-content\/uploads\/2024\/11\/UtielReyes15-1024x755.jpeg 1024w, https:\/\/www.tucomarca.com\/wordpress\/segunda\/wp-content\/uploads\/2024\/11\/UtielReyes15-300x221.jpeg 300w, https:\/\/www.tucomarca.com\/wordpress\/segunda\/wp-content\/uploads\/2024\/11\/UtielReyes15-768x566.jpeg 768w, https:\/\/www.tucomarca.com\/wordpress\/segunda\/wp-content\/uploads\/2024\/11\/UtielReyes15-1536x1133.jpeg 1536w, https:\/\/www.tucomarca.com\/wordpress\/segunda\/wp-content\/uploads\/2024\/11\/UtielReyes15-2048x1510.jpeg 2048w, https:\/\/www.tucomarca.com\/wordpress\/segunda\/wp-content\/uploads\/2024\/11\/UtielReyes15-80x60.jpeg 80w\" sizes=\"auto, (max-width: 1024px) 100vw, 1024px\" \/><\/figure>\n\n\n\n<figure class=\"wp-block-image size-large\"><img loading=\"lazy\" decoding=\"async\" width=\"1024\" height=\"683\" data-id=\"245790\" src=\"https:\/\/www.tucomarca.com\/wordpress\/segunda\/wp-content\/uploads\/2024\/11\/UtielReyes16-1024x683.jpeg\" alt=\"\" class=\"wp-image-245790\" srcset=\"https:\/\/www.tucomarca.com\/wordpress\/segunda\/wp-content\/uploads\/2024\/11\/UtielReyes16-1024x683.jpeg 1024w, https:\/\/www.tucomarca.com\/wordpress\/segunda\/wp-content\/uploads\/2024\/11\/UtielReyes16-300x200.jpeg 300w, https:\/\/www.tucomarca.com\/wordpress\/segunda\/wp-content\/uploads\/2024\/11\/UtielReyes16-768x512.jpeg 768w, https:\/\/www.tucomarca.com\/wordpress\/segunda\/wp-content\/uploads\/2024\/11\/UtielReyes16-1536x1025.jpeg 1536w, https:\/\/www.tucomarca.com\/wordpress\/segunda\/wp-content\/uploads\/2024\/11\/UtielReyes16-2048x1367.jpeg 2048w\" sizes=\"auto, (max-width: 1024px) 100vw, 1024px\" \/><\/figure>\n<\/figure>\n","protected":false},"excerpt":{"rendered":"<div class=\"mh-excerpt\">Don Felipe i Donya Letizia han recorregut aquest mat\u00ed les principals zones afectades per les inundacions i han conegut testimoniatges directes dels damnificats als quals han mostrat el seu suport i comprensi\u00f3. Els Reis Han <a class=\"mh-excerpt-more\" href=\"https:\/\/www.tucomarca.com\/wordpress\/segunda\/ca\/els-reis-despanya-mostren-el-seu-suport-als-utielanos-damnificats-per-la-dana\/\" title=\"Els Reis d&#8217;Espanya mostren el seu suport als utielanos damnificats per la DANA\">[+] <\/a><\/div>\n","protected":false},"author":12,"featured_media":245718,"comment_status":"open","ping_status":"open","sticky":false,"template":"","format":"standard","meta":{"footnotes":""},"categories":[10905,21466,10898,10948,10894,10904,10903,10947,10909,10896,10897,11059],"tags":[15409,11199,10910,11174],"class_list":{"0":"post-245721","1":"post","2":"type-post","3":"status-publish","4":"format-standard","5":"has-post-thumbnail","7":"category-agricultura-la-comarca-ca","8":"category-dana-ca","9":"category-ventana-ca","10":"category-infraestructuras-ca","11":"category-la-comarca-ca","12":"category-sin-categorizar-ca","13":"category-medio-ambiente-la-comarca-ca","14":"category-politica","15":"category-requena-utiel-ca","16":"category-seccion-ca","17":"category-sucesos-la-comarca-ca","18":"category-utiel-ca","19":"tag-dana-2-ca","20":"tag-la-comunitat-ca","21":"tag-requena-utiel-ca","22":"tag-utiel-ca"},"_links":{"self":[{"href":"https:\/\/www.tucomarca.com\/wordpress\/segunda\/ca\/wp-json\/wp\/v2\/posts\/245721","targetHints":{"allow":["GET"]}}],"collection":[{"href":"https:\/\/www.tucomarca.com\/wordpress\/segunda\/ca\/wp-json\/wp\/v2\/posts"}],"about":[{"href":"https:\/\/www.tucomarca.com\/wordpress\/segunda\/ca\/wp-json\/wp\/v2\/types\/post"}],"author":[{"embeddable":true,"href":"https:\/\/www.tucomarca.com\/wordpress\/segunda\/ca\/wp-json\/wp\/v2\/users\/12"}],"replies":[{"embeddable":true,"href":"https:\/\/www.tucomarca.com\/wordpress\/segunda\/ca\/wp-json\/wp\/v2\/comments?post=245721"}],"version-history":[{"count":0,"href":"https:\/\/www.tucomarca.com\/wordpress\/segunda\/ca\/wp-json\/wp\/v2\/posts\/245721\/revisions"}],"wp:featuredmedia":[{"embeddable":true,"href":"https:\/\/www.tucomarca.com\/wordpress\/segunda\/ca\/wp-json\/wp\/v2\/media\/245718"}],"wp:attachment":[{"href":"https:\/\/www.tucomarca.com\/wordpress\/segunda\/ca\/wp-json\/wp\/v2\/media?parent=245721"}],"wp:term":[{"taxonomy":"category","embeddable":true,"href":"https:\/\/www.tucomarca.com\/wordpress\/segunda\/ca\/wp-json\/wp\/v2\/categories?post=245721"},{"taxonomy":"post_tag","embeddable":true,"href":"https:\/\/www.tucomarca.com\/wordpress\/segunda\/ca\/wp-json\/wp\/v2\/tags?post=245721"}],"curies":[{"name":"wp","href":"https:\/\/api.w.org\/{rel}","templated":true}]}}