{"id":245831,"date":"2024-11-20T08:30:00","date_gmt":"2024-11-20T06:30:00","guid":{"rendered":"https:\/\/www.tucomarca.com\/wordpress\/segunda\/?p=245831"},"modified":"2024-11-20T13:21:39","modified_gmt":"2024-11-20T11:21:39","slug":"livc-presenta-la-seua-produccio-propia-la-mancha-del-dramaturg-valencia-sergio-serrano","status":"publish","type":"post","link":"https:\/\/www.tucomarca.com\/wordpress\/segunda\/ca\/livc-presenta-la-seua-produccio-propia-la-mancha-del-dramaturg-valencia-sergio-serrano\/","title":{"rendered":"L\u2019IVC presenta la seua producci\u00f3 pr\u00f2pia \u2018La mancha\u2019 del dramaturg valenci\u00e0 Sergio Serrano"},"content":{"rendered":"\n<h3 class=\"wp-block-heading\">Es podr\u00e0 vore en el Teatre Rialto del 21 de novembre al 8 de desembre i tindr\u00e0\u00a0 una funci\u00f3 accessible i matinals amb col\u00b7loqui amb el p\u00fablic.<\/h3>\n\n\n\n<h3 class=\"wp-block-heading\">Est\u00e0 dirigida per Sergio Serrano i Marcos Sproston i compta amb un equip de professionals valencians de les arts esc\u00e8niques<\/h3>\n\n\n\n<h3 class=\"wp-block-heading\">L\u2019IVC ha habilitat una fila 0 per a fer donacions al compte solidari de la Generalitat per a donar suport als afectats per la riuada<\/h3>\n\n\n\n<p>L\u2019Institut Valenci\u00e0 de Cultura, dependent de la Conselleria d\u2019Educaci\u00f3, Cultura, Universitats i Ocupaci\u00f3, presenta la seua nova producci\u00f3 pr\u00f2pia,&nbsp;<em>La mancha<\/em>, una obra de Sergio Serrano sobre la fam\u00edlia i el dret a somiar, fruit del text generat en el Laboratori d\u2019Escriptura \u00cdnsula Dramataria Josep Llu\u00eds Sirera.<\/p>\n\n\n\n<p>L\u2019obra, que es podr\u00e0 vore del 21 de novembre al 8 de desembre en el Teatre Rialto de Val\u00e8ncia, compta amb un equip art\u00edstic i t\u00e8cnic integrat per professionals valencians. A m\u00e9s d\u2019escriure el text, Sergio Serrano dirigix la producci\u00f3 juntament amb Marcos Sproston, i amb la mirada externa de Roland Schimmelpfennig.<\/p>\n\n\n\n<p>La directora adjunta d\u2019arts esc\u00e8niques de l\u2019IVC, Mar\u00eda Jos\u00e9 Mora, ha manifestat durant la presentaci\u00f3 que es continua \u201cmillorant el programa de produccions pr\u00f2pies d\u2019IVC en esta nova etapa, tractant de ser m\u00e9s coherents en la selecci\u00f3 de textos i creadors\u201d.<\/p>\n\n\n\n<p>\u201cL\u2019objectiu \u00e9s, entre altres q\u00fcestions, la renovaci\u00f3 de l\u2019escena local i l\u2019acc\u00e9s al circuit de les arts esc\u00e8niques de nous professionals, tractant de ser m\u00e9s sostenibles en el desenrotllament global dels projectes\u201d, ha afegit.<\/p>\n\n\n\n<p>Aix\u00ed mateix, la Direcci\u00f3 Adjunta d\u2019Arts Esc\u00e8niques anunciar\u00e0 pr\u00f2ximament diferents projectes que ha posat en marxa per a refor\u00e7ar el sector. \u201cEstem treballant a donar un major suport a tots els professionals que intervenen en els processos de creaci\u00f3, producci\u00f3 i exhibici\u00f3, m\u00e9s enll\u00e0 de les produccions pr\u00f2pies\u201d, ha apuntat Mar\u00eda Jos\u00e9 Mora.<\/p>\n\n\n\n<p>Aix\u00ed mateix, ha assenyalat que l\u2019IVC ha habilitat una&nbsp;<a href=\"https:\/\/ivc.gva.es\/val\/ivc-val\/noticies-ivc\/fila-0val\">fila 0<\/a>&nbsp;per a fer donacions al compte solidari de la Generalitat, destinada a la reparaci\u00f3 de danys, reconstrucci\u00f3 i ajuda a les persones afectades per la riuada.<\/p>\n\n\n\n<p><strong>Una hist\u00f2ria sobre la fam\u00edlia i el dret a somiar<\/strong><\/p>\n\n\n\n<p><em>La mancha&nbsp;<\/em>\u00e9s una tragicom\u00e8dia que va escriure l\u2019autor en el Laboratori de Dramat\u00fargia Josep Llu\u00eds Sirera, de l\u2019Institut Valenci\u00e0 de Cultura, amb el lema \u2018La realitat i el desig\u2019. El text i el seu relat juga amb estos dos conceptes a partir de la hist\u00f2ria d\u2019una fam\u00edlia que descobrix una taca en la paret de la seua cuina.<\/p>\n\n\n\n<p>Pep Ricart, Mafalda Bellido, Ernesto Pastor, Mar\u00eda Covadonga i Alberto Mart\u00edn de Miguel interpreten a esta fam\u00edlia que, entre el silenci, la por, la incertesa i la curiositat, no poden deixar de mirar-la.<\/p>\n\n\n\n<p>L\u2019autor partix d\u2019esta xicoteta an\u00e8cdota per a \u201cparlar sobre les seues pors i els seus anhels, sobre la incomunicaci\u00f3, l\u2019abs\u00e8ncia de futur, sobre all\u00f2 que ocultem com a individus, per\u00f2 tamb\u00e9 com a reflex de la societat en la qual vivim i en tot el que ocultem, per\u00f2 per damunt de tot, sobre l\u2019esperan\u00e7a que les coses en algun moment siguen distintes\u201d.<\/p>\n\n\n\n<p>El muntatge juga amb el poder de la paraula i la imaginaci\u00f3 en un escenari que ser\u00e0 terreny de joc, per\u00f2 tamb\u00e9 amb la intenci\u00f3 de generar imatges i, sobretot, amb el treball d\u2019interpretaci\u00f3 que portar\u00e0 el major pes del muntatge. A m\u00e9s, compta amb la m\u00fasica de Luis Miguel Cobo, l\u2019espai lum\u00ednic de Mingo Albir i l\u2019espai esc\u00e8nic dels reis del mambo.<\/p>\n\n\n\n<p>L\u2019IVC realitzar\u00e0 el pr\u00f2xim 1 de desembre una funci\u00f3 accessible a persones amb discapacitat sensorial amb subtitulat adaptat, audiodescripci\u00f3, bucle magn\u00e8tic individual i so amplificat.<\/p>\n\n\n\n<p>A m\u00e9s, els dies 21 i 28 despr\u00e9s de funci\u00f3 matinal i 28 de novembre despr\u00e9s de funci\u00f3 vespertina, l\u2019equip art\u00edstic realitzar\u00e0 col\u00b7loquis postfunci\u00f3 amb el p\u00fablic.<\/p>\n\n\n\n<p>Despr\u00e9s de la seua estrena en el Teatre Rialto de Val\u00e8ncia es podr\u00e0 vore a les ciutats d\u2019Alacant i Castell\u00f3 de la Plana.<\/p>\n\n\n\n<p>Les entrades estan a la venda en les taquilles dels teatres Rialto i Principal i en la&nbsp;<a href=\"https:\/\/taquilla.ivc.gva.es\/janto\/main.php\">p\u00e0gina web de l\u2019IVC<\/a>.<\/p>\n","protected":false},"excerpt":{"rendered":"<div class=\"mh-excerpt\">Es podr\u00e0 vore en el Teatre Rialto del 21 de novembre al 8 de desembre i tindr\u00e0\u00a0 una funci\u00f3 accessible i matinals amb col\u00b7loqui amb el p\u00fablic. Est\u00e0 dirigida per Sergio Serrano i Marcos Sproston <a class=\"mh-excerpt-more\" href=\"https:\/\/www.tucomarca.com\/wordpress\/segunda\/ca\/livc-presenta-la-seua-produccio-propia-la-mancha-del-dramaturg-valencia-sergio-serrano\/\" title=\"L\u2019IVC presenta la seua producci\u00f3 pr\u00f2pia \u2018La mancha\u2019 del dramaturg valenci\u00e0 Sergio Serrano\">[+] <\/a><\/div>\n","protected":false},"author":12,"featured_media":245830,"comment_status":"open","ping_status":"open","sticky":false,"template":"","format":"standard","meta":{"footnotes":""},"categories":[11019,21466,10894,10904,11007,10896],"tags":[15409,21596,13274,17761,21597,21286],"class_list":{"0":"post-245831","1":"post","2":"type-post","3":"status-publish","4":"format-standard","5":"has-post-thumbnail","7":"category-agenda-ca","8":"category-dana-ca","9":"category-la-comarca-ca","10":"category-sin-categorizar-ca","11":"category-ocio-y-cultura-ca","12":"category-seccion-ca","13":"tag-dana-2-ca","14":"tag-fila-0-ca","15":"tag-institut-valencia-de-cultura-ca","16":"tag-ivc-ca","17":"tag-la-mancha-ca","18":"tag-teatro-rialto-ca"},"_links":{"self":[{"href":"https:\/\/www.tucomarca.com\/wordpress\/segunda\/ca\/wp-json\/wp\/v2\/posts\/245831","targetHints":{"allow":["GET"]}}],"collection":[{"href":"https:\/\/www.tucomarca.com\/wordpress\/segunda\/ca\/wp-json\/wp\/v2\/posts"}],"about":[{"href":"https:\/\/www.tucomarca.com\/wordpress\/segunda\/ca\/wp-json\/wp\/v2\/types\/post"}],"author":[{"embeddable":true,"href":"https:\/\/www.tucomarca.com\/wordpress\/segunda\/ca\/wp-json\/wp\/v2\/users\/12"}],"replies":[{"embeddable":true,"href":"https:\/\/www.tucomarca.com\/wordpress\/segunda\/ca\/wp-json\/wp\/v2\/comments?post=245831"}],"version-history":[{"count":0,"href":"https:\/\/www.tucomarca.com\/wordpress\/segunda\/ca\/wp-json\/wp\/v2\/posts\/245831\/revisions"}],"wp:featuredmedia":[{"embeddable":true,"href":"https:\/\/www.tucomarca.com\/wordpress\/segunda\/ca\/wp-json\/wp\/v2\/media\/245830"}],"wp:attachment":[{"href":"https:\/\/www.tucomarca.com\/wordpress\/segunda\/ca\/wp-json\/wp\/v2\/media?parent=245831"}],"wp:term":[{"taxonomy":"category","embeddable":true,"href":"https:\/\/www.tucomarca.com\/wordpress\/segunda\/ca\/wp-json\/wp\/v2\/categories?post=245831"},{"taxonomy":"post_tag","embeddable":true,"href":"https:\/\/www.tucomarca.com\/wordpress\/segunda\/ca\/wp-json\/wp\/v2\/tags?post=245831"}],"curies":[{"name":"wp","href":"https:\/\/api.w.org\/{rel}","templated":true}]}}