{"id":245965,"date":"2024-11-21T08:30:00","date_gmt":"2024-11-21T06:30:00","guid":{"rendered":"https:\/\/www.tucomarca.com\/wordpress\/segunda\/?p=245965"},"modified":"2024-11-21T14:48:04","modified_gmt":"2024-11-21T12:48:04","slug":"labora-ja-presta-servici-a-totes-les-persones-de-les-comarques-afectades-per-la-riuada","status":"publish","type":"post","link":"https:\/\/www.tucomarca.com\/wordpress\/segunda\/ca\/labora-ja-presta-servici-a-totes-les-persones-de-les-comarques-afectades-per-la-riuada\/","title":{"rendered":"Labora ja presta servici a totes les persones de les comarques afectades per la riuada"},"content":{"rendered":"\n<h3 class=\"wp-block-heading\">Labora ha desplegat este dimecres la segona oficina m\u00f2bil a Algemes\u00ed, que se suma a la ja operativa a Catarroja, i la setmana que ve se n\u2019instal\u00b7laran altres dos a Xirivella i Paiporta.<\/h3>\n\n\n\n<h3 class=\"wp-block-heading\">Les oficines i els autobusos Labora DANA oferixen assessorament a personal treballador i a empreses sobre els ERTO.<\/h3>\n\n\n\n<p>Labora, Servici Valenci\u00e0 d\u2019Ocupaci\u00f3 i Formaci\u00f3, ja presta servici a tota la poblaci\u00f3 afectada per la riuada. Aix\u00ed, ja es troben operatives les oficines m\u00f2bils a Catarroja i Algemes\u00ed, a la qual cosa cal sumar les visites di\u00e0ries que fan els dos autobusos Labora DANA i l\u2019atenci\u00f3 telem\u00e0tica i telef\u00f2nica que ja es presta en totes les oficines afectades.<\/p>\n\n\n\n<p>Este dimecres ha posat en marxa els seus servicis la segona oficina m\u00f2bil, que estar\u00e0 instal\u00b7lada en el parc Salvador Castell d\u2019Algemes\u00ed, i que se suma a la ja en funcionament de Catarroja, que es pot trobar en el carrer Joan Giner i que ha visitat este dimecres el conseller d\u2019Educaci\u00f3, Cultura, Universitats i Ocupaci\u00f3, Jos\u00e9 Antonio Rovira.<\/p>\n\n\n\n<p>Estes oficines temporals presten servici en horari de 09:00 a 14:00 hores, i compten amb personal de Labora que, a m\u00e9s, de les funcions habituals que exercixen en els seus llocs de treball, oferixen tamb\u00e9 assessorament i ajuda a personal treballador i empreses quant a la sol\u00b7licitud dels expedients de regulaci\u00f3 temporal d\u2019ocupaci\u00f3 (ERTO) per causa de for\u00e7a major que tramita el Servici P\u00fablic d\u2019Ocupaci\u00f3 Estatal.<\/p>\n\n\n\n<p>La setmana que ve s\u2019instal\u00b7laran altres dos oficines m\u00f2bils Labora en les localitats de Paiporta i Xirivella, que oferiran els mateixos servicis que les que ja es troben operatives, i que romandran en funcionament fins que re\u00f2briguen els Espai Labora afectats per la riuada.<\/p>\n\n\n\n<p>Paral\u00b7lelament a la posada en marxa d\u2019este servici, seguixen el seu recorregut diari els autobusos Labora DANA. Este dimecres es troben a Vilamarxant en el carrer Pedralba, 3 i a Favara en el carrer Sant Antoni, 26.<\/p>\n\n\n\n<figure class=\"wp-block-image size-full\"><img loading=\"lazy\" decoding=\"async\" width=\"980\" height=\"735\" src=\"http:\/\/www.tucomarca.com\/wordpress\/segunda\/wp-content\/uploads\/2024\/11\/EDUC_foto2_Labora.jpg\" alt=\"\" class=\"wp-image-245959\" srcset=\"https:\/\/www.tucomarca.com\/wordpress\/segunda\/wp-content\/uploads\/2024\/11\/EDUC_foto2_Labora.jpg 980w, https:\/\/www.tucomarca.com\/wordpress\/segunda\/wp-content\/uploads\/2024\/11\/EDUC_foto2_Labora-300x225.jpg 300w, https:\/\/www.tucomarca.com\/wordpress\/segunda\/wp-content\/uploads\/2024\/11\/EDUC_foto2_Labora-768x576.jpg 768w, https:\/\/www.tucomarca.com\/wordpress\/segunda\/wp-content\/uploads\/2024\/11\/EDUC_foto2_Labora-678x509.jpg 678w, https:\/\/www.tucomarca.com\/wordpress\/segunda\/wp-content\/uploads\/2024\/11\/EDUC_foto2_Labora-326x245.jpg 326w, https:\/\/www.tucomarca.com\/wordpress\/segunda\/wp-content\/uploads\/2024\/11\/EDUC_foto2_Labora-80x60.jpg 80w\" sizes=\"auto, (max-width: 980px) 100vw, 980px\" \/><\/figure>\n\n\n\n<p>L\u2019atenci\u00f3 en estos autobusos \u00e9s en horari de 10:00 a 17:00 hores, de manera ininterrompuda, per a prestar ajuda i assist\u00e8ncia a persones i empreses de les localitats en les quals es troben. El recorregut, tant de les oficines m\u00f2bils com del bus Labora DANA es pot consultar en este enlla\u00e7.<\/p>\n\n\n\n<p>A m\u00e9s, tots els Espai Labora atenen de manera telef\u00f2nica o telem\u00e0tica a totes les persones que ho requerisquen. Per a facilitar les gestions, continua activa la renovaci\u00f3 autom\u00e0tica de la demanda d\u2019ocupaci\u00f3 per a tots els usuaris que residisquen en la prov\u00edncia de Val\u00e8ncia. Cal recordar que qualsevol persona que residisca en municipi afectat per la riuada pot ser at\u00e9s en qualsevol Espai Labora sense necessitat de cita pr\u00e8via.<\/p>\n\n\n\n<p>A excepci\u00f3 de la inscripci\u00f3 inicial a Labora, totes les gestions es poden realitzar per via telem\u00e0tica a trav\u00e9s de diferents mitjans: la web www.labora.gva.es, l\u2019app @GVAPuntLabora, els caixers PuntLabora dels quals disposen els municipis o telef\u00f2nicament a trav\u00e9s del tel\u00e8fon 012 o 963 866 000.<\/p>\n\n\n\n<p>La Generalitat ha habilitat el correu electr\u00f2nic dana_ocupacio@gva.es en el qual es pot consultar qualsevol dubte sobre ocupaci\u00f3 que s\u2019haja generat a conseq\u00fc\u00e8ncia del temporal, aix\u00ed com el portal web Som Solidaritat, des del qual se centralitza tota la informaci\u00f3 necess\u00e0ria per a trobar informaci\u00f3 sobre ajudes i servicis relacionats amb la situaci\u00f3 d\u2019emerg\u00e8ncia arran del temporal.<\/p>\n\n\n\n<p>Pel que fa a formaci\u00f3, s\u2019est\u00e0 treballant a oferir llan\u00e7adores i reubicar a tots els alumnes que estaven rebent classes en els centres afectats.<\/p>\n","protected":false},"excerpt":{"rendered":"<div class=\"mh-excerpt\">Labora ha desplegat este dimecres la segona oficina m\u00f2bil a Algemes\u00ed, que se suma a la ja operativa a Catarroja, i la setmana que ve se n\u2019instal\u00b7laran altres dos a Xirivella i Paiporta. Les oficines <a class=\"mh-excerpt-more\" href=\"https:\/\/www.tucomarca.com\/wordpress\/segunda\/ca\/labora-ja-presta-servici-a-totes-les-persones-de-les-comarques-afectades-per-la-riuada\/\" title=\"Labora ja presta servici a totes les persones de les comarques afectades per la riuada\">[+] <\/a><\/div>\n","protected":false},"author":12,"featured_media":245958,"comment_status":"open","ping_status":"open","sticky":false,"template":"","format":"standard","meta":{"footnotes":""},"categories":[10983,10892,21466,10898,10948,10894,10904,10902,10947,10896,10897,10927],"tags":[21578,15409,11498,11485,21606],"class_list":{"0":"post-245965","1":"post","2":"type-post","3":"status-publish","4":"format-standard","5":"has-post-thumbnail","7":"category-algemesi-ca","8":"category-camp-de-turia-ca","9":"category-dana-ca","10":"category-ventana-ca","11":"category-infraestructuras-ca","12":"category-la-comarca-ca","13":"category-sin-categorizar-ca","14":"category-la-ribera-ca","15":"category-politica","16":"category-seccion-ca","17":"category-sucesos-la-comarca-ca","18":"category-vilamarxant-ca","19":"tag-autobus-de-labora-ca","20":"tag-dana-2-ca","21":"tag-generalitat-valenciana-ca","22":"tag-labora-ca","23":"tag-laboradana-ca"},"_links":{"self":[{"href":"https:\/\/www.tucomarca.com\/wordpress\/segunda\/ca\/wp-json\/wp\/v2\/posts\/245965","targetHints":{"allow":["GET"]}}],"collection":[{"href":"https:\/\/www.tucomarca.com\/wordpress\/segunda\/ca\/wp-json\/wp\/v2\/posts"}],"about":[{"href":"https:\/\/www.tucomarca.com\/wordpress\/segunda\/ca\/wp-json\/wp\/v2\/types\/post"}],"author":[{"embeddable":true,"href":"https:\/\/www.tucomarca.com\/wordpress\/segunda\/ca\/wp-json\/wp\/v2\/users\/12"}],"replies":[{"embeddable":true,"href":"https:\/\/www.tucomarca.com\/wordpress\/segunda\/ca\/wp-json\/wp\/v2\/comments?post=245965"}],"version-history":[{"count":0,"href":"https:\/\/www.tucomarca.com\/wordpress\/segunda\/ca\/wp-json\/wp\/v2\/posts\/245965\/revisions"}],"wp:featuredmedia":[{"embeddable":true,"href":"https:\/\/www.tucomarca.com\/wordpress\/segunda\/ca\/wp-json\/wp\/v2\/media\/245958"}],"wp:attachment":[{"href":"https:\/\/www.tucomarca.com\/wordpress\/segunda\/ca\/wp-json\/wp\/v2\/media?parent=245965"}],"wp:term":[{"taxonomy":"category","embeddable":true,"href":"https:\/\/www.tucomarca.com\/wordpress\/segunda\/ca\/wp-json\/wp\/v2\/categories?post=245965"},{"taxonomy":"post_tag","embeddable":true,"href":"https:\/\/www.tucomarca.com\/wordpress\/segunda\/ca\/wp-json\/wp\/v2\/tags?post=245965"}],"curies":[{"name":"wp","href":"https:\/\/api.w.org\/{rel}","templated":true}]}}