{"id":246006,"date":"2024-11-21T08:45:00","date_gmt":"2024-11-21T06:45:00","guid":{"rendered":"https:\/\/www.tucomarca.com\/wordpress\/segunda\/?p=246006"},"modified":"2024-11-21T15:22:13","modified_gmt":"2024-11-21T13:22:13","slug":"la-generalitat-destina-7-406-035-euros-a-190-municipis-en-risc-de-despoblacio-i-entre-els-quals-es-troben-afectats-per-la-riuada","status":"publish","type":"post","link":"https:\/\/www.tucomarca.com\/wordpress\/segunda\/ca\/la-generalitat-destina-7-406-035-euros-a-190-municipis-en-risc-de-despoblacio-i-entre-els-quals-es-troben-afectats-per-la-riuada\/","title":{"rendered":"La Generalitat destina 7.406.035 euros a 190 municipis en risc de despoblaci\u00f3 i entre els quals es troben afectats per la riuada"},"content":{"rendered":"\n<h3 class=\"wp-block-heading\">Entre les localitats benefici\u00e0ries estan Bugarra, Calles, Camporrobles, Castielfabib, Caudete de las Fuentes, Xera, Xulilla, Dosaig\u00fces, Xestalgar, Llocnou de la Corona, Llucena, Millars, Pedralba, Sinarques i Sot de Xera.<\/h3>\n\n\n\n<h3 class=\"wp-block-heading\">Els municipis en risc de despoblaci\u00f3 i que han estat afectats per la DANA rebran 733.900 euros.<\/h3>\n\n\n\n<h3 class=\"wp-block-heading\">Es proporciona un alleujament financer immediat als municipis m\u00e9s xicotets que pateixen el fenomen de la despoblaci\u00f3 i que, a m\u00e9s, han patit les conseq\u00fc\u00e8ncies de les inundacions.<\/h3>\n\n\n\n<p>La Generalitat ha assignat 7.406.035 euros a 190 municipis en risc de despoblaci\u00f3 repartits pel territori valenci\u00e0, segons la resoluci\u00f3 que publica el&nbsp;Diari Oficial de la Generalitat Valenciana (DOGV)&nbsp;sobre l&#8217;assignaci\u00f3 de la l\u00ednia espec\u00edfica del fons de cooperaci\u00f3 municipal per a la lluita contra el despoblament dels municipis de la Comunitat Valenciana corresponent a l&#8217;exercici 2024.<\/p>\n\n\n\n<p>Entre aquestes localitats s&#8217;inclouen 15 municipis en risc de despoblaci\u00f3 que s&#8217;han vist afectats per la riuada del passat 29 d&#8217;octubre i que rebran un total de 733.900 euros. Els municipis beneficiaris s\u00f3n: Bugarra, Calles, Camporrobles, Castielfabib, Caudete de las Fuentes, Xera, Xulilla, Dosaig\u00fces, Xestalgar, Llocnou de la Corona, Llucena, Millars, Pedralba, Sinarques i Sot de Xera.<\/p>\n\n\n\n<p>Despr\u00e9s de la publicaci\u00f3 de la resoluci\u00f3, els municipis rebran en breu les quantitats assignades. D&#8217;aquesta manera, es proporciona un alleujament financer immediat als municipis m\u00e9s xicotets que pateixen el fenomen de la despoblaci\u00f3 i que, a m\u00e9s, s&#8217;han vist afectats per la DANA.<\/p>\n\n\n\n<p>Cal subratllar que la percepci\u00f3 del fons contra el despoblament \u00e9s compatible amb les ajudes urgents que ha posat en marxa la Generalitat destinades a les localitats que han patit danys per la riuada.<\/p>\n\n\n\n<p>El Fons de Cooperaci\u00f3 Municipal contra el Despoblament s&#8217;ha refor\u00e7at en 2024, dedicant m\u00e9s recursos i estenent el seu abast a un major nombre de municipis. Amb aquest impuls al fons, el Consell busca combatre de manera m\u00e9s efectiva la despoblaci\u00f3 en la Comunitat Valenciana, revitalitzant les \u00e0rees rurals i oferint noves oportunitats a al voltant de 100.000 persones que resideixen en aquests municipis.<\/p>\n\n\n\n<p>Concretament, podran beneficiar-se 32 poblacions de la prov\u00edncia d&#8217;Alacant, 88 localitats de Castell\u00f3 i un total de 70 municipis de la prov\u00edncia de Val\u00e8ncia, tots ells en risc de despoblaci\u00f3.<\/p>\n\n\n\n<p>A m\u00e9s la resoluci\u00f3 inclou 16 localitats que seran noves perceptores del fons antidespoblaci\u00f3 en 2024: Anna, Antella, Beg\u00eds, Bell\u00fas, Beniarr\u00e9s, Benilloba, Benimarfull, Bolbait, Caudete de las Fuentes, La Jana, Relleu, Sellent, Suera, Sumac\u00e0rcer, Torre de les Ma\u00e7anes i La Vall de Laguar.<\/p>\n\n\n\n<p>El mes de setembre passat, el Govern valenci\u00e0 va aprovar el decret que desenvolupa el Fons de Cooperaci\u00f3 Municipal contra el Despoblament amb l&#8217;objectiu que els municipis en risc de despoblaci\u00f3 que accediren a les l\u00ednies espec\u00edfiques de finan\u00e7ament foren aquells que m\u00e9s ho necessitaren.<\/p>\n\n\n\n<p>La Comissi\u00f3 de seguiment del Fons de Cooperaci\u00f3 Municipal de la Comunitat Valenciana es va reunir a l&#8217;octubre amb la participaci\u00f3 de les diputacions d&#8217;Alacant, Castell\u00f3 i Val\u00e8ncia, la Federaci\u00f3 Valenciana de Municipis i Prov\u00edncies (FVMP) i representants de l&#8217;administraci\u00f3 valenciana; sessi\u00f3 en la qual va donar a con\u00e9ixer la proposta de distribuci\u00f3 del Fons contra la Despoblaci\u00f3 per a l&#8217;exercici 2024.<\/p>\n","protected":false},"excerpt":{"rendered":"<div class=\"mh-excerpt\">Entre les localitats benefici\u00e0ries estan Bugarra, Calles, Camporrobles, Castielfabib, Caudete de las Fuentes, Xera, Xulilla, Dosaig\u00fces, Xestalgar, Llocnou de la Corona, Llucena, Millars, Pedralba, Sinarques i Sot de Xera. Els municipis en risc de despoblaci\u00f3 <a class=\"mh-excerpt-more\" href=\"https:\/\/www.tucomarca.com\/wordpress\/segunda\/ca\/la-generalitat-destina-7-406-035-euros-a-190-municipis-en-risc-de-despoblacio-i-entre-els-quals-es-troben-afectats-per-la-riuada\/\" title=\"La Generalitat destina 7.406.035 euros a 190 municipis en risc de despoblaci\u00f3 i entre els quals es troben afectats per la riuada\">[+] <\/a><\/div>\n","protected":false},"author":12,"featured_media":220177,"comment_status":"open","ping_status":"open","sticky":false,"template":"","format":"standard","meta":{"footnotes":""},"categories":[10890,11040,11038,11031,10925,11032,11036,21466,10976,11046,10898,11034,10948,10963,10894,10904,10912,10970,11025,10947,10909,10896,11058,11026,10897,11037],"tags":[11097,19852,11923,11098,17521,15963,11318,11084,15409,11132,11663,12903,11094,11199,10914,11928,11186,11135,11140,10910,11089,17643],"class_list":{"0":"post-246006","1":"post","2":"type-post","3":"status-publish","4":"format-standard","5":"has-post-thumbnail","7":"category-ademus","8":"category-bugarra-ca","9":"category-calles-ca","10":"category-camporrobles-ca","11":"category-castielfabib-ca","12":"category-caudete-ca","13":"category-chulilla-ca","14":"category-dana-ca","15":"category-dos-aguas-ca","16":"category-los-serranos-ca","17":"category-ventana-ca","18":"category-gestalgar-ca","19":"category-infraestructuras-ca","20":"category-la-canal-de-navarres-ca","21":"category-la-comarca-ca","22":"category-sin-categorizar-ca","23":"category-la-hoya-ca","24":"category-millares-ca","25":"category-pedralba-ca","26":"category-politica","27":"category-requena-utiel-ca","28":"category-seccion-ca","29":"category-sinarcas-ca","30":"category-sot-de-chera-ca","31":"category-sucesos-la-comarca-ca","32":"category-chera-los-serranos-ca","33":"tag-ademuz-ca","34":"tag-bugarra-ca","35":"tag-calles-2-ca","36":"tag-camporrobles-ca","37":"tag-castielfabib-ca","38":"tag-caudete-ca","39":"tag-chera-ca","40":"tag-chulilla-ca","41":"tag-dana-2-ca","42":"tag-dos-aguas","43":"tag-gestalgar-ca","44":"tag-infraestructuras-ca","45":"tag-la-canal-de-navarres","46":"tag-la-comunitat-ca","47":"tag-la-hoya-de-bunol-chiva-ca","48":"tag-la-serrania-ca","49":"tag-millares-ca","50":"tag-pedralba-ca","51":"tag-politica-ca","52":"tag-requena-utiel-ca","53":"tag-sinarcas-ca","54":"tag-sot-de-chera-ca"},"_links":{"self":[{"href":"https:\/\/www.tucomarca.com\/wordpress\/segunda\/ca\/wp-json\/wp\/v2\/posts\/246006","targetHints":{"allow":["GET"]}}],"collection":[{"href":"https:\/\/www.tucomarca.com\/wordpress\/segunda\/ca\/wp-json\/wp\/v2\/posts"}],"about":[{"href":"https:\/\/www.tucomarca.com\/wordpress\/segunda\/ca\/wp-json\/wp\/v2\/types\/post"}],"author":[{"embeddable":true,"href":"https:\/\/www.tucomarca.com\/wordpress\/segunda\/ca\/wp-json\/wp\/v2\/users\/12"}],"replies":[{"embeddable":true,"href":"https:\/\/www.tucomarca.com\/wordpress\/segunda\/ca\/wp-json\/wp\/v2\/comments?post=246006"}],"version-history":[{"count":0,"href":"https:\/\/www.tucomarca.com\/wordpress\/segunda\/ca\/wp-json\/wp\/v2\/posts\/246006\/revisions"}],"wp:featuredmedia":[{"embeddable":true,"href":"https:\/\/www.tucomarca.com\/wordpress\/segunda\/ca\/wp-json\/wp\/v2\/media\/220177"}],"wp:attachment":[{"href":"https:\/\/www.tucomarca.com\/wordpress\/segunda\/ca\/wp-json\/wp\/v2\/media?parent=246006"}],"wp:term":[{"taxonomy":"category","embeddable":true,"href":"https:\/\/www.tucomarca.com\/wordpress\/segunda\/ca\/wp-json\/wp\/v2\/categories?post=246006"},{"taxonomy":"post_tag","embeddable":true,"href":"https:\/\/www.tucomarca.com\/wordpress\/segunda\/ca\/wp-json\/wp\/v2\/tags?post=246006"}],"curies":[{"name":"wp","href":"https:\/\/api.w.org\/{rel}","templated":true}]}}