{"id":246040,"date":"2024-11-21T09:15:00","date_gmt":"2024-11-21T07:15:00","guid":{"rendered":"https:\/\/www.tucomarca.com\/wordpress\/segunda\/?p=246040"},"modified":"2024-11-21T23:38:25","modified_gmt":"2024-11-21T21:38:25","slug":"oberta-la-convocatoria-de-subvencions-per-a-joves-esportistes-de-xest","status":"publish","type":"post","link":"https:\/\/www.tucomarca.com\/wordpress\/segunda\/ca\/oberta-la-convocatoria-de-subvencions-per-a-joves-esportistes-de-xest\/","title":{"rendered":"Oberta la convocat\u00f2ria de subvencions per a joves esportistes de Xest"},"content":{"rendered":"\n<p>La Regidoria d&#8217;Esports ha impulsat l&#8217;elaboraci\u00f3 d&#8217;una convocat\u00f2ria per a la concessi\u00f3 de subvencions, en r\u00e8gim de concurr\u00e8ncia competitiva, a joves esportistes destacats de la localitat.<\/p>\n\n\n\n<p>Les bases ja estan publicades en la seu electr\u00f2nica de l&#8217;Ajuntament i tenen per objecte col\u00b7laborar econ\u00f2micament en el finan\u00e7ament dels programes d&#8217;entrenament i competici\u00f3 d&#8217;esportistes de Xest de fins a 25 anys, amb llic\u00e8ncia federativa, per\u00f2 no professionals.<\/p>\n\n\n\n<p>El total de les subvencions sumar\u00e0 2.200 euros, que seran repartits entre les persones aspirants que hagen obtingut major puntuaci\u00f3 segons els criteris de baremaci\u00f3 establits en les bases, que estipulen 650 euros per al primer lloc, 550 euros per al segon, 450 per al tercer, 250 per al quart, i 150 euros per al cinqu\u00e9 i sis\u00e9.<\/p>\n\n\n\n<p>Les sol\u00b7licituds es podran presentar fins al 5 de desembre de 2024 per via telem\u00e0tica, a trav\u00e9s de la seu electr\u00f2nica, mitjan\u00e7ant una inst\u00e0ncia dirigida a la Regidoria d&#8217;Esports, o presencialment, en el registre d&#8217;entrada de l&#8217;Ajuntament.<\/p>\n","protected":false},"excerpt":{"rendered":"<div class=\"mh-excerpt\">La Regidoria d&#8217;Esports ha impulsat l&#8217;elaboraci\u00f3 d&#8217;una convocat\u00f2ria per a la concessi\u00f3 de subvencions, en r\u00e8gim de concurr\u00e8ncia competitiva, a joves esportistes destacats de la localitat. Les bases ja estan publicades en la seu electr\u00f2nica <a class=\"mh-excerpt-more\" href=\"https:\/\/www.tucomarca.com\/wordpress\/segunda\/ca\/oberta-la-convocatoria-de-subvencions-per-a-joves-esportistes-de-xest\/\" title=\"Oberta la convocat\u00f2ria de subvencions per a joves esportistes de Xest\">[+] <\/a><\/div>\n","protected":false},"author":12,"featured_media":89187,"comment_status":"open","ping_status":"open","sticky":false,"template":"","format":"standard","meta":{"footnotes":""},"categories":[11003,10894,10912,11009,10896,10974],"tags":[11071,11074,10914],"class_list":{"0":"post-246040","1":"post","2":"type-post","3":"status-publish","4":"format-standard","5":"has-post-thumbnail","7":"category-sports","8":"category-la-comarca-ca","9":"category-la-hoya-ca","10":"category-polideportivo-ca","11":"category-seccion-ca","12":"category-cheste-ca","13":"tag-cheste","14":"tag-deportes-ca","15":"tag-la-hoya-de-bunol-chiva-ca"},"_links":{"self":[{"href":"https:\/\/www.tucomarca.com\/wordpress\/segunda\/ca\/wp-json\/wp\/v2\/posts\/246040","targetHints":{"allow":["GET"]}}],"collection":[{"href":"https:\/\/www.tucomarca.com\/wordpress\/segunda\/ca\/wp-json\/wp\/v2\/posts"}],"about":[{"href":"https:\/\/www.tucomarca.com\/wordpress\/segunda\/ca\/wp-json\/wp\/v2\/types\/post"}],"author":[{"embeddable":true,"href":"https:\/\/www.tucomarca.com\/wordpress\/segunda\/ca\/wp-json\/wp\/v2\/users\/12"}],"replies":[{"embeddable":true,"href":"https:\/\/www.tucomarca.com\/wordpress\/segunda\/ca\/wp-json\/wp\/v2\/comments?post=246040"}],"version-history":[{"count":0,"href":"https:\/\/www.tucomarca.com\/wordpress\/segunda\/ca\/wp-json\/wp\/v2\/posts\/246040\/revisions"}],"wp:featuredmedia":[{"embeddable":true,"href":"https:\/\/www.tucomarca.com\/wordpress\/segunda\/ca\/wp-json\/wp\/v2\/media\/89187"}],"wp:attachment":[{"href":"https:\/\/www.tucomarca.com\/wordpress\/segunda\/ca\/wp-json\/wp\/v2\/media?parent=246040"}],"wp:term":[{"taxonomy":"category","embeddable":true,"href":"https:\/\/www.tucomarca.com\/wordpress\/segunda\/ca\/wp-json\/wp\/v2\/categories?post=246040"},{"taxonomy":"post_tag","embeddable":true,"href":"https:\/\/www.tucomarca.com\/wordpress\/segunda\/ca\/wp-json\/wp\/v2\/tags?post=246040"}],"curies":[{"name":"wp","href":"https:\/\/api.w.org\/{rel}","templated":true}]}}