{"id":246183,"date":"2024-11-23T12:00:00","date_gmt":"2024-11-23T10:00:00","guid":{"rendered":"https:\/\/www.tucomarca.com\/wordpress\/segunda\/?p=246183"},"modified":"2024-11-25T10:20:23","modified_gmt":"2024-11-25T08:20:23","slug":"carlos-mazon-visita-el-parc-industrial-cotes-dalgemesi","status":"publish","type":"post","link":"https:\/\/www.tucomarca.com\/wordpress\/segunda\/ca\/carlos-mazon-visita-el-parc-industrial-cotes-dalgemesi\/","title":{"rendered":"Carlos Maz\u00f3n visita el parc industrial Cotes d&#8217;Algemes\u00ed"},"content":{"rendered":"\n<h3 class=\"wp-block-heading\">El president de la Generalitat ha posat en valor la labor dels voluntaris i dels empresaris de la zona que han contribu\u00eft a la posada en marxa de centres log\u00edstics, de magatzematge i de repartiment d&#8217;aliments i estris per a la poblaci\u00f3.&nbsp;<\/h3>\n\n\n\n<h3 class=\"wp-block-heading\">Remarca el seu comprom\u00eds amb \u201ccontinuar accelerant la reconstrucci\u00f3 econ\u00f2mica i social\u201d i \u201ccompatibilitzar les obres d&#8217;emerg\u00e8ncia amb el disseny de les obres estructurals des de la vicepresid\u00e8ncia de la Recuperaci\u00f3.<\/h3>\n\n\n\n<p>El president de la Generalitat, Carlos Maz\u00f3n, ha visitat el parc industrial Cotes d&#8217;Algemes\u00ed, acompanyat per l&#8217;alcalde de la poblaci\u00f3, Jos\u00e9 Javier Sanchis.&nbsp;<\/p>\n\n\n\n<p>El cap del Consell ha posat en valor la labor dels voluntaris i dels empresaris de la zona que han contribu\u00eft a la posada en marxa de centres log\u00edstics, de magatzematge i de repartiment d&#8217;aliments i estris per a la poblaci\u00f3.<\/p>\n\n\n\n<p>El president de la Generalitat ha destacat que \u201ca poc a poc anem avan\u00e7ant cap a la recuperaci\u00f3 i la normalitat\u201d dels municipis afectats. En aquest sentit, ha afirmat que la prioritat del Consell \u00e9s continuar escometent tots els treballs necessaris per a restablir l&#8217;activitat econ\u00f2mica i social.&nbsp;<\/p>\n\n\n\n<p>Aix\u00ed, s&#8217;ha referit al fet que l&#8217;activitat educativa\u201d ja es va restablint\u201d, a m\u00e9s de l&#8217;assenyalar el refor\u00e7 per a la campanya de vacunaci\u00f3 \u201cque ja s&#8217;est\u00e0 produint\u201d.<\/p>\n\n\n\n<p>De la mateixa manera, ha indicat que les ajudes de 6.000 euros per la p\u00e8rdua de b\u00e9ns i estris de primera necessitat posades en marxa per al Generalitat \u201cvan per bon cam\u00ed i a Algemes\u00ed ja han arribat a 120 afectats\u201d.<\/p>\n\n\n\n<p>Carlos Maz\u00f3n tamb\u00e9 ha incidit en els contractes d&#8217;emerg\u00e8ncia de la Generalitat per a la neteja de les zones industrials \u201cperqu\u00e8 la poblaci\u00f3 recupere la seua capacitat laboral i activitat industrial\u201d, per al que ha agra\u00eft el treball coordinat amb els alcaldes i tots els efectius municipals.&nbsp;<br>Aix\u00ed mateix, ha remarcat la seua aposta per \u201ccontinuar accelerant la recuperaci\u00f3\u201d i \u201ccompatibilitzar les obres d&#8217;emerg\u00e8ncia amb el disseny de les obres estructurals\u201d des de la vicepresid\u00e8ncia de la Recuperaci\u00f3 en coordinaci\u00f3 amb tot el govern valenci\u00e0 per a \u201crecobrar el futur dels municipis afectats i de la Comunitat Valenciana\u201d.<\/p>\n\n\n\n<figure class=\"wp-block-gallery has-nested-images columns-default is-cropped wp-block-gallery-1 is-layout-flex wp-block-gallery-is-layout-flex\">\n<figure class=\"wp-block-image\"><img loading=\"lazy\" decoding=\"async\" width=\"2560\" height=\"1710\" data-id=\"246178\" src=\"http:\/\/www.tucomarca.com\/wordpress\/segunda\/wp-content\/uploads\/2024\/11\/MazonAlgemesi02-scaled.jpeg\" alt=\"\" class=\"wp-image-246178\" srcset=\"https:\/\/www.tucomarca.com\/wordpress\/segunda\/wp-content\/uploads\/2024\/11\/MazonAlgemesi02-scaled.jpeg 2560w, https:\/\/www.tucomarca.com\/wordpress\/segunda\/wp-content\/uploads\/2024\/11\/MazonAlgemesi02-300x200.jpeg 300w, https:\/\/www.tucomarca.com\/wordpress\/segunda\/wp-content\/uploads\/2024\/11\/MazonAlgemesi02-1024x684.jpeg 1024w, https:\/\/www.tucomarca.com\/wordpress\/segunda\/wp-content\/uploads\/2024\/11\/MazonAlgemesi02-768x513.jpeg 768w, https:\/\/www.tucomarca.com\/wordpress\/segunda\/wp-content\/uploads\/2024\/11\/MazonAlgemesi02-1536x1026.jpeg 1536w, https:\/\/www.tucomarca.com\/wordpress\/segunda\/wp-content\/uploads\/2024\/11\/MazonAlgemesi02-2048x1368.jpeg 2048w\" sizes=\"auto, (max-width: 2560px) 100vw, 2560px\" \/><\/figure>\n\n\n\n<figure class=\"wp-block-image\"><img loading=\"lazy\" decoding=\"async\" width=\"2560\" height=\"1706\" data-id=\"246176\" src=\"http:\/\/www.tucomarca.com\/wordpress\/segunda\/wp-content\/uploads\/2024\/11\/MazonAlgemesi01-scaled.jpeg\" alt=\"\" class=\"wp-image-246176\" srcset=\"https:\/\/www.tucomarca.com\/wordpress\/segunda\/wp-content\/uploads\/2024\/11\/MazonAlgemesi01-scaled.jpeg 2560w, https:\/\/www.tucomarca.com\/wordpress\/segunda\/wp-content\/uploads\/2024\/11\/MazonAlgemesi01-300x200.jpeg 300w, https:\/\/www.tucomarca.com\/wordpress\/segunda\/wp-content\/uploads\/2024\/11\/MazonAlgemesi01-1024x683.jpeg 1024w, https:\/\/www.tucomarca.com\/wordpress\/segunda\/wp-content\/uploads\/2024\/11\/MazonAlgemesi01-768x512.jpeg 768w, https:\/\/www.tucomarca.com\/wordpress\/segunda\/wp-content\/uploads\/2024\/11\/MazonAlgemesi01-1536x1024.jpeg 1536w, https:\/\/www.tucomarca.com\/wordpress\/segunda\/wp-content\/uploads\/2024\/11\/MazonAlgemesi01-2048x1365.jpeg 2048w\" sizes=\"auto, (max-width: 2560px) 100vw, 2560px\" \/><\/figure>\n<\/figure>\n","protected":false},"excerpt":{"rendered":"<div class=\"mh-excerpt\">El president de la Generalitat ha posat en valor la labor dels voluntaris i dels empresaris de la zona que han contribu\u00eft a la posada en marxa de centres log\u00edstics, de magatzematge i de repartiment <a class=\"mh-excerpt-more\" href=\"https:\/\/www.tucomarca.com\/wordpress\/segunda\/ca\/carlos-mazon-visita-el-parc-industrial-cotes-dalgemesi\/\" title=\"Carlos Maz\u00f3n visita el parc industrial Cotes d&#8217;Algemes\u00ed\">[+] <\/a><\/div>\n","protected":false},"author":12,"featured_media":246181,"comment_status":"open","ping_status":"open","sticky":false,"template":"","format":"gallery","meta":{"footnotes":""},"categories":[10983,21466,10948,10894,10904,10902,10903,10947,10896,10897],"tags":[11081,15409,12903,11199,11077],"class_list":{"0":"post-246183","1":"post","2":"type-post","3":"status-publish","4":"format-gallery","5":"has-post-thumbnail","7":"category-algemesi-ca","8":"category-dana-ca","9":"category-infraestructuras-ca","10":"category-la-comarca-ca","11":"category-sin-categorizar-ca","12":"category-la-ribera-ca","13":"category-medio-ambiente-la-comarca-ca","14":"category-politica","15":"category-seccion-ca","16":"category-sucesos-la-comarca-ca","17":"tag-algemesi-ca","18":"tag-dana-2-ca","19":"tag-infraestructuras-ca","20":"tag-la-comunitat-ca","21":"tag-la-ribera-alta-ca","22":"post_format-post-format-gallery"},"_links":{"self":[{"href":"https:\/\/www.tucomarca.com\/wordpress\/segunda\/ca\/wp-json\/wp\/v2\/posts\/246183","targetHints":{"allow":["GET"]}}],"collection":[{"href":"https:\/\/www.tucomarca.com\/wordpress\/segunda\/ca\/wp-json\/wp\/v2\/posts"}],"about":[{"href":"https:\/\/www.tucomarca.com\/wordpress\/segunda\/ca\/wp-json\/wp\/v2\/types\/post"}],"author":[{"embeddable":true,"href":"https:\/\/www.tucomarca.com\/wordpress\/segunda\/ca\/wp-json\/wp\/v2\/users\/12"}],"replies":[{"embeddable":true,"href":"https:\/\/www.tucomarca.com\/wordpress\/segunda\/ca\/wp-json\/wp\/v2\/comments?post=246183"}],"version-history":[{"count":0,"href":"https:\/\/www.tucomarca.com\/wordpress\/segunda\/ca\/wp-json\/wp\/v2\/posts\/246183\/revisions"}],"wp:featuredmedia":[{"embeddable":true,"href":"https:\/\/www.tucomarca.com\/wordpress\/segunda\/ca\/wp-json\/wp\/v2\/media\/246181"}],"wp:attachment":[{"href":"https:\/\/www.tucomarca.com\/wordpress\/segunda\/ca\/wp-json\/wp\/v2\/media?parent=246183"}],"wp:term":[{"taxonomy":"category","embeddable":true,"href":"https:\/\/www.tucomarca.com\/wordpress\/segunda\/ca\/wp-json\/wp\/v2\/categories?post=246183"},{"taxonomy":"post_tag","embeddable":true,"href":"https:\/\/www.tucomarca.com\/wordpress\/segunda\/ca\/wp-json\/wp\/v2\/tags?post=246183"}],"curies":[{"name":"wp","href":"https:\/\/api.w.org\/{rel}","templated":true}]}}