{"id":246192,"date":"2024-11-25T09:00:00","date_gmt":"2024-11-25T07:00:00","guid":{"rendered":"https:\/\/www.tucomarca.com\/wordpress\/segunda\/?p=246192"},"modified":"2024-11-25T13:40:30","modified_gmt":"2024-11-25T11:40:30","slug":"bunyol-commemora-el-dia-internacional-de-leliminacio-de-la-violencia-contra-la-dona","status":"publish","type":"post","link":"https:\/\/www.tucomarca.com\/wordpress\/segunda\/ca\/bunyol-commemora-el-dia-internacional-de-leliminacio-de-la-violencia-contra-la-dona\/","title":{"rendered":"Bunyol commemora el Dia Internacional de l&#8217;Eliminaci\u00f3 de la Viol\u00e8ncia contra la Dona"},"content":{"rendered":"<div class=\"wp-block-image\">\n<figure class=\"alignleft size-full is-resized\"><img loading=\"lazy\" decoding=\"async\" width=\"886\" height=\"886\" src=\"http:\/\/www.tucomarca.com\/wordpress\/segunda\/wp-content\/uploads\/2024\/11\/Bunol_25N.jpg\" alt=\"\" class=\"wp-image-246189\" style=\"width:385px;height:auto\" srcset=\"https:\/\/www.tucomarca.com\/wordpress\/segunda\/wp-content\/uploads\/2024\/11\/Bunol_25N.jpg 886w, https:\/\/www.tucomarca.com\/wordpress\/segunda\/wp-content\/uploads\/2024\/11\/Bunol_25N-300x300.jpg 300w, https:\/\/www.tucomarca.com\/wordpress\/segunda\/wp-content\/uploads\/2024\/11\/Bunol_25N-290x290.jpg 290w, https:\/\/www.tucomarca.com\/wordpress\/segunda\/wp-content\/uploads\/2024\/11\/Bunol_25N-768x768.jpg 768w\" sizes=\"auto, (max-width: 886px) 100vw, 886px\" \/><\/figure>\n<\/div>\n\n\n<p>Aquest 25 de novembre se celebra a tot el m\u00f3n el Dia Internacional de l&#8217;Eliminaci\u00f3 de la Viol\u00e8ncia Contra la Dona. <\/p>\n\n\n\n<p>Amb motiu d&#8217;aquesta commemoraci\u00f3, l&#8217;Ajuntament de Bunyol ha organitzat la lectura d&#8217;un manifest a les 18.00 hores i, al llarg d&#8217;aquesta setmana, es duran a terme les activitats &#8220;Iceberg d&#8217;Igualtat&#8221;, amb l&#8217;objectiu de sensibilitzar i promoure la igualtat en la poblaci\u00f3.<\/p>\n","protected":false},"excerpt":{"rendered":"<div class=\"mh-excerpt\">Aquest 25 de novembre se celebra a tot el m\u00f3n el Dia Internacional de l&#8217;Eliminaci\u00f3 de la Viol\u00e8ncia Contra la Dona. Amb motiu d&#8217;aquesta commemoraci\u00f3, l&#8217;Ajuntament de Bunyol ha organitzat la lectura d&#8217;un manifest a <a class=\"mh-excerpt-more\" href=\"https:\/\/www.tucomarca.com\/wordpress\/segunda\/ca\/bunyol-commemora-el-dia-internacional-de-leliminacio-de-la-violencia-contra-la-dona\/\" title=\"Bunyol commemora el Dia Internacional de l&#8217;Eliminaci\u00f3 de la Viol\u00e8ncia contra la Dona\">[+] <\/a><\/div>\n","protected":false},"author":12,"featured_media":246190,"comment_status":"open","ping_status":"open","sticky":false,"template":"","format":"standard","meta":{"footnotes":""},"categories":[11019,10911,10894,10912,10947,10896],"tags":[13087,10913,21615,10914],"class_list":{"0":"post-246192","1":"post","2":"type-post","3":"status-publish","4":"format-standard","5":"has-post-thumbnail","7":"category-agenda-ca","8":"category-bunol-ca","9":"category-la-comarca-ca","10":"category-la-hoya-ca","11":"category-politica","12":"category-seccion-ca","13":"tag-25n-ca","14":"tag-bunol-ca","15":"tag-dia-internacional-de-la-eliminacion-de-la-violencia-contra-la-mujer-ca","16":"tag-la-hoya-de-bunol-chiva-ca"},"_links":{"self":[{"href":"https:\/\/www.tucomarca.com\/wordpress\/segunda\/ca\/wp-json\/wp\/v2\/posts\/246192","targetHints":{"allow":["GET"]}}],"collection":[{"href":"https:\/\/www.tucomarca.com\/wordpress\/segunda\/ca\/wp-json\/wp\/v2\/posts"}],"about":[{"href":"https:\/\/www.tucomarca.com\/wordpress\/segunda\/ca\/wp-json\/wp\/v2\/types\/post"}],"author":[{"embeddable":true,"href":"https:\/\/www.tucomarca.com\/wordpress\/segunda\/ca\/wp-json\/wp\/v2\/users\/12"}],"replies":[{"embeddable":true,"href":"https:\/\/www.tucomarca.com\/wordpress\/segunda\/ca\/wp-json\/wp\/v2\/comments?post=246192"}],"version-history":[{"count":0,"href":"https:\/\/www.tucomarca.com\/wordpress\/segunda\/ca\/wp-json\/wp\/v2\/posts\/246192\/revisions"}],"wp:featuredmedia":[{"embeddable":true,"href":"https:\/\/www.tucomarca.com\/wordpress\/segunda\/ca\/wp-json\/wp\/v2\/media\/246190"}],"wp:attachment":[{"href":"https:\/\/www.tucomarca.com\/wordpress\/segunda\/ca\/wp-json\/wp\/v2\/media?parent=246192"}],"wp:term":[{"taxonomy":"category","embeddable":true,"href":"https:\/\/www.tucomarca.com\/wordpress\/segunda\/ca\/wp-json\/wp\/v2\/categories?post=246192"},{"taxonomy":"post_tag","embeddable":true,"href":"https:\/\/www.tucomarca.com\/wordpress\/segunda\/ca\/wp-json\/wp\/v2\/tags?post=246192"}],"curies":[{"name":"wp","href":"https:\/\/api.w.org\/{rel}","templated":true}]}}