{"id":246239,"date":"2024-11-25T09:10:00","date_gmt":"2024-11-25T07:10:00","guid":{"rendered":"https:\/\/www.tucomarca.com\/wordpress\/segunda\/?p=246239"},"modified":"2024-11-25T14:18:30","modified_gmt":"2024-11-25T12:18:30","slug":"millars-commemora-el-25n-amb-el-projecte-dones-que-fan-poble","status":"publish","type":"post","link":"https:\/\/www.tucomarca.com\/wordpress\/segunda\/ca\/millars-commemora-el-25n-amb-el-projecte-dones-que-fan-poble\/","title":{"rendered":"Millars commemora el 25N amb el projecte &#8216;Dones que fan Poble&#8217;"},"content":{"rendered":"\n<p>L&#8217;Ajuntament de Millars, en col\u00b7laboraci\u00f3 amb la Diputaci\u00f3 de Val\u00e8ncia, ha posat en marxa el projecte documental &#8220;Dones que fan Poble&#8221;, una iniciativa que ret homenatge a les dones de Millars i al seu important paper en la hist\u00f2ria local.<\/p>\n\n\n\n<p>Aquest projecte es desenvolupa gr\u00e0cies a una subvenci\u00f3 de la Diputaci\u00f3 destinada als municipis integrats en la Xarxa de Municipis Protegits contra la Viol\u00e8ncia de G\u00e8nere. Emmarcat en les accions de la Regidoria d&#8217;Igualtat, el documental busca visibilitzar i recon\u00e9ixer la contribuci\u00f3 de les dones millarencas a la construcci\u00f3 del seu municipi.<\/p>\n\n\n\n<p>La campanya se suma a les activitats commemoratives del Dia Internacional de l&#8217;Eliminaci\u00f3 de la Viol\u00e8ncia Contra les Dones, refor\u00e7ant el comprom\u00eds del municipi amb la igualtat i la lluita contra la viol\u00e8ncia de g\u00e8nere.<\/p>\n\n\n\n<figure class=\"wp-block-image size-large\"><img loading=\"lazy\" decoding=\"async\" width=\"1024\" height=\"1024\" src=\"http:\/\/www.tucomarca.com\/wordpress\/segunda\/wp-content\/uploads\/2024\/11\/Millaresz25N_2-1024x1024.jpg\" alt=\"\" class=\"wp-image-246227\" srcset=\"https:\/\/www.tucomarca.com\/wordpress\/segunda\/wp-content\/uploads\/2024\/11\/Millaresz25N_2-1024x1024.jpg 1024w, https:\/\/www.tucomarca.com\/wordpress\/segunda\/wp-content\/uploads\/2024\/11\/Millaresz25N_2-300x300.jpg 300w, https:\/\/www.tucomarca.com\/wordpress\/segunda\/wp-content\/uploads\/2024\/11\/Millaresz25N_2-290x290.jpg 290w, https:\/\/www.tucomarca.com\/wordpress\/segunda\/wp-content\/uploads\/2024\/11\/Millaresz25N_2-768x768.jpg 768w, https:\/\/www.tucomarca.com\/wordpress\/segunda\/wp-content\/uploads\/2024\/11\/Millaresz25N_2.jpg 1080w\" sizes=\"auto, (max-width: 1024px) 100vw, 1024px\" \/><\/figure>\n","protected":false},"excerpt":{"rendered":"<div class=\"mh-excerpt\">L&#8217;Ajuntament de Millars, en col\u00b7laboraci\u00f3 amb la Diputaci\u00f3 de Val\u00e8ncia, ha posat en marxa el projecte documental &#8220;Dones que fan Poble&#8221;, una iniciativa que ret homenatge a les dones de Millars i al seu important <a class=\"mh-excerpt-more\" href=\"https:\/\/www.tucomarca.com\/wordpress\/segunda\/ca\/millars-commemora-el-25n-amb-el-projecte-dones-que-fan-poble\/\" title=\"Millars commemora el 25N amb el projecte &#8216;Dones que fan Poble&#8217;\">[+] <\/a><\/div>\n","protected":false},"author":12,"featured_media":246226,"comment_status":"open","ping_status":"open","sticky":false,"template":"","format":"standard","meta":{"footnotes":""},"categories":[11019,10963,10894,10970,11007,10947,10896],"tags":[13087,11094,11186],"class_list":{"0":"post-246239","1":"post","2":"type-post","3":"status-publish","4":"format-standard","5":"has-post-thumbnail","7":"category-agenda-ca","8":"category-la-canal-de-navarres-ca","9":"category-la-comarca-ca","10":"category-millares-ca","11":"category-ocio-y-cultura-ca","12":"category-politica","13":"category-seccion-ca","14":"tag-25n-ca","15":"tag-la-canal-de-navarres","16":"tag-millares-ca"},"_links":{"self":[{"href":"https:\/\/www.tucomarca.com\/wordpress\/segunda\/ca\/wp-json\/wp\/v2\/posts\/246239","targetHints":{"allow":["GET"]}}],"collection":[{"href":"https:\/\/www.tucomarca.com\/wordpress\/segunda\/ca\/wp-json\/wp\/v2\/posts"}],"about":[{"href":"https:\/\/www.tucomarca.com\/wordpress\/segunda\/ca\/wp-json\/wp\/v2\/types\/post"}],"author":[{"embeddable":true,"href":"https:\/\/www.tucomarca.com\/wordpress\/segunda\/ca\/wp-json\/wp\/v2\/users\/12"}],"replies":[{"embeddable":true,"href":"https:\/\/www.tucomarca.com\/wordpress\/segunda\/ca\/wp-json\/wp\/v2\/comments?post=246239"}],"version-history":[{"count":0,"href":"https:\/\/www.tucomarca.com\/wordpress\/segunda\/ca\/wp-json\/wp\/v2\/posts\/246239\/revisions"}],"wp:featuredmedia":[{"embeddable":true,"href":"https:\/\/www.tucomarca.com\/wordpress\/segunda\/ca\/wp-json\/wp\/v2\/media\/246226"}],"wp:attachment":[{"href":"https:\/\/www.tucomarca.com\/wordpress\/segunda\/ca\/wp-json\/wp\/v2\/media?parent=246239"}],"wp:term":[{"taxonomy":"category","embeddable":true,"href":"https:\/\/www.tucomarca.com\/wordpress\/segunda\/ca\/wp-json\/wp\/v2\/categories?post=246239"},{"taxonomy":"post_tag","embeddable":true,"href":"https:\/\/www.tucomarca.com\/wordpress\/segunda\/ca\/wp-json\/wp\/v2\/tags?post=246239"}],"curies":[{"name":"wp","href":"https:\/\/api.w.org\/{rel}","templated":true}]}}