{"id":246272,"date":"2024-11-24T10:00:00","date_gmt":"2024-11-24T08:00:00","guid":{"rendered":"https:\/\/www.tucomarca.com\/wordpress\/segunda\/?p=246272"},"modified":"2024-11-25T13:48:12","modified_gmt":"2024-11-25T11:48:12","slug":"riba-roja-assigna-65-000-euros-en-ajudes-per-a-installar-energia-solar-en-els-habitatges-i-edificis-de-la-localitat-i-reduir-limpacte-demissions-de-dioxid-de-carboni","status":"publish","type":"post","link":"https:\/\/www.tucomarca.com\/wordpress\/segunda\/ca\/riba-roja-assigna-65-000-euros-en-ajudes-per-a-installar-energia-solar-en-els-habitatges-i-edificis-de-la-localitat-i-reduir-limpacte-demissions-de-dioxid-de-carboni\/","title":{"rendered":"Riba-roja assigna 65.000 euros en ajudes per a instal\u00b7lar energia solar en els habitatges i edificis de la localitat i reduir l&#8217;impacte d&#8217;emissions de di\u00f2xid de carboni"},"content":{"rendered":"\n<h3 class=\"wp-block-heading\">L&#8217;ajuntament publica les bases que regulen la concessi\u00f3 de les ajudes destinades al foment de les instal\u00b7lacions d&#8217;energia solar per a autoconsum.<\/h3>\n\n\n\n<p>L&#8217;Ajuntament de Riba-roja de T\u00faria ha publicat les bases reguladores destinades al foment de les instal\u00b7lacions d&#8217;energia solar fotovoltaica per a autoconsum en habitatges i edificis del terme municipal. El projecte pret\u00e9n constituir un model energ\u00e8tic alternatiu a les energies tradicionals amb una partida econ\u00f2mica de 65.000 euros en total.&nbsp;<\/p>\n\n\n\n<p>La posada en marxa d&#8217;aquest projecte energ\u00e8tic a Riba-roja de T\u00faria es dur\u00e0 a terme mitjan\u00e7ant un sistema en r\u00e8gim de concurr\u00e8ncia competitiva per a contribuir a l&#8217;autoconsum d&#8217;energies renovables i netes, de manera que cada llar, habitatge o edifici genere la seua pr\u00f2pia electricitat i, al mateix temps, es reduir\u00e0 el consum dels combustibles derivats del petroli per a aconseguir una major autonomia respecte de l&#8217;exterior.&nbsp;<\/p>\n\n\n\n<p>La convocat\u00f2ria d&#8217;enguany potencia la figura de la persona especialista en la tramitaci\u00f3 del procediment per a la posada en marxa d&#8217;aquest servei en les instal\u00b7lacions previstes per cada sol\u00b7licitant i, a m\u00e9s, aquest especialista es podr\u00e0 encarregar, al mateix temps, de la gesti\u00f3 dels tr\u00e0mits administratius i t\u00e8cnics necessaris per a optar a l&#8217;obtenci\u00f3 de les ajudes econ\u00f2miques.&nbsp;<\/p>\n\n\n\n<p>Per aix\u00f2, els propis sol\u00b7licitants d&#8217;aquestes ajudes podran designar a un instal\u00b7lador autoritzat que, en la seua condici\u00f3 oficial d&#8217;especialista en la mat\u00e8ria, podr\u00e0 encarregar-se de tot el proc\u00e9s administratiu, en la sol\u00b7licitud i en l&#8217;execuci\u00f3 del projecte. Els sol\u00b7licitants podran ser persones f\u00edsiques i comunitats de propietaris dels habitatges, llars i edificis residencials que estiguen situats en el terme de Riba-roja de T\u00faria.&nbsp;<\/p>\n\n\n\n<p>Una de les condicions que s&#8217;exigeixen la convocat\u00f2ria per a aconseguir el major impacte possible en la reducci\u00f3 de les emissions de di\u00f2xid de carboni (CO\u2082) \u00e9s l&#8217;obligatorietat d&#8217;exigir que els els habitatges i els edificis estiguen habitats en el moment de la petici\u00f3, de manera que ser\u00e0 necessari aportar els certificats d&#8217;empadronament de les persones inscrites i les factures justificatives d&#8217;un consum el\u00e8ctric superior a 2.500 quilowatts a l&#8217;any.&nbsp;<\/p>\n\n\n\n<p>La iniciativa municipal de Riba-roja de T\u00faria estableix una quantitat econ\u00f2mica m\u00e0xima en cadascuna de les sol\u00b7licituds acceptades, de manera que en cada habitatge es podr\u00e0 subvencionar fins a 400 euros per quilowatt instal\u00b7lat i un l\u00edmit de 3 quilowatts per a cadascun d&#8217;ells. Les bases reguladores fixen, a m\u00e9s, una s\u00e8rie de despeses subvencionables en les sol\u00b7licituds presentades.&nbsp;<\/p>\n\n\n\n<p>Entre les despeses objecte de la subvenci\u00f3 apareixen aquells que de manera indubtable responguen a la naturalesa de l&#8217;activitat subvencionada, ser estrictament necessaris per a dur a terme el projecte subvencionat i, en cap cas, el cost de l&#8217;adquisici\u00f3 de les despeses subvencionables en cadascuna de les sol\u00b7licituds presentades davant l&#8217;ajuntament podr\u00e0 ser superiors al valor existent en el mercat.&nbsp;<\/p>\n\n\n\n<p>A m\u00e9s, les instal\u00b7lacions subvencionades en els habitatges o en els edificis hauran de romandre per un per\u00edode m\u00ednim de deu anys. A m\u00e9s, no es podran subvencionades les instal\u00b7lacions o equips mitjan\u00e7ant l\u00edsing, r\u00e8nting o alguna altra f\u00f3rmula d&#8217;arrendament en el cas que els b\u00e9ns no siguen propietat del beneficiari. Tampoc seran subvencionats el cost derivat de l&#8217;amortitzaci\u00f3, els interesse deutors dels comptes bancaris o els interessos, rec\u00e0rrecs i sancions administratives i penals.&nbsp;<\/p>\n\n\n\n<p>L&#8217;alcalde de Riba-roja de T\u00faria, Robert Raga, ha afirmat que aquesta iniciativa \u201cconstitueix la demostraci\u00f3 palpable del comprom\u00eds del govern municipal per continuar el cam\u00ed que vam emprendre fa uns anys per a subvencionar totes aquelles iniciatives que suposen una reducci\u00f3 de les emissions de di\u00f2xid de carboni sobre el nostre entorn i, per tant, una ra\u00f3 suficient per a conscienciar als nostres ve\u00efns sobre la import\u00e0ncia de respectar el nostre medi ambient\u201d.<\/p>\n","protected":false},"excerpt":{"rendered":"<div class=\"mh-excerpt\">L&#8217;ajuntament publica les bases que regulen la concessi\u00f3 de les ajudes destinades al foment de les instal\u00b7lacions d&#8217;energia solar per a autoconsum. L&#8217;Ajuntament de Riba-roja de T\u00faria ha publicat les bases reguladores destinades al foment <a class=\"mh-excerpt-more\" href=\"https:\/\/www.tucomarca.com\/wordpress\/segunda\/ca\/riba-roja-assigna-65-000-euros-en-ajudes-per-a-installar-energia-solar-en-els-habitatges-i-edificis-de-la-localitat-i-reduir-limpacte-demissions-de-dioxid-de-carboni\/\" title=\"Riba-roja assigna 65.000 euros en ajudes per a instal\u00b7lar energia solar en els habitatges i edificis de la localitat i reduir l&#8217;impacte d&#8217;emissions de di\u00f2xid de carboni\">[+] <\/a><\/div>\n","protected":false},"author":13,"featured_media":246268,"comment_status":"open","ping_status":"open","sticky":false,"template":"","format":"standard","meta":{"footnotes":""},"categories":[10892,10948,10894,10903,10947,10906,10896],"tags":[10899,12903,12166,11102],"class_list":{"0":"post-246272","1":"post","2":"type-post","3":"status-publish","4":"format-standard","5":"has-post-thumbnail","7":"category-camp-de-turia-ca","8":"category-infraestructuras-ca","9":"category-la-comarca-ca","10":"category-medio-ambiente-la-comarca-ca","11":"category-politica","12":"category-riba-roja-ca","13":"category-seccion-ca","14":"tag-camp-de-turia-ca","15":"tag-infraestructuras-ca","16":"tag-medio-ambiente-ca","17":"tag-riba-roja-2-ca"},"_links":{"self":[{"href":"https:\/\/www.tucomarca.com\/wordpress\/segunda\/ca\/wp-json\/wp\/v2\/posts\/246272","targetHints":{"allow":["GET"]}}],"collection":[{"href":"https:\/\/www.tucomarca.com\/wordpress\/segunda\/ca\/wp-json\/wp\/v2\/posts"}],"about":[{"href":"https:\/\/www.tucomarca.com\/wordpress\/segunda\/ca\/wp-json\/wp\/v2\/types\/post"}],"author":[{"embeddable":true,"href":"https:\/\/www.tucomarca.com\/wordpress\/segunda\/ca\/wp-json\/wp\/v2\/users\/13"}],"replies":[{"embeddable":true,"href":"https:\/\/www.tucomarca.com\/wordpress\/segunda\/ca\/wp-json\/wp\/v2\/comments?post=246272"}],"version-history":[{"count":0,"href":"https:\/\/www.tucomarca.com\/wordpress\/segunda\/ca\/wp-json\/wp\/v2\/posts\/246272\/revisions"}],"wp:featuredmedia":[{"embeddable":true,"href":"https:\/\/www.tucomarca.com\/wordpress\/segunda\/ca\/wp-json\/wp\/v2\/media\/246268"}],"wp:attachment":[{"href":"https:\/\/www.tucomarca.com\/wordpress\/segunda\/ca\/wp-json\/wp\/v2\/media?parent=246272"}],"wp:term":[{"taxonomy":"category","embeddable":true,"href":"https:\/\/www.tucomarca.com\/wordpress\/segunda\/ca\/wp-json\/wp\/v2\/categories?post=246272"},{"taxonomy":"post_tag","embeddable":true,"href":"https:\/\/www.tucomarca.com\/wordpress\/segunda\/ca\/wp-json\/wp\/v2\/tags?post=246272"}],"curies":[{"name":"wp","href":"https:\/\/api.w.org\/{rel}","templated":true}]}}