{"id":246351,"date":"2024-11-25T09:25:00","date_gmt":"2024-11-25T07:25:00","guid":{"rendered":"https:\/\/www.tucomarca.com\/wordpress\/segunda\/?p=246351"},"modified":"2024-11-25T14:56:25","modified_gmt":"2024-11-25T12:56:25","slug":"utiel-alca-la-veu-contra-la-violencia-de-genere","status":"publish","type":"post","link":"https:\/\/www.tucomarca.com\/wordpress\/segunda\/ca\/utiel-alca-la-veu-contra-la-violencia-de-genere\/","title":{"rendered":"Utiel al\u00e7a la veu contra la viol\u00e8ncia de g\u00e8nere"},"content":{"rendered":"\n<h3 class=\"wp-block-heading\">L&#8217;alcalde d&#8217;Utiel, Ricardo Gabald\u00f3n i la regidora de Benestar Social, Roc\u00edo L\u00f3pez, i reivindiquen la unitat i l&#8217;educaci\u00f3 per a erradicar aquesta xacra social.<\/h3>\n\n\n\n<p>Amb motiu del Dia Internacional de l&#8217;Eliminaci\u00f3 de la Viol\u00e8ncia contra la Dona, l&#8217;Ajuntament d&#8217;Utiel &nbsp;ha celebrat aquest mat\u00ed l&#8217;acte de concentraci\u00f3 i lectura de la declaraci\u00f3 institucional d&#8217;aquest 25 de novembre i ha guardat un minut de silenci per totes les v\u00edctimes en la pla\u00e7a consistorial.&nbsp;<\/p>\n\n\n\n<p>Un acte al qual s&#8217;han sumat nombrosos ve\u00efns i alumnat en representaci\u00f3 de la comunitat educativa, per a manifestar la total repulsa front aquesta xacra social que en el que va d&#8217;any ja ha posat fi a la vida de 41 dones, assassinades a les mans de les seues parelles o exparelles.<\/p>\n\n\n\n<p>L&#8217;alcalde d&#8217;Utiel, Ricardo Gabald\u00f3n, i la regidora de Benestar Social, Roc\u00edo L\u00f3pez han insistit en la import\u00e0ncia de la conscienciaci\u00f3 social i de l&#8217;educaci\u00f3 en igualtat per a aconseguir erradicar la viol\u00e8ncia exercida cap a les dones aix\u00ed com qualsevol tipus d&#8217;actitud opressora que, per desgr\u00e0cia, \u00a0continuen patint moltes dones pel mer fet de ser-ho.<\/p>\n\n\n\n<p>A les 18.30 hores, la fa\u00e7ana de l&#8217;Ajuntament d&#8217;Utiel es tenyir\u00e0 de color morat en senyal de repulsa contra la viol\u00e8ncia de g\u00e8nere i com a mostra de suport a les v\u00edctimes i els seus familiars.<\/p>\n\n\n\n<p>En aquest any 2024, es compleix el vint\u00e9 aniversari de l&#8217;aprovaci\u00f3 de la Llei contra la Viol\u00e8ncia de G\u00e8nere i des de l&#8217;any 2018, Utiel forma part de la &#8220;Xarxa de Municipis protegits contra la Viol\u00e8ncia de G\u00e8nere&#8221; de la Diputaci\u00f3 de Val\u00e8ncia.<\/p>\n\n\n\n<p><strong>Atenci\u00f3 a les v\u00edctimes<\/strong><\/p>\n\n\n\n<p>A Utiel, l&#8217;Oficina d&#8217;Assist\u00e8ncia a les V\u00edctimes del Delicte d&#8217;Utiel, situada en les depend\u00e8ncies de la Policia Local, ofereix assessorament a les v\u00edctimes del delicte, entre les quals s&#8217;inclouen les v\u00edctimes de viol\u00e8ncia de g\u00e8nere.<br>La OAVD d&#8217;Utiel ofereix assist\u00e8ncia telef\u00f2nica de dilluns a divendres de 9 a 14 hores en el tel\u00e8fon 96 217 31 26. Tamb\u00e9 es facilita la comunicaci\u00f3 via WhatsApp en el 637 83 85 90.<br>D&#8217;altra banda, el tel\u00e8fon 016 at\u00e9n a totes les v\u00edctimes de viol\u00e8ncies les 24 hores del dia.<\/p>\n\n\n\n<p><\/p>\n","protected":false},"excerpt":{"rendered":"<div class=\"mh-excerpt\">L&#8217;alcalde d&#8217;Utiel, Ricardo Gabald\u00f3n i la regidora de Benestar Social, Roc\u00edo L\u00f3pez, i reivindiquen la unitat i l&#8217;educaci\u00f3 per a erradicar aquesta xacra social. Amb motiu del Dia Internacional de l&#8217;Eliminaci\u00f3 de la Viol\u00e8ncia contra <a class=\"mh-excerpt-more\" href=\"https:\/\/www.tucomarca.com\/wordpress\/segunda\/ca\/utiel-alca-la-veu-contra-la-violencia-de-genere\/\" title=\"Utiel al\u00e7a la veu contra la viol\u00e8ncia de g\u00e8nere\">[+] <\/a><\/div>\n","protected":false},"author":12,"featured_media":246350,"comment_status":"open","ping_status":"open","sticky":false,"template":"","format":"standard","meta":{"footnotes":""},"categories":[10948,10894,10947,10909,10896,11059],"tags":[13087,10910,11174],"class_list":{"0":"post-246351","1":"post","2":"type-post","3":"status-publish","4":"format-standard","5":"has-post-thumbnail","7":"category-infraestructuras-ca","8":"category-la-comarca-ca","9":"category-politica","10":"category-requena-utiel-ca","11":"category-seccion-ca","12":"category-utiel-ca","13":"tag-25n-ca","14":"tag-requena-utiel-ca","15":"tag-utiel-ca"},"_links":{"self":[{"href":"https:\/\/www.tucomarca.com\/wordpress\/segunda\/ca\/wp-json\/wp\/v2\/posts\/246351","targetHints":{"allow":["GET"]}}],"collection":[{"href":"https:\/\/www.tucomarca.com\/wordpress\/segunda\/ca\/wp-json\/wp\/v2\/posts"}],"about":[{"href":"https:\/\/www.tucomarca.com\/wordpress\/segunda\/ca\/wp-json\/wp\/v2\/types\/post"}],"author":[{"embeddable":true,"href":"https:\/\/www.tucomarca.com\/wordpress\/segunda\/ca\/wp-json\/wp\/v2\/users\/12"}],"replies":[{"embeddable":true,"href":"https:\/\/www.tucomarca.com\/wordpress\/segunda\/ca\/wp-json\/wp\/v2\/comments?post=246351"}],"version-history":[{"count":0,"href":"https:\/\/www.tucomarca.com\/wordpress\/segunda\/ca\/wp-json\/wp\/v2\/posts\/246351\/revisions"}],"wp:featuredmedia":[{"embeddable":true,"href":"https:\/\/www.tucomarca.com\/wordpress\/segunda\/ca\/wp-json\/wp\/v2\/media\/246350"}],"wp:attachment":[{"href":"https:\/\/www.tucomarca.com\/wordpress\/segunda\/ca\/wp-json\/wp\/v2\/media?parent=246351"}],"wp:term":[{"taxonomy":"category","embeddable":true,"href":"https:\/\/www.tucomarca.com\/wordpress\/segunda\/ca\/wp-json\/wp\/v2\/categories?post=246351"},{"taxonomy":"post_tag","embeddable":true,"href":"https:\/\/www.tucomarca.com\/wordpress\/segunda\/ca\/wp-json\/wp\/v2\/tags?post=246351"}],"curies":[{"name":"wp","href":"https:\/\/api.w.org\/{rel}","templated":true}]}}