{"id":246390,"date":"2024-11-25T13:10:00","date_gmt":"2024-11-25T11:10:00","guid":{"rendered":"https:\/\/www.tucomarca.com\/wordpress\/segunda\/?p=246390"},"modified":"2024-11-25T15:45:21","modified_gmt":"2024-11-25T13:45:21","slug":"ja-es-pot-circular-pel-pont-provisional-de-la-cv-425-entre-bunyol-i-alboraig","status":"publish","type":"post","link":"https:\/\/www.tucomarca.com\/wordpress\/segunda\/ca\/ja-es-pot-circular-pel-pont-provisional-de-la-cv-425-entre-bunyol-i-alboraig\/","title":{"rendered":"Ja es pot circular pel pont provisional de la CV-425 entre Bunyol i Alboraig"},"content":{"rendered":"\n<p>L&#8217;Ajuntament de Bunyol ha anunciat que entre les 14,30 i les 15,00 hores d&#8217;aquest dilluns estava previst que quedara obert al tr\u00e0nsit alternatiu en totes dues direccions el pont provisional militar instal\u00b7lat en la carretera CV-425 entre els termes de Bunyol i Alboraig.<\/p>\n\n\n\n<p>Des de l&#8217;Ajuntament de Bunyol s&#8217;ha sol\u00b7licitat tamb\u00e9 als conductors que extremen les precaucions al circular per aquesta via, at\u00e9s que la circulaci\u00f3 ser\u00e0 en mode alternatiu.<\/p>\n\n\n\n<p>&#8220;Aquest avan\u00e7 forma part del comprom\u00eds continu amb la recuperaci\u00f3 del municipi despr\u00e9s dels recents danys patits&#8221;, han manifestat des de l&#8217;Ajuntament, on asseguren que continuaran &#8220;informant sobre el progr\u00e9s de les labors de reconstrucci\u00f3&#8221;.<\/p>\n","protected":false},"excerpt":{"rendered":"<div class=\"mh-excerpt\">L&#8217;Ajuntament de Bunyol ha anunciat que entre les 14,30 i les 15,00 hores d&#8217;aquest dilluns estava previst que quedara obert al tr\u00e0nsit alternatiu en totes dues direccions el pont provisional militar instal\u00b7lat en la carretera <a class=\"mh-excerpt-more\" href=\"https:\/\/www.tucomarca.com\/wordpress\/segunda\/ca\/ja-es-pot-circular-pel-pont-provisional-de-la-cv-425-entre-bunyol-i-alboraig\/\" title=\"Ja es pot circular pel pont provisional de la CV-425 entre Bunyol i Alboraig\">[+] <\/a><\/div>\n","protected":false},"author":12,"featured_media":246389,"comment_status":"open","ping_status":"open","sticky":false,"template":"","format":"standard","meta":{"footnotes":""},"categories":[10973,10911,21466,10976,10898,10977,10980,10948,10894,10904,10912,10978,10947,10896,10897],"tags":[10913,13667,15409,10914,21575],"class_list":{"0":"post-246390","1":"post","2":"type-post","3":"status-publish","4":"format-standard","5":"has-post-thumbnail","7":"category-alborache-ca","8":"category-bunol-ca","9":"category-dana-ca","10":"category-dos-aguas-ca","11":"category-ventana-ca","12":"category-godelleta-ca","13":"category-yatova-ca","14":"category-infraestructuras-ca","15":"category-la-comarca-ca","16":"category-sin-categorizar-ca","17":"category-la-hoya-ca","18":"category-macastre-ca","19":"category-politica","20":"category-seccion-ca","21":"category-sucesos-la-comarca-ca","22":"tag-bunol-ca","23":"tag-cv-425-ca","24":"tag-dana-2-ca","25":"tag-la-hoya-de-bunol-chiva-ca","26":"tag-puente-mabey-ca"},"_links":{"self":[{"href":"https:\/\/www.tucomarca.com\/wordpress\/segunda\/ca\/wp-json\/wp\/v2\/posts\/246390","targetHints":{"allow":["GET"]}}],"collection":[{"href":"https:\/\/www.tucomarca.com\/wordpress\/segunda\/ca\/wp-json\/wp\/v2\/posts"}],"about":[{"href":"https:\/\/www.tucomarca.com\/wordpress\/segunda\/ca\/wp-json\/wp\/v2\/types\/post"}],"author":[{"embeddable":true,"href":"https:\/\/www.tucomarca.com\/wordpress\/segunda\/ca\/wp-json\/wp\/v2\/users\/12"}],"replies":[{"embeddable":true,"href":"https:\/\/www.tucomarca.com\/wordpress\/segunda\/ca\/wp-json\/wp\/v2\/comments?post=246390"}],"version-history":[{"count":0,"href":"https:\/\/www.tucomarca.com\/wordpress\/segunda\/ca\/wp-json\/wp\/v2\/posts\/246390\/revisions"}],"wp:featuredmedia":[{"embeddable":true,"href":"https:\/\/www.tucomarca.com\/wordpress\/segunda\/ca\/wp-json\/wp\/v2\/media\/246389"}],"wp:attachment":[{"href":"https:\/\/www.tucomarca.com\/wordpress\/segunda\/ca\/wp-json\/wp\/v2\/media?parent=246390"}],"wp:term":[{"taxonomy":"category","embeddable":true,"href":"https:\/\/www.tucomarca.com\/wordpress\/segunda\/ca\/wp-json\/wp\/v2\/categories?post=246390"},{"taxonomy":"post_tag","embeddable":true,"href":"https:\/\/www.tucomarca.com\/wordpress\/segunda\/ca\/wp-json\/wp\/v2\/tags?post=246390"}],"curies":[{"name":"wp","href":"https:\/\/api.w.org\/{rel}","templated":true}]}}