{"id":246548,"date":"2024-11-28T08:00:00","date_gmt":"2024-11-28T06:00:00","guid":{"rendered":"https:\/\/www.tucomarca.com\/wordpress\/segunda\/?p=246548"},"modified":"2024-11-27T20:51:39","modified_gmt":"2024-11-27T18:51:39","slug":"la-diputacio-de-valencia-treballa-en-la-restauracio-dun-lot-de-peces-del-museu-del-palmito-daldaia-danyades-per-la-dana","status":"publish","type":"post","link":"https:\/\/www.tucomarca.com\/wordpress\/segunda\/ca\/la-diputacio-de-valencia-treballa-en-la-restauracio-dun-lot-de-peces-del-museu-del-palmito-daldaia-danyades-per-la-dana\/","title":{"rendered":"La Diputaci\u00f3 de Val\u00e8ncia treballa en la restauraci\u00f3 d&#8217;un lot de peces del Museu del Palmito d\u2019Aldaia danyades per la DANA"},"content":{"rendered":"\n<h3 class=\"wp-block-heading\"><strong><strong>El diputat de Cultura, Paco Teruel, explica que \u201cla restauraci\u00f3 dels palmitos danyats en el MUPA es dur\u00e0 a terme, de manera conjunta, entre l\u2019ETNO i el Museu de Prehist\u00f2ria de la Diputaci\u00f3\u201d<\/strong><\/strong>.<\/h3>\n\n\n\n<h3 class=\"wp-block-heading\"><strong><strong>Restauradors de la instituci\u00f3 provincial realitzen actualment una primera avaluaci\u00f3 de les peces per a la seua posterior intervenci\u00f3<\/strong><\/strong>.<\/h3>\n\n\n\n<p>La Diputaci\u00f3 de Val\u00e8ncia restaurar\u00e0 un lot de peces provinents del MUPA, el Museu del Palmito d\u2019 Aldaia, que van ser danyades per la DANA del passat 29 d&#8217;octubre. Segons ha explicat el diputat de Cultura de la corporaci\u00f3 provincial, Paco Teruel, \u201cels museus de la Diputaci\u00f3, l\u2019ETNO i el Museu de Prehist\u00f2ria, han rebut ja el primer lot de palmitos del Museu d\u2019Aldaia afectats per la inundaci\u00f3\u201d.&nbsp;<\/p>\n\n\n\n<p>Les peces, que ha depositat el propi director del museu, Francesc Mart\u00ednez, en el Centre Cultural la Benefic\u00e8ncia -complex que alberga els museus de la Diputaci\u00f3 de Val\u00e8ncia que participaran en les labors de recuperaci\u00f3-, estan sent sotmeses a una primera avaluaci\u00f3 per part d&#8217;especialistes dels dos museus, aix\u00ed com per una restauradora de l&#8217;\u00e0rea de Cultura de la instituci\u00f3, especialista en palmitos, que s&#8217;ha oferit volunt\u00e0ria per a dur a terme els treballs.&nbsp;<\/p>\n\n\n\n<p>Segons ha assenyalat Paco Teruel, \u201camb l&#8217;arribada dels palmitos al Centre Cultural la Benefic\u00e8ncia s&#8217;inicia una nova fase, la dels treballs t\u00e8cnics per a intentar salvar el major nombre de peces possible\u201d.<\/p>\n\n\n\n<p>El Museu del Palmito d\u2019Aldaia \u00e9s, junt amb el de la Rajoleria de Paiporta, un dels m\u00e9s afectats per l&#8217;aigua. L&#8217;\u00e0rea de Cultura de la Diputaci\u00f3 de Val\u00e8ncia ha seguit des del primer moment l&#8217;evoluci\u00f3 de l&#8217;impacte de la DANA en el patrimoni dels museus que formen part de l\u2019Etnoxarxa, a la qual pertanyen els dos museus esmentats. Fins al moment s&#8217;han realitzat diverses accions relacionades amb el rescat \u2018in situ\u2019 i l&#8217;avaluaci\u00f3 dels objectes afectats, a m\u00e9s de facilitar una guia amb mesures de xoc per a la conservaci\u00f3 de peces en els moments inicials i el seu posterior tractament.&nbsp;<\/p>\n\n\n\n<p>En el marc d&#8217;ajudar als municipis afectats en la seua reconstrucci\u00f3 despr\u00e9s de la cat\u00e0strofe, incl\u00f2s l&#8217;\u00e0mbit cultural, els t\u00e8cnics de l\u2019ETNO han posat en marxa el seu pla per a oferir ajuda i suport t\u00e8cnic als 32 museus que formen l&#8217;Etnoxarxa. El Museu del Palmito \u00e9s un dels museus d&#8217;esta xarxa etnol\u00f2gica de la corporaci\u00f3 provincial.<\/p>\n\n\n\n<p><strong>El MUPA<\/strong><\/p>\n\n\n\n<p>El Museu del Palmito d\u2019Aldaia est\u00e0 situat a la Casa de la Llotgeta (segles XVI-XVII) i \u00e9s el centre de difusi\u00f3 del ventall d&#8217;Aldaia i de la Comunitat Valenciana. En ell trobem una extensa representaci\u00f3 de palmitos, amb cronologies que van des del segle XVII fins als nostres dies, aix\u00ed com un ampli repertori de maquin\u00e0ria tradicional, peces i utensilis t\u00edpics del seu proc\u00e9s d&#8217;elaboraci\u00f3. Una col\u00b7lecci\u00f3 extraordin\u00e0ria en la qual es poden apreciar els diferents estils, modes i materials utilitzats al llarg de la seua hist\u00f2ria.<\/p>\n\n\n\n<figure class=\"wp-block-gallery has-nested-images columns-default is-cropped wp-block-gallery-1 is-layout-flex wp-block-gallery-is-layout-flex\">\n<figure class=\"wp-block-image\"><img loading=\"lazy\" decoding=\"async\" width=\"2560\" height=\"1787\" data-id=\"246543\" src=\"http:\/\/www.tucomarca.com\/wordpress\/segunda\/wp-content\/uploads\/2024\/11\/2-ETNO-palmitos-scaled.jpg\" alt=\"\" class=\"wp-image-246543\" srcset=\"https:\/\/www.tucomarca.com\/wordpress\/segunda\/wp-content\/uploads\/2024\/11\/2-ETNO-palmitos-scaled.jpg 2560w, https:\/\/www.tucomarca.com\/wordpress\/segunda\/wp-content\/uploads\/2024\/11\/2-ETNO-palmitos-300x209.jpg 300w, https:\/\/www.tucomarca.com\/wordpress\/segunda\/wp-content\/uploads\/2024\/11\/2-ETNO-palmitos-1024x715.jpg 1024w, https:\/\/www.tucomarca.com\/wordpress\/segunda\/wp-content\/uploads\/2024\/11\/2-ETNO-palmitos-768x536.jpg 768w, https:\/\/www.tucomarca.com\/wordpress\/segunda\/wp-content\/uploads\/2024\/11\/2-ETNO-palmitos-1536x1072.jpg 1536w, https:\/\/www.tucomarca.com\/wordpress\/segunda\/wp-content\/uploads\/2024\/11\/2-ETNO-palmitos-2048x1430.jpg 2048w\" sizes=\"auto, (max-width: 2560px) 100vw, 2560px\" \/><\/figure>\n\n\n\n<figure class=\"wp-block-image\"><img loading=\"lazy\" decoding=\"async\" width=\"2560\" height=\"1913\" data-id=\"246541\" src=\"http:\/\/www.tucomarca.com\/wordpress\/segunda\/wp-content\/uploads\/2024\/11\/3-ETNO-palmitos-scaled.jpg\" alt=\"\" class=\"wp-image-246541\" srcset=\"https:\/\/www.tucomarca.com\/wordpress\/segunda\/wp-content\/uploads\/2024\/11\/3-ETNO-palmitos-scaled.jpg 2560w, https:\/\/www.tucomarca.com\/wordpress\/segunda\/wp-content\/uploads\/2024\/11\/3-ETNO-palmitos-300x224.jpg 300w, https:\/\/www.tucomarca.com\/wordpress\/segunda\/wp-content\/uploads\/2024\/11\/3-ETNO-palmitos-1024x765.jpg 1024w, https:\/\/www.tucomarca.com\/wordpress\/segunda\/wp-content\/uploads\/2024\/11\/3-ETNO-palmitos-768x574.jpg 768w, https:\/\/www.tucomarca.com\/wordpress\/segunda\/wp-content\/uploads\/2024\/11\/3-ETNO-palmitos-1536x1148.jpg 1536w, https:\/\/www.tucomarca.com\/wordpress\/segunda\/wp-content\/uploads\/2024\/11\/3-ETNO-palmitos-2048x1530.jpg 2048w, https:\/\/www.tucomarca.com\/wordpress\/segunda\/wp-content\/uploads\/2024\/11\/3-ETNO-palmitos-326x245.jpg 326w, https:\/\/www.tucomarca.com\/wordpress\/segunda\/wp-content\/uploads\/2024\/11\/3-ETNO-palmitos-80x60.jpg 80w\" sizes=\"auto, (max-width: 2560px) 100vw, 2560px\" \/><\/figure>\n<\/figure>\n","protected":false},"excerpt":{"rendered":"<div class=\"mh-excerpt\">El diputat de Cultura, Paco Teruel, explica que \u201cla restauraci\u00f3 dels palmitos danyats en el MUPA es dur\u00e0 a terme, de manera conjunta, entre l\u2019ETNO i el Museu de Prehist\u00f2ria de la Diputaci\u00f3\u201d. Restauradors de <a class=\"mh-excerpt-more\" href=\"https:\/\/www.tucomarca.com\/wordpress\/segunda\/ca\/la-diputacio-de-valencia-treballa-en-la-restauracio-dun-lot-de-peces-del-museu-del-palmito-daldaia-danyades-per-la-dana\/\" title=\"La Diputaci\u00f3 de Val\u00e8ncia treballa en la restauraci\u00f3 d&#8217;un lot de peces del Museu del Palmito d\u2019Aldaia danyades per la DANA\">[+] <\/a><\/div>\n","protected":false},"author":13,"featured_media":246546,"comment_status":"open","ping_status":"open","sticky":false,"template":"","format":"gallery","meta":{"footnotes":""},"categories":[21466,10894,10904,11007,10896],"tags":[15409,11199,21009,15856],"class_list":{"0":"post-246548","1":"post","2":"type-post","3":"status-publish","4":"format-gallery","5":"has-post-thumbnail","7":"category-dana-ca","8":"category-la-comarca-ca","9":"category-sin-categorizar-ca","10":"category-ocio-y-cultura-ca","11":"category-seccion-ca","12":"tag-dana-2-ca","13":"tag-la-comunitat-ca","14":"tag-la-diputacio-de-valencia-ca","15":"tag-ocio-y-cultura-ca","16":"post_format-post-format-gallery"},"_links":{"self":[{"href":"https:\/\/www.tucomarca.com\/wordpress\/segunda\/ca\/wp-json\/wp\/v2\/posts\/246548","targetHints":{"allow":["GET"]}}],"collection":[{"href":"https:\/\/www.tucomarca.com\/wordpress\/segunda\/ca\/wp-json\/wp\/v2\/posts"}],"about":[{"href":"https:\/\/www.tucomarca.com\/wordpress\/segunda\/ca\/wp-json\/wp\/v2\/types\/post"}],"author":[{"embeddable":true,"href":"https:\/\/www.tucomarca.com\/wordpress\/segunda\/ca\/wp-json\/wp\/v2\/users\/13"}],"replies":[{"embeddable":true,"href":"https:\/\/www.tucomarca.com\/wordpress\/segunda\/ca\/wp-json\/wp\/v2\/comments?post=246548"}],"version-history":[{"count":0,"href":"https:\/\/www.tucomarca.com\/wordpress\/segunda\/ca\/wp-json\/wp\/v2\/posts\/246548\/revisions"}],"wp:featuredmedia":[{"embeddable":true,"href":"https:\/\/www.tucomarca.com\/wordpress\/segunda\/ca\/wp-json\/wp\/v2\/media\/246546"}],"wp:attachment":[{"href":"https:\/\/www.tucomarca.com\/wordpress\/segunda\/ca\/wp-json\/wp\/v2\/media?parent=246548"}],"wp:term":[{"taxonomy":"category","embeddable":true,"href":"https:\/\/www.tucomarca.com\/wordpress\/segunda\/ca\/wp-json\/wp\/v2\/categories?post=246548"},{"taxonomy":"post_tag","embeddable":true,"href":"https:\/\/www.tucomarca.com\/wordpress\/segunda\/ca\/wp-json\/wp\/v2\/tags?post=246548"}],"curies":[{"name":"wp","href":"https:\/\/api.w.org\/{rel}","templated":true}]}}