{"id":246907,"date":"2024-12-02T10:30:00","date_gmt":"2024-12-02T08:30:00","guid":{"rendered":"https:\/\/www.tucomarca.com\/wordpress\/segunda\/la-diputacio-amplia-medios-humanos-y-materiales-en-la-extraccion-de-lodos-en-11-municipios-afectados-por-la-dana\/"},"modified":"2024-12-02T20:44:20","modified_gmt":"2024-12-02T18:44:20","slug":"la-diputacio-amplia-medios-humanos-y-materiales-en-la-extraccion-de-lodos-en-11-municipios-afectados-por-la-dana","status":"publish","type":"post","link":"https:\/\/www.tucomarca.com\/wordpress\/segunda\/ca\/la-diputacio-amplia-medios-humanos-y-materiales-en-la-extraccion-de-lodos-en-11-municipios-afectados-por-la-dana\/","title":{"rendered":"La Diputaci\u00f3 ampl\u00eda medios humanos y materiales en la extracci\u00f3n de lodos en 11 municipios afectados por la DANA"},"content":{"rendered":"\n<h3 class=\"wp-block-heading\"><strong>El dispositivo de emergencia de la corporaci\u00f3n, con siete empresas, 170 operarios y m\u00e1s de 60 m\u00e1quinas, trabaja simult\u00e1neamente en 27 espacios de 11 municipios de la zona cero, 10 de l\u2019Horta Sud y Algemes\u00ed (Ribera Alta)<\/strong>.<\/h3>\n\n\n\n<h3 class=\"wp-block-heading\"><strong>Esta semana se probar\u00e1 una nueva bomba con expertos en extracci\u00f3n de fluidos de la UPV. Est\u00e1 en marcha el estudio, junto al Colegio de Ingenieros Agr\u00f3nomos, sobre el dep\u00f3sito temporal de los lodos en parcelas agr\u00edcolas<\/strong>.<\/h3>\n\n\n\n<p>La Diputaci\u00f3 de Val\u00e8ncia ha ampliado los medios materiales y humanos de su dispositivo para extraer lodo y residuos de garajes y s\u00f3tanos. Este lunes, los trabajos se realizan simult\u00e1neamente en 27 espacios de los 11 municipios de la zona cero de la Dana que forman parte del listado entregado por Emergencias. Un total de 168 operarios y m\u00e1s de 60 m\u00e1quinas retiran el barro en una treintena de contenedores repartidos entre Picanya, Massanassa, Paiporta, Benet\u00fasser, Sedav\u00ed, Catarroja, Alfafar, Albal, Aldaia y Llocnou de la Corona, todos en l\u2019Horta Sud, y Algemes\u00ed en la Ribera Alta.<\/p>\n\n\n\n<p>El presidente, Vicent Momp\u00f3, destaca \u201cla agilidad con la que se desarrolla el trabajo y la coordinaci\u00f3n entre la delegaci\u00f3n de Agua y Residuos de la Diputaci\u00f3n y las empresas contratadas. La intenci\u00f3n no es otra que profesionalizar, mecanizar y sistematizar los trabajos para tener la m\u00e1xima eficiencia y poder ayudar a los ayuntamientos y personas que nos necesiten\u201d. A este dispositivo \u201cdebemos sumar tanto a los bomberos como a los efectivos de la UME que siguen colaborando en las tareas de extracci\u00f3n de lodo\u201d, a\u00f1ade Momp\u00f3.<\/p>\n\n\n\n<p>En esta l\u00ednea de reforzar los trabajos, la corporaci\u00f3n provincial tiene abiertas colaboraciones con la Universitat Polit\u00e8cnica (UPV) y el Colegio de Ingenieros Agr\u00f3nomos de Valencia. En el caso de la UPV, el jefe de Servicio de Agua y Residuos, Juanjo Mayans, explica el trabajo conjunto con los expertos en extracci\u00f3n de fluidos de la universidad para probar una nueva bomba que, de ofrecer el resultado esperado, podr\u00eda incorporarse a las tareas de extracci\u00f3n.<\/p>\n\n\n\n<p>En cuanto al Colegio de Ingenieros Agr\u00f3nomos, est\u00e1 en marcha el estudio para determinar que las muestras tomadas del dep\u00f3sito temporal de lodos en parcelas agr\u00edcolas no supone un perjuicio para estos terrenos. \u201cPor una parte es urgente la limpieza de esos espacios por una cuesti\u00f3n de salubridad, pero debemos asegurarnos de evacuar convenientemente esos residuos para que no causen da\u00f1os medioambientales\u201d, se\u00f1ala el presidente Momp\u00f3.<\/p>\n\n\n\n<p><strong>Seguridad y respuesta inmediata<\/strong><\/p>\n\n\n\n<p>La Diputaci\u00f3n ha establecido una direcci\u00f3n facultativa de los trabajos que adem\u00e1s de recordar a las empresas el cumplimiento de las medidas de prevenci\u00f3n laboral, se encarga de la revisi\u00f3n estructural de los edificios para no entrar en ninguno en el que no est\u00e9 asegurada su estabilidad. \u201cLa protecci\u00f3n de los trabajadores es prioritaria e insistimos mucho a las empresas en aplicar los protocolos para garantizar la seguridad de los operarios\u201d, apunta Momp\u00f3.&nbsp;<\/p>\n\n\n\n<p>El presidente provincial recuerda que la Diputaci\u00f3n est\u00e1 al servicio de todos los municipios afectados para ayudarles en el proceso de reconstrucci\u00f3n, tanto en las competencias directas que tiene la instituci\u00f3n como colaborando con otras administraciones para dar esa respuesta inmediata. \u201cLos ayuntamientos saben que estamos en contacto diario con ellos para escuchar sus necesidades y que pueden trasladarnos sus urgencias, como vienen haciendo desde que comenz\u00f3 esta pesadilla\u201d, ha apuntado.<\/p>\n\n\n\n<p>La respuesta inmediata de la corporaci\u00f3n provincial supera los 70 millones de euros a cargo de las cuentas de este a\u00f1o, con partidas para carreteras, infraestructuras h\u00eddricas; reposici\u00f3n de material inform\u00e1tico y veh\u00edculos de las flotas de los ayuntamientos; restauraci\u00f3n de los parques e instrumental de los bomberos; y el contrato de emergencia para la extracci\u00f3n de lodos de garajes y s\u00f3tanos. A estas l\u00edneas de inversi\u00f3n hay que sumar un fondo incondicionado para que los consistorios con m\u00e1s urgencias puedan destinar el dinero a gasto corriente, as\u00ed como los fondos destinados a la reconstrucci\u00f3n en el presupuesto de 2025 que est\u00e1 previsto aprobar esta misma semana.<\/p>\n\n\n\n<figure class=\"wp-block-image size-large\"><img loading=\"lazy\" decoding=\"async\" width=\"1024\" height=\"665\" src=\"https:\/\/www.tucomarca.com\/wordpress\/segunda\/wp-content\/uploads\/2024\/12\/ExtraccionLodosMassanassa2-1024x665.jpg\" alt=\"\" class=\"wp-image-246898\" srcset=\"https:\/\/www.tucomarca.com\/wordpress\/segunda\/wp-content\/uploads\/2024\/12\/ExtraccionLodosMassanassa2-1024x665.jpg 1024w, https:\/\/www.tucomarca.com\/wordpress\/segunda\/wp-content\/uploads\/2024\/12\/ExtraccionLodosMassanassa2-300x195.jpg 300w, https:\/\/www.tucomarca.com\/wordpress\/segunda\/wp-content\/uploads\/2024\/12\/ExtraccionLodosMassanassa2-768x499.jpg 768w, https:\/\/www.tucomarca.com\/wordpress\/segunda\/wp-content\/uploads\/2024\/12\/ExtraccionLodosMassanassa2-1536x998.jpg 1536w, https:\/\/www.tucomarca.com\/wordpress\/segunda\/wp-content\/uploads\/2024\/12\/ExtraccionLodosMassanassa2-2048x1331.jpg 2048w\" sizes=\"auto, (max-width: 1024px) 100vw, 1024px\" \/><\/figure>\n","protected":false},"excerpt":{"rendered":"<div class=\"mh-excerpt\">El dispositivo de emergencia de la corporaci\u00f3n, con siete empresas, 170 operarios y m\u00e1s de 60 m\u00e1quinas, trabaja simult\u00e1neamente en 27 espacios de 11 municipios de la zona cero, 10 de l\u2019Horta Sud y Algemes\u00ed <a class=\"mh-excerpt-more\" href=\"https:\/\/www.tucomarca.com\/wordpress\/segunda\/ca\/la-diputacio-amplia-medios-humanos-y-materiales-en-la-extraccion-de-lodos-en-11-municipios-afectados-por-la-dana\/\" title=\"La Diputaci\u00f3 ampl\u00eda medios humanos y materiales en la extracci\u00f3n de lodos en 11 municipios afectados por la DANA\">[+] <\/a><\/div>\n","protected":false},"author":13,"featured_media":246897,"comment_status":"open","ping_status":"open","sticky":false,"template":"","format":"standard","meta":{"footnotes":""},"categories":[10983,21466,10898,10948,10894,10904,10902,10903,10947,10896,10897],"tags":[11081,15409,12903,11199,21009,11077],"class_list":{"0":"post-246907","1":"post","2":"type-post","3":"status-publish","4":"format-standard","5":"has-post-thumbnail","7":"category-algemesi-ca","8":"category-dana-ca","9":"category-ventana-ca","10":"category-infraestructuras-ca","11":"category-la-comarca-ca","12":"category-sin-categorizar-ca","13":"category-la-ribera-ca","14":"category-medio-ambiente-la-comarca-ca","15":"category-politica","16":"category-seccion-ca","17":"category-sucesos-la-comarca-ca","18":"tag-algemesi-ca","19":"tag-dana-2-ca","20":"tag-infraestructuras-ca","21":"tag-la-comunitat-ca","22":"tag-la-diputacio-de-valencia-ca","23":"tag-la-ribera-alta-ca"},"_links":{"self":[{"href":"https:\/\/www.tucomarca.com\/wordpress\/segunda\/ca\/wp-json\/wp\/v2\/posts\/246907","targetHints":{"allow":["GET"]}}],"collection":[{"href":"https:\/\/www.tucomarca.com\/wordpress\/segunda\/ca\/wp-json\/wp\/v2\/posts"}],"about":[{"href":"https:\/\/www.tucomarca.com\/wordpress\/segunda\/ca\/wp-json\/wp\/v2\/types\/post"}],"author":[{"embeddable":true,"href":"https:\/\/www.tucomarca.com\/wordpress\/segunda\/ca\/wp-json\/wp\/v2\/users\/13"}],"replies":[{"embeddable":true,"href":"https:\/\/www.tucomarca.com\/wordpress\/segunda\/ca\/wp-json\/wp\/v2\/comments?post=246907"}],"version-history":[{"count":0,"href":"https:\/\/www.tucomarca.com\/wordpress\/segunda\/ca\/wp-json\/wp\/v2\/posts\/246907\/revisions"}],"wp:featuredmedia":[{"embeddable":true,"href":"https:\/\/www.tucomarca.com\/wordpress\/segunda\/ca\/wp-json\/wp\/v2\/media\/246897"}],"wp:attachment":[{"href":"https:\/\/www.tucomarca.com\/wordpress\/segunda\/ca\/wp-json\/wp\/v2\/media?parent=246907"}],"wp:term":[{"taxonomy":"category","embeddable":true,"href":"https:\/\/www.tucomarca.com\/wordpress\/segunda\/ca\/wp-json\/wp\/v2\/categories?post=246907"},{"taxonomy":"post_tag","embeddable":true,"href":"https:\/\/www.tucomarca.com\/wordpress\/segunda\/ca\/wp-json\/wp\/v2\/tags?post=246907"}],"curies":[{"name":"wp","href":"https:\/\/api.w.org\/{rel}","templated":true}]}}