{"id":246980,"date":"2024-12-03T09:00:00","date_gmt":"2024-12-03T07:00:00","guid":{"rendered":"https:\/\/www.tucomarca.com\/wordpress\/segunda\/?p=246980"},"modified":"2024-12-03T19:29:22","modified_gmt":"2024-12-03T17:29:22","slug":"lartistica-de-bunyol-organitza-un-concert-solidari-perque-la-musica-ressone-a-valencia","status":"publish","type":"post","link":"https:\/\/www.tucomarca.com\/wordpress\/segunda\/ca\/lartistica-de-bunyol-organitza-un-concert-solidari-perque-la-musica-ressone-a-valencia\/","title":{"rendered":"&#8220;L&#8217;Art\u00edstica&#8221; de Bunyol organitza un concert solidari perqu\u00e8 la m\u00fasica ressone a Val\u00e8ncia"},"content":{"rendered":"\n<p>Amb l&#8217;arribada del mes de desembre torna l&#8217;activitat musical a la Societat Musical L&#8217;Art\u00edstica de Bunyol, que va ajornar els seus concerts de Santa Cecilia com a mostra de respecte despr\u00e9s de les terribles inundacions del passat 29 d&#8217;octubre. La seua Banda Juvenil, Cor OrFeos, Orquestra Simf\u00f2nica i Banda Simf\u00f2nica oferiran els seus concerts de Nadal en benefici de les societats musicals germanes afectades per la DANA. A m\u00e9s dels tradicionals concerts de Nadal, la inquietud d&#8217;alguns dels seus m\u00fasics per obrir les portes del Teatre Montecarlo i acollir a diferents agrupacions i estils, va fer que els responsables d&#8217;Art\u00edstica Big band contactaren amb Sedajazz, una de les agrupacions afectades per la DANA, per a organitzar una vesprada de jazz, pop i rock en el Teatre Montecarlo, amb m\u00fasics bu\u00f1olenses i alguna figura internacional que no va dubtar a sumar-se a aquesta iniciativa.<\/p>\n\n\n<div class=\"wp-block-image\">\n<figure class=\"alignleft size-large is-resized\"><img loading=\"lazy\" decoding=\"async\" width=\"724\" height=\"1024\" src=\"http:\/\/www.tucomarca.com\/wordpress\/segunda\/wp-content\/uploads\/2024\/12\/ConciertoJazzFeos-724x1024.jpg\" alt=\"\" class=\"wp-image-246977\" style=\"width:422px;height:auto\" srcset=\"https:\/\/www.tucomarca.com\/wordpress\/segunda\/wp-content\/uploads\/2024\/12\/ConciertoJazzFeos-724x1024.jpg 724w, https:\/\/www.tucomarca.com\/wordpress\/segunda\/wp-content\/uploads\/2024\/12\/ConciertoJazzFeos-212x300.jpg 212w, https:\/\/www.tucomarca.com\/wordpress\/segunda\/wp-content\/uploads\/2024\/12\/ConciertoJazzFeos-768x1086.jpg 768w, https:\/\/www.tucomarca.com\/wordpress\/segunda\/wp-content\/uploads\/2024\/12\/ConciertoJazzFeos.jpg 886w\" sizes=\"auto, (max-width: 724px) 100vw, 724px\" \/><\/figure>\n<\/div>\n\n\n<p>Els m\u00fasics bu\u00f1olenses s&#8217;han bolcat amb la iniciativa, amb la poesia de Delmundo Mil\u00e1 i la interpretaci\u00f3 de \u201cSong for Val\u00e8ncia\u201d de Santi Miguel per un grup de m\u00fasics \u201cFeos\u201d, composici\u00f3 viral que promou la donaci\u00f3 per a les Societats i Escoles de M\u00fasica de la nostra prov\u00edncia. Manolo Carrascosa i el Grup Manjana, posaran la nota cl\u00e0ssica a la vesprada, al costat de Ganar\u00e1s la llum, quartet de corda del qual forma part la chelista \u201cFea\u201d Alicia G\u00f3mez . El pop i rock ser\u00e0 a c\u00e0rrec de XADD Collective i Berny All Stars. El jazz en totes les seues formes arribar\u00e0 de la m\u00e0 de JAT Jazz Quartet, del grup d&#8217;Hip hop Jazz Els Erudits, i JAT Flamenc Septet, al qual se sumar\u00e0 el cantaor i saxofonista gadit\u00e0 Antonio Lizana com a l\u00edder. A m\u00e9s de Lizana, altres grans noms del jazz, tant del nostre pa\u00eds com internacionals han volgut sumar-se al cartell: el saxofonista Perico Sambeat, el bateria Tico Porcar, Clara Juan i Ram\u00f3n Cardo amb el saxofon, el contrabajista Dario di Lecce, el pianista Adriano Tortola, Manuel Hammerlink i Carlos Medina amb la guitarra o el bateria estatunidenc Jeff Jerolamon, establit a Bunyol.<\/p>\n\n\n\n<p>Des de Sedajazz rebrem a dos de les seues agrupacions: Sedajazz Happy Band, formada per xiquets entre 7 i 13 anys, i Kaos Big band, dirigides per Llat\u00ed Blanc i Kako Rubio, respectivament. Els encarregats de tancar el concert ser\u00e1m els amfitrions Art\u00edstica Big band, la direcci\u00f3 de la qual assumia fa uns mesos Kako Rubio, amb Nehir Akansu i Ram\u00f3n Cardo, com a m\u00fasics invitados.la recaptaci\u00f3 d&#8217;aquest concert solidari anir\u00e0 destinada a Sedajazz i a la Societat Musical d\u2019Algemes\u00ed, totes dues societats colpejades amb for\u00e7a fa a penes unes setmanes, i que gr\u00e0cies al suport i col\u00b7laboraci\u00f3 de ve\u00efns i amics estan recuperant a poc a poc la seua activitat.<\/p>\n\n\n\n<p>La cita \u00e9s diumenge que ve 15 de desembre a les 18 hores i l&#8217;entrada tindr\u00e0 un cost de 10\u20ac, podent adquirir-les de manera anticipada a trav\u00e9s del correu electr\u00f2nic administracion@laartistica.org fins al pr\u00f2xim 12 de desembre, i en la taquilla del Teatre Montecarlo el dia del concert a partir de les 16 hores.<\/p>\n\n\n\n<p>A m\u00e9s, \u201cLos Feos\u201d organitzen una Fila Zero els donatius dels quals aniran destinats \u00edntegrament a la Societat Musical d\u2019Algemes\u00ed, a trav\u00e9s del compte bancari de l&#8217;agrupaci\u00f3 algemesinense:<br>ES72 3117 0001 9211 4389 9423<\/p>\n\n\n\n<p>Des de la Societat Musical L&#8217;Art\u00edstica de Bunyol volem convidar a tots els socis, simpatitzants i amants de la m\u00fasica, especialment a aquells que no puguen acostar-se al Teatre Montecarlo a gaudir de la m\u00fasica en viu, per\u00f2 vulguen posar el seu granet d&#8217;arena perqu\u00e8 la m\u00fasica ressone amb for\u00e7a de nou a Val\u00e8ncia.<\/p>\n","protected":false},"excerpt":{"rendered":"<div class=\"mh-excerpt\">Amb l&#8217;arribada del mes de desembre torna l&#8217;activitat musical a la Societat Musical L&#8217;Art\u00edstica de Bunyol, que va ajornar els seus concerts de Santa Cecilia com a mostra de respecte despr\u00e9s de les terribles inundacions <a class=\"mh-excerpt-more\" href=\"https:\/\/www.tucomarca.com\/wordpress\/segunda\/ca\/lartistica-de-bunyol-organitza-un-concert-solidari-perque-la-musica-ressone-a-valencia\/\" title=\"&#8220;L&#8217;Art\u00edstica&#8221; de Bunyol organitza un concert solidari perqu\u00e8 la m\u00fasica ressone a Val\u00e8ncia\">[+] <\/a><\/div>\n","protected":false},"author":12,"featured_media":246978,"comment_status":"open","ping_status":"open","sticky":false,"template":"","format":"standard","meta":{"footnotes":""},"categories":[11019,10983,10911,11005,21466,10894,10904,10912,10902,11007,10896],"tags":[11081,10913,11784,10914,11356,14127,11154,21664],"class_list":{"0":"post-246980","1":"post","2":"type-post","3":"status-publish","4":"format-standard","5":"has-post-thumbnail","7":"category-agenda-ca","8":"category-algemesi-ca","9":"category-bunol-ca","10":"category-canal-musica","11":"category-dana-ca","12":"category-la-comarca-ca","13":"category-sin-categorizar-ca","14":"category-la-hoya-ca","15":"category-la-ribera-ca","16":"category-ocio-y-cultura-ca","17":"category-seccion-ca","18":"tag-algemesi-ca","19":"tag-bunol-ca","20":"tag-dana-ca","21":"tag-la-hoya-de-bunol-chiva-ca","22":"tag-ribera-alta-ca","23":"tag-sedajazz-ca","24":"tag-sm-la-artistica-de-bunol-ca","25":"tag-societat-musical-dalgemesi-ca"},"_links":{"self":[{"href":"https:\/\/www.tucomarca.com\/wordpress\/segunda\/ca\/wp-json\/wp\/v2\/posts\/246980","targetHints":{"allow":["GET"]}}],"collection":[{"href":"https:\/\/www.tucomarca.com\/wordpress\/segunda\/ca\/wp-json\/wp\/v2\/posts"}],"about":[{"href":"https:\/\/www.tucomarca.com\/wordpress\/segunda\/ca\/wp-json\/wp\/v2\/types\/post"}],"author":[{"embeddable":true,"href":"https:\/\/www.tucomarca.com\/wordpress\/segunda\/ca\/wp-json\/wp\/v2\/users\/12"}],"replies":[{"embeddable":true,"href":"https:\/\/www.tucomarca.com\/wordpress\/segunda\/ca\/wp-json\/wp\/v2\/comments?post=246980"}],"version-history":[{"count":0,"href":"https:\/\/www.tucomarca.com\/wordpress\/segunda\/ca\/wp-json\/wp\/v2\/posts\/246980\/revisions"}],"wp:featuredmedia":[{"embeddable":true,"href":"https:\/\/www.tucomarca.com\/wordpress\/segunda\/ca\/wp-json\/wp\/v2\/media\/246978"}],"wp:attachment":[{"href":"https:\/\/www.tucomarca.com\/wordpress\/segunda\/ca\/wp-json\/wp\/v2\/media?parent=246980"}],"wp:term":[{"taxonomy":"category","embeddable":true,"href":"https:\/\/www.tucomarca.com\/wordpress\/segunda\/ca\/wp-json\/wp\/v2\/categories?post=246980"},{"taxonomy":"post_tag","embeddable":true,"href":"https:\/\/www.tucomarca.com\/wordpress\/segunda\/ca\/wp-json\/wp\/v2\/tags?post=246980"}],"curies":[{"name":"wp","href":"https:\/\/api.w.org\/{rel}","templated":true}]}}