{"id":247152,"date":"2024-12-04T10:00:00","date_gmt":"2024-12-04T08:00:00","guid":{"rendered":"https:\/\/www.tucomarca.com\/wordpress\/segunda\/?p=247152"},"modified":"2024-12-04T21:07:26","modified_gmt":"2024-12-04T19:07:26","slug":"activitats-esportives-a-xest-durant-les-vacances-de-nadal","status":"publish","type":"post","link":"https:\/\/www.tucomarca.com\/wordpress\/segunda\/ca\/activitats-esportives-a-xest-durant-les-vacances-de-nadal\/","title":{"rendered":"Activitats esportives a Xest durant les vacances de Nadal"},"content":{"rendered":"\n<p>Des de la Regidoria d&#8217;Esports s&#8217;ha organitzat un programa d&#8217;activitats esportives per a tots els p\u00fablics sota el lema \u201cNadal \u00e9s Esport a Xest\u201d, que se celebrar\u00e0 durant les vacances escolars.<\/p>\n\n\n<div class=\"wp-block-image\">\n<figure class=\"alignleft size-full is-resized\"><img loading=\"lazy\" decoding=\"async\" width=\"567\" height=\"908\" src=\"https:\/\/www.tucomarca.com\/wordpress\/segunda\/wp-content\/uploads\/2024\/12\/Actividades-deportivas-Navidad-2024.jpeg\" alt=\"\" class=\"wp-image-247113\" style=\"width:332px;height:auto\" srcset=\"https:\/\/www.tucomarca.com\/wordpress\/segunda\/wp-content\/uploads\/2024\/12\/Actividades-deportivas-Navidad-2024.jpeg 567w, https:\/\/www.tucomarca.com\/wordpress\/segunda\/wp-content\/uploads\/2024\/12\/Actividades-deportivas-Navidad-2024-187x300.jpeg 187w\" sizes=\"auto, (max-width: 567px) 100vw, 567px\" \/><\/figure>\n<\/div>\n\n\n<p><strong>Campus esportius<\/strong><\/p>\n\n\n\n<p>Per als dies 23, 24 i 26 de desembre s&#8217;ofereix un campus de futbol, en el camp La Vinya; un altre d&#8217;esports de raqueta, en el poliesportiu, i un tercer de b\u00e0squet, en el pavell\u00f3. Les tres opcions tenen un horari de 10.00 a 14.00 i un preu de 45 euros cadascuna, incloent-hi samarreta, esmorzar, fruita i aigua.<\/p>\n\n\n\n<p>A m\u00e9s, el divendres, 27 de desembre, se celebrar\u00e0 el Campus Diversitat multiesport, en el complex educatiu de Xest, tamb\u00e9 en horari de 9.00 a 14.00, amb inscripcions gratu\u00eftes, incloent-hi el despla\u00e7ament amb autob\u00fas des del pavell\u00f3 esportiu municipal, esmorzar, aigua i fruita.&nbsp;<\/p>\n\n\n\n<p><strong>Roc\u00f2drom<\/strong><\/p>\n\n\n\n<p>Eixe mateix divendres, 27 de desembre, l&#8217;alumnat de les Escoles Esportives Municipals podr\u00e0 gaudir gratu\u00eftament d&#8217;una experi\u00e8ncia d&#8217;escalada en el roc\u00f2drom de Val\u00e8ncia Natural Climb, de 9.00 a 14.00, amb bus incl\u00f2s des del pavell\u00f3 esportiu.<\/p>\n\n\n\n<p><strong>Tornejos gratu\u00efts<\/strong><\/p>\n\n\n\n<p>El dilluns, 23 de desembre, se celebrar\u00e0 el torneig \u201cPingFoot\u201d, en la carpa de la pla\u00e7a II Rep\u00fablica, de 17.00 a 21.00. La modalitat esportiva d&#8217;aquesta competici\u00f3 \u00e9s un joc que mescla el futbol amb el tenis de taula i la participaci\u00f3 ser\u00e0 per parelles de majors de 14 anys, amb un l\u00edmit de 20 equips. Paral\u00b7lelament hi haur\u00e0 un tardeo amb el Dj V\u00edctor G\u00f3mez.<\/p>\n\n\n\n<p>Els dies 26 i 27 se celebrar\u00e0 el Torneig Scorpion 3&#215;3 futbol, tamb\u00e9 de 17.00 a 21.00, en la pla\u00e7a II Rep\u00fablica, amb places limitades a 12 equips per jornada, destinades a nascuts des de 2011 a 2018.<\/p>\n\n\n<div class=\"wp-block-image\">\n<figure class=\"alignleft size-full is-resized\"><img loading=\"lazy\" decoding=\"async\" width=\"567\" height=\"847\" src=\"https:\/\/www.tucomarca.com\/wordpress\/segunda\/wp-content\/uploads\/2024\/12\/Inscripcion-actividades-deportivas-de-Navidad-2024.jpeg\" alt=\"\" class=\"wp-image-247115\" style=\"width:353px;height:auto\" srcset=\"https:\/\/www.tucomarca.com\/wordpress\/segunda\/wp-content\/uploads\/2024\/12\/Inscripcion-actividades-deportivas-de-Navidad-2024.jpeg 567w, https:\/\/www.tucomarca.com\/wordpress\/segunda\/wp-content\/uploads\/2024\/12\/Inscripcion-actividades-deportivas-de-Navidad-2024-201x300.jpeg 201w\" sizes=\"auto, (max-width: 567px) 100vw, 567px\" \/><\/figure>\n<\/div>\n\n\n<p><strong>Inscripcions<\/strong><\/p>\n\n\n\n<p>La fitxa d&#8217;inscripci\u00f3 per a totes les activitats \u00e9s \u00fanica i est\u00e0 disponible en paper a l&#8217;Ajuntament i en el pavell\u00f3 municipal, i en format digital en la web municipal, en el seg\u00fcent enlla\u00e7: https:\/\/lc.cx\/jdmnx4<\/p>\n\n\n\n<p>En el cas dels campus, la fitxa s&#8217;haur\u00e0 d&#8217;entregar juntament amb el justificant del pagament, pr\u00e8viament realitzat en el compte ES16 3121 2364 0227 2001 4715, en el pavell\u00f3 esportiu o a trav\u00e9s del correu monitorescheste@gmail.com.&nbsp;<\/p>\n\n\n\n<p>Les inscripcions per a les activitats gratu\u00eftes d&#8217;escalada i Campus Diversitat multiesport s&#8217;entregaran tamb\u00e9 en el pavell\u00f3 o a trav\u00e9s del mateix correu. D&#8217;altra banda, les inscripcions per als tornejos s&#8217;entregaran en StopGoal, en el camp La Vinya, en horari de 17.00 a 19.00.<\/p>\n\n\n\n<p>A m\u00e9s, s&#8217;han habilitat dos tel\u00e8fons d&#8217;informaci\u00f3: el 627 420 652, de 09.00 a 13.00, i el 649 881 168, de 17.00 a 21.00.<\/p>\n\n\n\n<p>En les activitats de pagament es destinaran dos euros de la quota a l&#8217;Associaci\u00f3 Espanyola Contra el C\u00e0ncer.<\/p>\n\n\n\n<p><strong>Sant Silvestre chestana<\/strong><\/p>\n\n\n\n<p>Les activitats culminaran el dissabte, 28 de desembre, amb celebraci\u00f3 de la Sant Silvestre, que tindr\u00e0 eixida a les 17.00 des de la pla\u00e7a II Rep\u00fablica i un recorregut de 4K. El preu d&#8217;inscripci\u00f3 \u00e9s de 3 euros i ja est\u00e0 oberta tant prensencialmente, a l&#8217;Ajuntament, de 9.00 a 13.30, com en www.megustarcorrer.com, fins al 24 de desembre.<\/p>\n","protected":false},"excerpt":{"rendered":"<div class=\"mh-excerpt\">Des de la Regidoria d&#8217;Esports s&#8217;ha organitzat un programa d&#8217;activitats esportives per a tots els p\u00fablics sota el lema \u201cNadal \u00e9s Esport a Xest\u201d, que se celebrar\u00e0 durant les vacances escolars. Campus esportius Per als <a class=\"mh-excerpt-more\" href=\"https:\/\/www.tucomarca.com\/wordpress\/segunda\/ca\/activitats-esportives-a-xest-durant-les-vacances-de-nadal\/\" title=\"Activitats esportives a Xest durant les vacances de Nadal\">[+] <\/a><\/div>\n","protected":false},"author":12,"featured_media":77954,"comment_status":"open","ping_status":"open","sticky":false,"template":"","format":"standard","meta":{"footnotes":""},"categories":[11019,11003,10894,10912,11009,10896,10974],"tags":[11071,11074,10914],"class_list":{"0":"post-247152","1":"post","2":"type-post","3":"status-publish","4":"format-standard","5":"has-post-thumbnail","7":"category-agenda-ca","8":"category-sports","9":"category-la-comarca-ca","10":"category-la-hoya-ca","11":"category-polideportivo-ca","12":"category-seccion-ca","13":"category-cheste-ca","14":"tag-cheste","15":"tag-deportes-ca","16":"tag-la-hoya-de-bunol-chiva-ca"},"_links":{"self":[{"href":"https:\/\/www.tucomarca.com\/wordpress\/segunda\/ca\/wp-json\/wp\/v2\/posts\/247152","targetHints":{"allow":["GET"]}}],"collection":[{"href":"https:\/\/www.tucomarca.com\/wordpress\/segunda\/ca\/wp-json\/wp\/v2\/posts"}],"about":[{"href":"https:\/\/www.tucomarca.com\/wordpress\/segunda\/ca\/wp-json\/wp\/v2\/types\/post"}],"author":[{"embeddable":true,"href":"https:\/\/www.tucomarca.com\/wordpress\/segunda\/ca\/wp-json\/wp\/v2\/users\/12"}],"replies":[{"embeddable":true,"href":"https:\/\/www.tucomarca.com\/wordpress\/segunda\/ca\/wp-json\/wp\/v2\/comments?post=247152"}],"version-history":[{"count":0,"href":"https:\/\/www.tucomarca.com\/wordpress\/segunda\/ca\/wp-json\/wp\/v2\/posts\/247152\/revisions"}],"wp:featuredmedia":[{"embeddable":true,"href":"https:\/\/www.tucomarca.com\/wordpress\/segunda\/ca\/wp-json\/wp\/v2\/media\/77954"}],"wp:attachment":[{"href":"https:\/\/www.tucomarca.com\/wordpress\/segunda\/ca\/wp-json\/wp\/v2\/media?parent=247152"}],"wp:term":[{"taxonomy":"category","embeddable":true,"href":"https:\/\/www.tucomarca.com\/wordpress\/segunda\/ca\/wp-json\/wp\/v2\/categories?post=247152"},{"taxonomy":"post_tag","embeddable":true,"href":"https:\/\/www.tucomarca.com\/wordpress\/segunda\/ca\/wp-json\/wp\/v2\/tags?post=247152"}],"curies":[{"name":"wp","href":"https:\/\/api.w.org\/{rel}","templated":true}]}}