{"id":247172,"date":"2024-12-04T09:45:00","date_gmt":"2024-12-04T07:45:00","guid":{"rendered":"https:\/\/www.tucomarca.com\/wordpress\/segunda\/?p=247172"},"modified":"2024-12-04T21:47:01","modified_gmt":"2024-12-04T19:47:01","slug":"el-cd-bunyol-senfronta-al-cd-onda-en-un-partit-ajornat-clau-en-la-lliga-comunitat-nord","status":"publish","type":"post","link":"https:\/\/www.tucomarca.com\/wordpress\/segunda\/ca\/el-cd-bunyol-senfronta-al-cd-onda-en-un-partit-ajornat-clau-en-la-lliga-comunitat-nord\/","title":{"rendered":"El CD Bunyol s&#8217;enfronta al CD Onda en un partit ajornat clau en la Lliga Comunitat Nord"},"content":{"rendered":"\n<p>El CD Bunyol es prepara per a disputar aquest dijous una trobada crucial en la Lliga Comunitat Grup Nord. El partit, corresponent a la huitena jornada i ajornat en el seu moment, tindr\u00e0 lloc en el camp municipal de Quatre Camins de Macastre a partir de les 20,30 hores.<\/p>\n\n\n\n<p>En aquesta ocasi\u00f3, el CD Bunyol, que actualment la segona posici\u00f3 de la taula, s&#8217;enfrontar\u00e0 al CD Onda, actual cinqu\u00e9 classificat de la lliga. Aquest enfrontament es presenta com una oportunitat important per als blancs, que buscaran consolidar-se en els llocs alts de la taula enfront d&#8217;un rival directe. L&#8217;equip ha estat treballant intensament en els entrenaments per a encarar aquest comprom\u00eds amb la m\u00e0xima concentraci\u00f3.<\/p>\n\n\n\n<p>La directiva del club ha fet una crida a l&#8217;afici\u00f3 perqu\u00e8 acudisca a l&#8217;estadi i brinde el seu suport incondicional. Sota el lema &#8220;Veuen i Suma+&#8221;, el CD Bunyol confia que l&#8217;ambient en el Municipal quatre camins siga un factor clau per a motivar a l&#8217;equip en aquest important dol.<\/p>\n\n\n\n<p>El partit promet emocions fortes, ja que tots dos equips arriben amb la intenci\u00f3 de sumar punts vitals. Els jugadors del CD Bunyol estan decidits a deixar-lo tot en el camp per a aconseguir la vict\u00f2ria i continuar demostrant la seua v\u00e0lua en aquesta emocionant temporada de la Lliga Comunitat Grup Nord.<\/p>\n","protected":false},"excerpt":{"rendered":"<div class=\"mh-excerpt\">El CD Bunyol es prepara per a disputar aquest dijous una trobada crucial en la Lliga Comunitat Grup Nord. El partit, corresponent a la huitena jornada i ajornat en el seu moment, tindr\u00e0 lloc en <a class=\"mh-excerpt-more\" href=\"https:\/\/www.tucomarca.com\/wordpress\/segunda\/ca\/el-cd-bunyol-senfronta-al-cd-onda-en-un-partit-ajornat-clau-en-la-lliga-comunitat-nord\/\" title=\"El CD Bunyol s&#8217;enfronta al CD Onda en un partit ajornat clau en la Lliga Comunitat Nord\">[+] <\/a><\/div>\n","protected":false},"author":13,"featured_media":220472,"comment_status":"open","ping_status":"open","sticky":false,"template":"","format":"standard","meta":{"footnotes":""},"categories":[11019,10911,11015,11003,10894,10912,10896],"tags":[10913,11126,11074,11075,10914],"class_list":{"0":"post-247172","1":"post","2":"type-post","3":"status-publish","4":"format-standard","5":"has-post-thumbnail","7":"category-agenda-ca","8":"category-bunol-ca","9":"category-canal-futbol","10":"category-sports","11":"category-la-comarca-ca","12":"category-la-hoya-ca","13":"category-seccion-ca","14":"tag-bunol-ca","15":"tag-cd-bunol-ca","16":"tag-deportes-ca","17":"tag-futbol-ca","18":"tag-la-hoya-de-bunol-chiva-ca"},"_links":{"self":[{"href":"https:\/\/www.tucomarca.com\/wordpress\/segunda\/ca\/wp-json\/wp\/v2\/posts\/247172","targetHints":{"allow":["GET"]}}],"collection":[{"href":"https:\/\/www.tucomarca.com\/wordpress\/segunda\/ca\/wp-json\/wp\/v2\/posts"}],"about":[{"href":"https:\/\/www.tucomarca.com\/wordpress\/segunda\/ca\/wp-json\/wp\/v2\/types\/post"}],"author":[{"embeddable":true,"href":"https:\/\/www.tucomarca.com\/wordpress\/segunda\/ca\/wp-json\/wp\/v2\/users\/13"}],"replies":[{"embeddable":true,"href":"https:\/\/www.tucomarca.com\/wordpress\/segunda\/ca\/wp-json\/wp\/v2\/comments?post=247172"}],"version-history":[{"count":0,"href":"https:\/\/www.tucomarca.com\/wordpress\/segunda\/ca\/wp-json\/wp\/v2\/posts\/247172\/revisions"}],"wp:featuredmedia":[{"embeddable":true,"href":"https:\/\/www.tucomarca.com\/wordpress\/segunda\/ca\/wp-json\/wp\/v2\/media\/220472"}],"wp:attachment":[{"href":"https:\/\/www.tucomarca.com\/wordpress\/segunda\/ca\/wp-json\/wp\/v2\/media?parent=247172"}],"wp:term":[{"taxonomy":"category","embeddable":true,"href":"https:\/\/www.tucomarca.com\/wordpress\/segunda\/ca\/wp-json\/wp\/v2\/categories?post=247172"},{"taxonomy":"post_tag","embeddable":true,"href":"https:\/\/www.tucomarca.com\/wordpress\/segunda\/ca\/wp-json\/wp\/v2\/tags?post=247172"}],"curies":[{"name":"wp","href":"https:\/\/api.w.org\/{rel}","templated":true}]}}