{"id":247230,"date":"2024-12-05T09:00:00","date_gmt":"2024-12-05T07:00:00","guid":{"rendered":"https:\/\/www.tucomarca.com\/wordpress\/segunda\/?p=247230"},"modified":"2024-12-05T17:03:25","modified_gmt":"2024-12-05T15:03:25","slug":"la-diputacio-de-valencia-impulsa-la-mobilitat-sostenible-amb-14-milions-per-a-construir-vies-ciclopedestres-en-huit-municipis","status":"publish","type":"post","link":"https:\/\/www.tucomarca.com\/wordpress\/segunda\/ca\/la-diputacio-de-valencia-impulsa-la-mobilitat-sostenible-amb-14-milions-per-a-construir-vies-ciclopedestres-en-huit-municipis\/","title":{"rendered":"La Diputaci\u00f3 de Val\u00e8ncia impulsa la mobilitat sostenible amb 1,4 milions per a construir vies ciclopedestres en huit municipis"},"content":{"rendered":"\n<h3 class=\"wp-block-heading\"><strong><strong>La Junta de Govern de la instituci\u00f3 provincial aprova ajudes directes per valor de m\u00e9s de 1,4 milions d&#8217;euros en mat\u00e8ria de mobilitat per als ajuntaments de Guardamar de la Safor, Llombai, Ayora, Marines, Ll\u00edria, Silla-Beniparrell, Algar de Palancia i Senyera-Manuel-L\u00b4\u00c9nova<\/strong><\/strong>.<\/h3>\n\n\n\n<h3 class=\"wp-block-heading\"><strong><strong>Es tracta de projectes que havien redactat els diferents ajuntaments amb l&#8217;ajuda de la Diputaci\u00f3 i que ara podran executar amb una altra subvenci\u00f3 de la instituci\u00f3 provincial que cobrir\u00e0 el cent per cent de les obres<\/strong><\/strong>.<\/h3>\n\n\n\n<h3 class=\"wp-block-heading\"><strong><strong>La diputada de Carreteres, Reme Mazzolari, explica que \u201cles subvencions aprovades s\u00f3n actuacions d&#8217;\u00e0mbit municipal\u201d i anuncia que \u201cla Diputaci\u00f3 assumir\u00e0 tots els projectes supramunicipals que tenen una funci\u00f3 vertebradora del territori\u201d<\/strong><\/strong>.<\/h3>\n\n\n\n<p>La Diputaci\u00f3 de Val\u00e8ncia ha aprovat en Junta de Govern una dotaci\u00f3 global de m\u00e9s d&#8217;1.429.808,95 euros per a la construcci\u00f3 de huit vies ciclopeatonals en els municipis de Guardamar de la Safor, Llombai, Ayora, Marines, Ll\u00edria, Silla &#8211; Beniparrell, Algar de Palancia i Senyera-Manuel-L\u00b4\u00c9nova.<\/p>\n\n\n\n<p>D&#8217;esta manera, mitjan\u00e7ant la f\u00f3rmula d&#8217;ajudes directes als respectius ajuntaments, l&#8217;\u00e0rea de Carreteres que dirigix Reme Mazzolari assumix l&#8217;execuci\u00f3 dels projectes que l&#8217;any 2022 van redactar els consistoris en el marc de l&#8217;antic pla Reacciona, i que tamb\u00e9 van ser sufragats amb fons provincials.<\/p>\n\n\n\n<p>La pr\u00f2pia diputada i vicepresidenta segona de la Diputaci\u00f3 explica que \u201cel desplegament de tota una xarxa de vies ciclopeatonals forma part de l&#8217;estrat\u00e8gia de mobilitat de l&#8217;\u00e0rea de Carreteres, per la qual cosa s&#8217;ha optat per escometre&#8217;l mitjan\u00e7ant una f\u00f3rmula mixta: els projectes que ja havien desenrotllat els ajuntaments i que se circumscriuen a l&#8217;\u00e0mbit municipal s&#8217;executaran amb fons provincials mitjan\u00e7ant una ajuda directa; i la Diputaci\u00f3 s&#8217;encarregar\u00e0 de la construcci\u00f3 d&#8217;aquells que tenen una funci\u00f3 vertebradora del territori per unir diferents poblacions\u201d.<\/p>\n\n\n\n<p>En este sentit, Mazzolari indica que \u201cdes de l&#8217;\u00e0rea de Carreteres ens hem posat en contacte estos municipis, que ja van redactar els seus projectes amb ajuda de la Diputaci\u00f3, i una vegada ens han comunicat que continuaven interessats, s&#8217;han activat les ajudes directes perqu\u00e8 puguen sufragar el cent per cent del cost de les obres\u201d.&nbsp;<\/p>\n\n\n\n<p><strong>Foment de la mobilitat sostenible<\/strong><\/p>\n\n\n\n<p>Les ajudes directes aprovades per la Diputaci\u00f3 de Val\u00e8ncia s&#8217;emmarquen, en paraules de Reme Mazzolari, en \u201cun concepte de mobilitat entre els nostres municipis que ha de fomentar el transport alternatiu al tr\u00e0nsit motoritzat, promovent h\u00e0bits saludables entre la poblaci\u00f3 com l&#8217;\u00fas de la bicicleta, caminar o c\u00f3rrer; tot aix\u00f2 amb la m\u00e0xima seguretat mitjan\u00e7ant infraestructures segregades de les carreteres i convenientment il\u00b7luminades\u201d.<\/p>\n\n\n\n<p>Una de les actuacions consistir\u00e0 en la reconversi\u00f3 en via ciclopeatonal de l&#8217;antic cam\u00ed vell de Beniparrell, per al que s&#8217;ha assignat una dotaci\u00f3 econ\u00f2mica de m\u00e9s de 456.000 euros a este ajuntament i al de Silla.<\/p>\n\n\n\n<p>Una altra intervenci\u00f3 destacada \u00e9s la que permetr\u00e0 que el Parc de Sant Vicent de Ll\u00edria compte amb una altra via exclusiva d&#8217;inter\u00e9s natural per a vianants i bicicletes, amb una subvenci\u00f3 de 258.000 euros.<\/p>\n\n\n\n<p>De manera paral\u00b7lela, s&#8217;activaran vies ciclopeatonals a Guardamar de la Safor (prolongaci\u00f3 d&#8217;una via actual des del pont de connexi\u00f3 amb Daim\u00fas), Llombai (ronda oest Llombai-Catadau), Ayora (rambla Rabosero-Montemayor), Marines (entorn urbanitzaci\u00f3 el Romeral), Algar de Palancia (entre la via verda Ojos Negros i la rambla d&#8217;Azu\u00e9bar) i una via d&#8217;inter\u00e9s natural en els municipis de Senyera, Manuel i L&#8217;\u00c9nova.<\/p>\n","protected":false},"excerpt":{"rendered":"<div class=\"mh-excerpt\">La Junta de Govern de la instituci\u00f3 provincial aprova ajudes directes per valor de m\u00e9s de 1,4 milions d&#8217;euros en mat\u00e8ria de mobilitat per als ajuntaments de Guardamar de la Safor, Llombai, Ayora, Marines, Ll\u00edria, <a class=\"mh-excerpt-more\" href=\"https:\/\/www.tucomarca.com\/wordpress\/segunda\/ca\/la-diputacio-de-valencia-impulsa-la-mobilitat-sostenible-amb-14-milions-per-a-construir-vies-ciclopedestres-en-huit-municipis\/\" title=\"La Diputaci\u00f3 de Val\u00e8ncia impulsa la mobilitat sostenible amb 1,4 milions per a construir vies ciclopedestres en huit municipis\">[+] <\/a><\/div>\n","protected":false},"author":12,"featured_media":247228,"comment_status":"open","ping_status":"open","sticky":false,"template":"","format":"standard","meta":{"footnotes":""},"categories":[10954,10951,10892,10898,10948,10894,10904,10902,10928,10997,10998,10932,10903,11007,10947,10896],"tags":[11163,11216,10899,11077,11070,11501,18862,16173],"class_list":{"0":"post-247230","1":"post","2":"type-post","3":"status-publish","4":"format-standard","5":"has-post-thumbnail","7":"category-ayora-ca","8":"category-ayora-cofrentes-ca","9":"category-camp-de-turia-ca","10":"category-ventana-ca","11":"category-infraestructuras-ca","12":"category-la-comarca-ca","13":"category-sin-categorizar-ca","14":"category-la-ribera-ca","15":"category-lliria-ca","16":"category-llombai-ca","17":"category-manuel-ca","18":"category-marines-ca","19":"category-medio-ambiente-la-comarca-ca","20":"category-ocio-y-cultura-ca","21":"category-politica","22":"category-seccion-ca","23":"tag-ayora-ca","24":"tag-ayora-cofrentes-ca","25":"tag-camp-de-turia-ca","26":"tag-la-ribera-alta-ca","27":"tag-lliria-ca","28":"tag-llombai-ca","29":"tag-manuel-ca","30":"tag-marines-ca"},"_links":{"self":[{"href":"https:\/\/www.tucomarca.com\/wordpress\/segunda\/ca\/wp-json\/wp\/v2\/posts\/247230","targetHints":{"allow":["GET"]}}],"collection":[{"href":"https:\/\/www.tucomarca.com\/wordpress\/segunda\/ca\/wp-json\/wp\/v2\/posts"}],"about":[{"href":"https:\/\/www.tucomarca.com\/wordpress\/segunda\/ca\/wp-json\/wp\/v2\/types\/post"}],"author":[{"embeddable":true,"href":"https:\/\/www.tucomarca.com\/wordpress\/segunda\/ca\/wp-json\/wp\/v2\/users\/12"}],"replies":[{"embeddable":true,"href":"https:\/\/www.tucomarca.com\/wordpress\/segunda\/ca\/wp-json\/wp\/v2\/comments?post=247230"}],"version-history":[{"count":0,"href":"https:\/\/www.tucomarca.com\/wordpress\/segunda\/ca\/wp-json\/wp\/v2\/posts\/247230\/revisions"}],"wp:featuredmedia":[{"embeddable":true,"href":"https:\/\/www.tucomarca.com\/wordpress\/segunda\/ca\/wp-json\/wp\/v2\/media\/247228"}],"wp:attachment":[{"href":"https:\/\/www.tucomarca.com\/wordpress\/segunda\/ca\/wp-json\/wp\/v2\/media?parent=247230"}],"wp:term":[{"taxonomy":"category","embeddable":true,"href":"https:\/\/www.tucomarca.com\/wordpress\/segunda\/ca\/wp-json\/wp\/v2\/categories?post=247230"},{"taxonomy":"post_tag","embeddable":true,"href":"https:\/\/www.tucomarca.com\/wordpress\/segunda\/ca\/wp-json\/wp\/v2\/tags?post=247230"}],"curies":[{"name":"wp","href":"https:\/\/api.w.org\/{rel}","templated":true}]}}