{"id":247261,"date":"2024-12-05T09:15:00","date_gmt":"2024-12-05T07:15:00","guid":{"rendered":"https:\/\/www.tucomarca.com\/wordpress\/segunda\/?p=247261"},"modified":"2024-12-05T17:25:11","modified_gmt":"2024-12-05T15:25:11","slug":"la-diputacio-estudia-ampliar-la-seua-collaboracio-amb-adiem-a-traves-del-projecte-dajuda-a-persones-amb-malaltia-mental-greu","status":"publish","type":"post","link":"https:\/\/www.tucomarca.com\/wordpress\/segunda\/ca\/la-diputacio-estudia-ampliar-la-seua-collaboracio-amb-adiem-a-traves-del-projecte-dajuda-a-persones-amb-malaltia-mental-greu\/","title":{"rendered":"La Diputaci\u00f3 estudia ampliar la seua col\u00b7laboraci\u00f3 amb ADIEM a trav\u00e9s del projecte d&#8217;ajuda a persones amb malaltia mental greu"},"content":{"rendered":"\n<p>La vicepresidenta primera, Nat\u00e0lia Enguix, i la diputada de Benestar i Inclusi\u00f3 Social, Imma Gonz\u00e1lez, han visitat les instal\u00b7lacions de l&#8217;Associaci\u00f3 per a la defensa i integraci\u00f3 del malalt mental a Ontinyent<\/p>\n\n\n\n<p>La vicepresidenta primera de la Diputaci\u00f3 de Val\u00e8ncia, Nat\u00e0lia Enguix, i la diputada de Benestar i Inclusi\u00f3 Social, Imma Gonz\u00e1lez, han visitat les instal\u00b7lacions de l&#8217;Associaci\u00f3 per a la defensa i integraci\u00f3 del malalt mental (ADIEM) d&#8217;Ontinyent, junt amb l&#8217;equip directiu de l&#8217;entitat format pel seu president, Vicent Sanchis, i el gerent, Jaume Ferr\u00e1ndiz. La corporaci\u00f3 provincial estudia ampliar la seua col\u00b7laboraci\u00f3 amb ADIEM per a impulsar el programa d&#8217;acompanyament integral per a persones amb malaltia mental greu i els seus familiars. Enguany la subvenci\u00f3 ha arribat als 30.000 euros des de l&#8217;\u00e0rea de Benestar.<\/p>\n\n\n\n<p>Acompanyades per la regidora de Pol\u00edtica per a les persones de l&#8217;Ajuntament d&#8217;Ontinyent, Paula Soler, les representants de la Diputaci\u00f3 han pogut con\u00e9ixer de primera m\u00e0 el treball que realitza l&#8217;associaci\u00f3 al seu centre de rehabilitaci\u00f3 i integraci\u00f3 social (CRIS) per a persones amb malaltia mental cr\u00f2nica. Este servei, que at\u00e9n tamb\u00e9 les fam\u00edlies dels malalts, arriba a les comarques de la Vall d&#8217;Albaida, la Canal de Navarr\u00e9s i la Costera. A continuaci\u00f3 han recorregut les instal\u00b7lacions del Centre de Dia per a persones amb major grau de deterioraci\u00f3 o en condicions socials o familiars que fan recomanable la seua assist\u00e8ncia a estes instal\u00b7lacions.<\/p>\n\n\n\n<figure class=\"wp-block-image size-large\"><img loading=\"lazy\" decoding=\"async\" width=\"1024\" height=\"682\" src=\"http:\/\/www.tucomarca.com\/wordpress\/segunda\/wp-content\/uploads\/2024\/12\/DipuVisitaAdiem_1-1024x682.jpg\" alt=\"\" class=\"wp-image-247257\" srcset=\"https:\/\/www.tucomarca.com\/wordpress\/segunda\/wp-content\/uploads\/2024\/12\/DipuVisitaAdiem_1-1024x682.jpg 1024w, https:\/\/www.tucomarca.com\/wordpress\/segunda\/wp-content\/uploads\/2024\/12\/DipuVisitaAdiem_1-300x200.jpg 300w, https:\/\/www.tucomarca.com\/wordpress\/segunda\/wp-content\/uploads\/2024\/12\/DipuVisitaAdiem_1-768x512.jpg 768w, https:\/\/www.tucomarca.com\/wordpress\/segunda\/wp-content\/uploads\/2024\/12\/DipuVisitaAdiem_1.jpg 1181w\" sizes=\"auto, (max-width: 1024px) 100vw, 1024px\" \/><\/figure>\n\n\n\n<p>La vicepresidenta Nat\u00e0lia Enguix, que ha comprovat la labor que realitzen els t\u00e8cnics i professionals d\u2019ADIEM, ha destacat que \u201cdes de la Diputaci\u00f3 de Val\u00e8ncia secundem sempre este tipus d&#8217;iniciatives, centrades en millorar la qualitat de vida de persones vulnerables exercint un paper fonamental per a la societat\u201d. En este sentit, ha ressaltat que el projecte d\u2019ADIEM \u201c\u00e9s molt important per a la vida de les persones que patixen una malaltia mental i que necessiten este tipus de recurs per a normalitzar la seua vida; \u00e9s per aix\u00f2 que des de la Diputaci\u00f3 hem estat sempre al costat d&#8217;esta associaci\u00f3 i enguany hem augmentat la nostra col\u00b7laboraci\u00f3 per a impulsar el seu projecte\u201d.<\/p>\n\n\n\n<p><strong>Projecte pioner en la Comunitat<\/strong><\/p>\n\n\n\n<p>Per part seua, la diputada de Benestar i Inclusi\u00f3 Social ha remarcat que es tracta d&#8217;un centre \u201cpioner en la Comunitat per a la rehabilitaci\u00f3 i integraci\u00f3 social de malalts mentals\u201d. Aix\u00ed mateix, s&#8217;ha mostrat molt satisfeta per con\u00e9ixer des de dins el seu funcionament i per poder col\u00b7laborar amb una associaci\u00f3 \u201cque realitza una labor tan necess\u00e0ria per al teixit social\u201d.<\/p>\n\n\n\n<p>La regidora de Pol\u00edtica per a les Persones, Paula Soler, ha destacat la col\u00b7laboraci\u00f3 de l&#8217;Ajuntament d&#8217;Ontinyent amb ADIEM i amb el servei que presta en atenci\u00f3 a la salut mental, un suport que, tal com ha destacat Soler, \u201cha incl\u00f2s en els \u00faltims anys inversions municipals, com 150.000 euros per al Centre de Dia del carrer Sant Ignaci; 30.000 per a adequar el local de la nova seu en el barri del Llombo; l&#8217;habilitaci\u00f3 de la vivenda per a persones amb malaltia mental cedida a l&#8217;associaci\u00f3 en el barri de Poble Nou; o l&#8217;ampliaci\u00f3 del conveni amb l&#8217;entitat per al funcionament del CRIS, que ha passat de 179.000 euros en el per\u00edode 2019-2022 fins als 299.000 per a 2023-2026\u201d. \u201cLes necessitats s\u00f3n moltes, i per aix\u00f2 \u00e9s fonamental comptar amb el suport d\u2019altres administracions com la Diputaci\u00f3 de Val\u00e8ncia\u201d, subratlla.<\/p>\n\n\n\n<p>El president d\u2019ADIEM, Vicent Sanchis, s&#8217;ha mostrat molt satisfet amb la col\u00b7laboraci\u00f3 rebuda per part de la Diputaci\u00f3 de Val\u00e8ncia i l&#8217;Ajuntament d&#8217;Ontinyent. La Diputaci\u00f3 porta anys col\u00b7laborant amb aportacions econ\u00f2miques per a poder dur a terme alguns projectes com les instal\u00b7lacions t\u00e8rmiques del Centre de Dia, concretament la seua refrigeraci\u00f3 i calefacci\u00f3, i un vehicle per a poder traslladar als usuaris des dels diferents municipis fins a les instal\u00b7lacions d&#8217;Ontinyent. Aix\u00ed mateix, ha traslladat la necessitat de continuar col\u00b7laborant amb la corporaci\u00f3 provincial per a continuar enfortint i impulsant el projecte que es realitza des de l&#8217;associaci\u00f3.<\/p>\n","protected":false},"excerpt":{"rendered":"<div class=\"mh-excerpt\">La vicepresidenta primera, Nat\u00e0lia Enguix, i la diputada de Benestar i Inclusi\u00f3 Social, Imma Gonz\u00e1lez, han visitat les instal\u00b7lacions de l&#8217;Associaci\u00f3 per a la defensa i integraci\u00f3 del malalt mental a Ontinyent La vicepresidenta primera <a class=\"mh-excerpt-more\" href=\"https:\/\/www.tucomarca.com\/wordpress\/segunda\/ca\/la-diputacio-estudia-ampliar-la-seua-collaboracio-amb-adiem-a-traves-del-projecte-dajuda-a-persones-amb-malaltia-mental-greu\/\" title=\"La Diputaci\u00f3 estudia ampliar la seua col\u00b7laboraci\u00f3 amb ADIEM a trav\u00e9s del projecte d&#8217;ajuda a persones amb malaltia mental greu\">[+] <\/a><\/div>\n","protected":false},"author":12,"featured_media":247256,"comment_status":"open","ping_status":"open","sticky":false,"template":"","format":"standard","meta":{"footnotes":""},"categories":[20541,10898,10948,10894,10904,20456,10947,10896],"tags":[21672,11246,20809,20262],"class_list":{"0":"post-247261","1":"post","2":"type-post","3":"status-publish","4":"format-standard","5":"has-post-thumbnail","7":"category-igualtat-i-diversitat","8":"category-ventana-ca","9":"category-infraestructuras-ca","10":"category-la-comarca-ca","11":"category-sin-categorizar-ca","12":"category-la-diputacio-de-valencia-informa-ca","13":"category-politica","14":"category-seccion-ca","15":"tag-adiem-ca","16":"tag-diputacio-de-valencia-ca","17":"tag-diversidad-e-igualdad-ca","18":"tag-natalia-enguix-ca"},"_links":{"self":[{"href":"https:\/\/www.tucomarca.com\/wordpress\/segunda\/ca\/wp-json\/wp\/v2\/posts\/247261","targetHints":{"allow":["GET"]}}],"collection":[{"href":"https:\/\/www.tucomarca.com\/wordpress\/segunda\/ca\/wp-json\/wp\/v2\/posts"}],"about":[{"href":"https:\/\/www.tucomarca.com\/wordpress\/segunda\/ca\/wp-json\/wp\/v2\/types\/post"}],"author":[{"embeddable":true,"href":"https:\/\/www.tucomarca.com\/wordpress\/segunda\/ca\/wp-json\/wp\/v2\/users\/12"}],"replies":[{"embeddable":true,"href":"https:\/\/www.tucomarca.com\/wordpress\/segunda\/ca\/wp-json\/wp\/v2\/comments?post=247261"}],"version-history":[{"count":0,"href":"https:\/\/www.tucomarca.com\/wordpress\/segunda\/ca\/wp-json\/wp\/v2\/posts\/247261\/revisions"}],"wp:featuredmedia":[{"embeddable":true,"href":"https:\/\/www.tucomarca.com\/wordpress\/segunda\/ca\/wp-json\/wp\/v2\/media\/247256"}],"wp:attachment":[{"href":"https:\/\/www.tucomarca.com\/wordpress\/segunda\/ca\/wp-json\/wp\/v2\/media?parent=247261"}],"wp:term":[{"taxonomy":"category","embeddable":true,"href":"https:\/\/www.tucomarca.com\/wordpress\/segunda\/ca\/wp-json\/wp\/v2\/categories?post=247261"},{"taxonomy":"post_tag","embeddable":true,"href":"https:\/\/www.tucomarca.com\/wordpress\/segunda\/ca\/wp-json\/wp\/v2\/tags?post=247261"}],"curies":[{"name":"wp","href":"https:\/\/api.w.org\/{rel}","templated":true}]}}