{"id":247311,"date":"2024-12-05T09:00:00","date_gmt":"2024-12-05T07:00:00","guid":{"rendered":"https:\/\/www.tucomarca.com\/wordpress\/segunda\/?p=247311"},"modified":"2024-12-06T10:34:08","modified_gmt":"2024-12-06T08:34:08","slug":"lassociacio-empresarial-rib-a3-elabora-un-informe-sobre-la-repercussio-de-la-dana-dels-poligons-de-riba-roja-de-turia","status":"publish","type":"post","link":"https:\/\/www.tucomarca.com\/wordpress\/segunda\/ca\/lassociacio-empresarial-rib-a3-elabora-un-informe-sobre-la-repercussio-de-la-dana-dels-poligons-de-riba-roja-de-turia\/","title":{"rendered":"L&#8217;Associaci\u00f3 empresarial Rib A3 elabora un informe sobre la repercussi\u00f3 de la Dana dels pol\u00edgons de Riba-roja de T\u00faria"},"content":{"rendered":"\n<h3 class=\"wp-block-heading\">Aquest informe va ser entregat al president de la CEOE, Antonio Garamendi, en la reuni\u00f3 del passat dilluns amb representants empresarials de les \u00e0rees afectades per la Dana.<\/h3>\n\n\n\n<h3 class=\"wp-block-heading\">L&#8217;Associaci\u00f3 Rib A3 compta amb m\u00e9s de 200 empreses de sis \u00e0rees industrials diferents a Riba-roja de T\u00faria de T\u00faria, un dels focus productius m\u00e9s importants del pa\u00eds.<\/h3>\n\n\n\n<p>L&#8217;Associaci\u00f3 empresarial Rib A3 ha em\u00e9s un informe sobre la situaci\u00f3 actual i la valoraci\u00f3 dels danys produ\u00efts per la Dana del passat 29 d&#8217;octubre en les \u00e0rees industrials de Riba-roja de T\u00faria de T\u00faria. En la reuni\u00f3 que va mantindre el president de la CEOE, Antonio Garamendi, amb representants dels sectors productius de la prov\u00edncia de Val\u00e8ncia se li va fer lliurament de l&#8217;informe de danys. Riba-roja de T\u00faria de T\u00faria va ser una de les zones industrials m\u00e9s afectades tal com queda reflectit en les dades facilitades per l&#8217;Associaci\u00f3 Rib A3, on es destaca que el 30% de les empreses encara no han pogut reprendre l&#8217;activitat i quasi un 11% no tenen certesa de quan podran fer-ho.<\/p>\n\n\n\n<p>Els danys s\u00f3n transversals en la majoria de les empreses en tota mena d&#8217;instal\u00b7lacions, maquin\u00e0ria, mat\u00e8ries preval i vehicles. El 68% encara tenen afectats els accessos a les seues naus, mentre que el 40% necessita maquin\u00e0ria per a poder netejar l&#8217;interior de les mateixes i un 20% requereix m\u00e0 d&#8217;obra per a aconseguir realitzar el sanejament. Quant a l&#8217;afectaci\u00f3 als equips de les empreses, el 48% tenen danys en els elements inform\u00e0tics en m\u00e9s d&#8217;un 70%, xifra que s&#8217;eleva al 57% en el cas de la maquin\u00e0ria de treball.<\/p>\n\n\n\n<p><strong>El president de la CEOE va poder veure de primera m\u00e0 l&#8217;estat de les \u00e0rees industrials de Riba-roja de T\u00faria de T\u00faria<\/strong><\/p>\n\n\n\n<p>La visita del passat dilluns d&#8217;Antonio Garamendi, president de la patronal, va servir perqu\u00e8 els empresaris pogueren transmetre-li les seues preocupacions i exig\u00e8ncies de primera m\u00e0. Entre els reptes plantejats est\u00e0 la recuperaci\u00f3 de les petites i mitjanes empreses, les quals s&#8217;enfronten a un proc\u00e9s de recuperaci\u00f3 m\u00e9s dur en disposar de menys mitjans. Les dificultats d&#8217;aquestes empreses per a mantindre als seus empleats sense rec\u00f3rrer a ERTO s&#8217;aguditzen i reclamen una agilitaci\u00f3 en els processos burocr\u00e0tics per a poder disposar de fons, m\u00e9s enll\u00e0 dels pr\u00e9stecs ICO. Tamb\u00e9 van recalcar el problema que cont\u00ednua amb el drenatge i les canonades, ja que actualment es troben col\u00b7lapsades i podrien tornar a succeir-se inundacions al no poder desguassar a causa del fang que tapa el clavegueram.<\/p>\n\n\n\n<p><strong>L&#8217;Associaci\u00f3 Rib A3 destaca la import\u00e0ncia de l&#8217;associacionisme per a actuar amb efectivitat davant situacions d&#8217;emerg\u00e8ncia<\/strong><\/p>\n\n\n\n<p>La falta de canals de comunicaci\u00f3 comuns per a totes les empreses i treballadors va ser una de les causes que van complicar el desallotjament dels pol\u00edgons industrials. L&#8217;Associaci\u00f3 Rib A3 va poder mantindre comunicaci\u00f3 amb les empreses que formen part de la mateixa el 29 d&#8217;octubre, notificant dels avan\u00e7os en la riuada i actualitzant l&#8217;estat de les vies d&#8217;entrada i eixida. Per aix\u00f2, des de Rib A3 reivindiquen la creaci\u00f3 tant les associacions empresarials com d&#8217;Entitats de Gesti\u00f3 i Modernitzaci\u00f3 que compten amb bases de dades actualitzades d&#8217;empreses i treballadors per a poder avisar convenientment en cas d&#8217;emerg\u00e8ncia. Els plans d&#8217;emerg\u00e8ncia industrials, afigen des de Rib A3, s\u00f3n vitals per a dur a terme accions coordinades que eviten possibles situacions de perill en ocasions excepcionals com la viscuda amb la Dana.<\/p>\n\n\n\n<figure class=\"wp-block-image size-large\"><img loading=\"lazy\" decoding=\"async\" width=\"1024\" height=\"574\" src=\"http:\/\/www.tucomarca.com\/wordpress\/segunda\/wp-content\/uploads\/2024\/12\/RibA3_poligonos_01-1024x574.jpg\" alt=\"\" class=\"wp-image-247306\" srcset=\"https:\/\/www.tucomarca.com\/wordpress\/segunda\/wp-content\/uploads\/2024\/12\/RibA3_poligonos_01-1024x574.jpg 1024w, https:\/\/www.tucomarca.com\/wordpress\/segunda\/wp-content\/uploads\/2024\/12\/RibA3_poligonos_01-300x168.jpg 300w, https:\/\/www.tucomarca.com\/wordpress\/segunda\/wp-content\/uploads\/2024\/12\/RibA3_poligonos_01-768x431.jpg 768w, https:\/\/www.tucomarca.com\/wordpress\/segunda\/wp-content\/uploads\/2024\/12\/RibA3_poligonos_01-1536x861.jpg 1536w, https:\/\/www.tucomarca.com\/wordpress\/segunda\/wp-content\/uploads\/2024\/12\/RibA3_poligonos_01-2048x1148.jpg 2048w, https:\/\/www.tucomarca.com\/wordpress\/segunda\/wp-content\/uploads\/2024\/12\/RibA3_poligonos_01-678x381.jpg 678w\" sizes=\"auto, (max-width: 1024px) 100vw, 1024px\" \/><\/figure>\n","protected":false},"excerpt":{"rendered":"<div class=\"mh-excerpt\">Aquest informe va ser entregat al president de la CEOE, Antonio Garamendi, en la reuni\u00f3 del passat dilluns amb representants empresarials de les \u00e0rees afectades per la Dana. L&#8217;Associaci\u00f3 Rib A3 compta amb m\u00e9s de <a class=\"mh-excerpt-more\" href=\"https:\/\/www.tucomarca.com\/wordpress\/segunda\/ca\/lassociacio-empresarial-rib-a3-elabora-un-informe-sobre-la-repercussio-de-la-dana-dels-poligons-de-riba-roja-de-turia\/\" title=\"L&#8217;Associaci\u00f3 empresarial Rib A3 elabora un informe sobre la repercussi\u00f3 de la Dana dels pol\u00edgons de Riba-roja de T\u00faria\">[+] <\/a><\/div>\n","protected":false},"author":13,"featured_media":247309,"comment_status":"open","ping_status":"open","sticky":false,"template":"","format":"standard","meta":{"footnotes":""},"categories":[10892,21466,10898,10948,10894,10904,10903,10947,10906,10896,10897],"tags":[10899,15409,12903,11199,11102],"class_list":{"0":"post-247311","1":"post","2":"type-post","3":"status-publish","4":"format-standard","5":"has-post-thumbnail","7":"category-camp-de-turia-ca","8":"category-dana-ca","9":"category-ventana-ca","10":"category-infraestructuras-ca","11":"category-la-comarca-ca","12":"category-sin-categorizar-ca","13":"category-medio-ambiente-la-comarca-ca","14":"category-politica","15":"category-riba-roja-ca","16":"category-seccion-ca","17":"category-sucesos-la-comarca-ca","18":"tag-camp-de-turia-ca","19":"tag-dana-2-ca","20":"tag-infraestructuras-ca","21":"tag-la-comunitat-ca","22":"tag-riba-roja-2-ca"},"_links":{"self":[{"href":"https:\/\/www.tucomarca.com\/wordpress\/segunda\/ca\/wp-json\/wp\/v2\/posts\/247311","targetHints":{"allow":["GET"]}}],"collection":[{"href":"https:\/\/www.tucomarca.com\/wordpress\/segunda\/ca\/wp-json\/wp\/v2\/posts"}],"about":[{"href":"https:\/\/www.tucomarca.com\/wordpress\/segunda\/ca\/wp-json\/wp\/v2\/types\/post"}],"author":[{"embeddable":true,"href":"https:\/\/www.tucomarca.com\/wordpress\/segunda\/ca\/wp-json\/wp\/v2\/users\/13"}],"replies":[{"embeddable":true,"href":"https:\/\/www.tucomarca.com\/wordpress\/segunda\/ca\/wp-json\/wp\/v2\/comments?post=247311"}],"version-history":[{"count":0,"href":"https:\/\/www.tucomarca.com\/wordpress\/segunda\/ca\/wp-json\/wp\/v2\/posts\/247311\/revisions"}],"wp:featuredmedia":[{"embeddable":true,"href":"https:\/\/www.tucomarca.com\/wordpress\/segunda\/ca\/wp-json\/wp\/v2\/media\/247309"}],"wp:attachment":[{"href":"https:\/\/www.tucomarca.com\/wordpress\/segunda\/ca\/wp-json\/wp\/v2\/media?parent=247311"}],"wp:term":[{"taxonomy":"category","embeddable":true,"href":"https:\/\/www.tucomarca.com\/wordpress\/segunda\/ca\/wp-json\/wp\/v2\/categories?post=247311"},{"taxonomy":"post_tag","embeddable":true,"href":"https:\/\/www.tucomarca.com\/wordpress\/segunda\/ca\/wp-json\/wp\/v2\/tags?post=247311"}],"curies":[{"name":"wp","href":"https:\/\/api.w.org\/{rel}","templated":true}]}}