{"id":247478,"date":"2024-12-09T10:00:00","date_gmt":"2024-12-09T08:00:00","guid":{"rendered":"https:\/\/www.tucomarca.com\/wordpress\/segunda\/?p=247478"},"modified":"2024-12-09T23:35:41","modified_gmt":"2024-12-09T21:35:41","slug":"la-unio-reclama-lagilitzacio-de-les-reparacions-dels-sistemes-de-reg-i-camins-perque-els-llauradors-puguen-accedir-als-seus-camps","status":"publish","type":"post","link":"https:\/\/www.tucomarca.com\/wordpress\/segunda\/ca\/la-unio-reclama-lagilitzacio-de-les-reparacions-dels-sistemes-de-reg-i-camins-perque-els-llauradors-puguen-accedir-als-seus-camps\/","title":{"rendered":"La Uni\u00f3 reclama l&#8217;agilitzaci\u00f3 de les reparacions dels sistemes de reg i camins perqu\u00e8 els llauradors puguen accedir als seus camps"},"content":{"rendered":"\n<h3 class=\"wp-block-heading\">Molts llauradors donen per perduda la collita davant la impossibilitat d&#8217;accedir a les explotacions transcorreguts ja 40 dies des de la DANA.<\/h3>\n\n\n\n<h3 class=\"wp-block-heading\"><strong><strong>Sol\u00b7licita una ajuda directa complement\u00e0ria per a que els llauradors que arreglen amb els seus mitjans els accessos puguen recuperar els costos<\/strong><\/strong>.<\/h3>\n\n\n\n<p>La Uni\u00f3 Llauradora denuncia, transcorreguts ja quaranta dies des que es va produir la devastadora DANA, els problemes existents a l&#8217;hora que molts llauradors afectats accedisquen a les seues explotacions agr\u00edcoles davant el trencament dels camins i infraestructures agr\u00e0ries.<\/p>\n\n\n\n<p>Una delegaci\u00f3 de La Uni\u00f3, encap\u00e7alada pel seu secretari general Carles Peris, ha recorregut diverses de les zones afectades i ha comprovat in situ -tal com es poden comprovar en la fotografies i v\u00eddeo adjunts- l&#8217;estat d&#8217;alguns camins totalment destrossats i la impossibilitat manifesta d&#8217;accedir a ells.<\/p>\n\n\n\n<p>Davant aquesta situaci\u00f3, l&#8217;organitzaci\u00f3 agr\u00e0ria insisteix en la necessitat d&#8217;agilitzar els treballs de recuperaci\u00f3 dels camins d&#8217;acc\u00e9s perqu\u00e8 en bastants camps de caquis i c\u00edtrics no es podr\u00e0 recol\u00b7lectar la collita per la inviabilitat d&#8217;accedir a aquests.<\/p>\n\n\n\n<p>De la mateixa manera, La Uni\u00f3 insta que es reparen tamb\u00e9 els sistemes generals de reg per a poder tindre disponibilitat d&#8217;aigua per al reg el mes de febrer-principis de mar\u00e7 que \u00e9s quan s&#8217;inicia la campanya de reg de forma generalitzada.<\/p>\n\n\n\n<p>La Uni\u00f3 Llauradora creu que els llauradors afectats no poden en alguns casos esperar per m\u00e9s temps al fet que l&#8217;Administraci\u00f3, a trav\u00e9s de Tragsa, repare els camins d&#8217;acc\u00e9s a les seues explotacions. Per aix\u00f2 insisteix, a part de la urg\u00e8ncia en la reparaci\u00f3, en qu\u00e8 s&#8217;habilite una l\u00ednia d&#8217;ajudes directes, complement\u00e0ria a les ja existents, perqu\u00e8 els titulars d&#8217;explotacions agr\u00e0ries afectats per la DANA siguen compensats despr\u00e9s de realitzar, amb car\u00e0cter d&#8217;urg\u00e8ncia i amb els seus propis mitjans, diverses accions de reparaci\u00f3 d&#8217;infraestructures agr\u00e0ries i neteja i desenrunament de parcel\u00b7les i camins agr\u00edcoles afectats.<\/p>\n\n\n\n<p>Es tracta per exemple de la reparaci\u00f3 d&#8217;infraestructures agr\u00e0ries (camins, sistemes de reg, murs, etc.) necess\u00e0ries per a l&#8217;acc\u00e9s i maneig dels cultius, aix\u00ed com la neteja i desenrunament de parcel\u00b7les i camins agr\u00edcoles afectats per l&#8217;acumulaci\u00f3 de materials arrossegats per la DANA.<\/p>\n\n\n\n<p>\u00c9s evident que molts llauradors necessiten entrar ja a les seues parcel\u00b7les per a recol\u00b7lectar les seues collites, realitzar tractaments fitosanitaris i tractaments amb productes fungicides per a evitar l&#8217;aparici\u00f3 de fongs, i no poden esperar per m\u00e9s temps la intervenci\u00f3 de Tragsa. La Uni\u00f3 creu que, a trav\u00e9s de fotos georeferenciades de la situaci\u00f3 de la parcel\u00b7la, abans i despr\u00e9s dels arranjaments, es podria justificar el treball dels productors i compensar els costos. Al seu judici, l&#8217;agilitat i flexibilitat que brindaria aquesta mesura permetria als llauradors afectats realitzar intervencions immediates, garantint aix\u00ed la continu\u00eftat de la producci\u00f3 i minimitzar les p\u00e8rdues que se sumen a les ja patides pels efectes directes de la DANA.<\/p>\n\n\n\n<p>\u201cO ens arreglen els accessos als nostres camps ja o ens paguen els arranjaments que fem pel nostre compte, per\u00f2 el que no es pot estar \u00e9s m\u00e9s de 40 dies sense poder anar als camps a arreplegar la collita i fer tasques agr\u00edcoles imprescindibles. Tenim uns cultius peribles que si no s&#8217;arrepleguen en el moment oport\u00fa es fan malb\u00e9 i es malmet l&#8217;esfor\u00e7 de tot un any\u201d, assenyalen alguns dels llauradors afectats.<\/p>\n\n\n\n<figure class=\"wp-block-gallery has-nested-images columns-2 is-cropped wp-block-gallery-1 is-layout-flex wp-block-gallery-is-layout-flex\">\n<figure class=\"wp-block-image size-large\"><img loading=\"lazy\" decoding=\"async\" width=\"1024\" height=\"682\" data-id=\"247475\" src=\"https:\/\/www.tucomarca.com\/wordpress\/segunda\/wp-content\/uploads\/2024\/12\/Unio_DanaCampos_4-1024x682.jpg\" alt=\"\" class=\"wp-image-247475\" srcset=\"https:\/\/www.tucomarca.com\/wordpress\/segunda\/wp-content\/uploads\/2024\/12\/Unio_DanaCampos_4-1024x682.jpg 1024w, https:\/\/www.tucomarca.com\/wordpress\/segunda\/wp-content\/uploads\/2024\/12\/Unio_DanaCampos_4-300x200.jpg 300w, https:\/\/www.tucomarca.com\/wordpress\/segunda\/wp-content\/uploads\/2024\/12\/Unio_DanaCampos_4-768x512.jpg 768w, https:\/\/www.tucomarca.com\/wordpress\/segunda\/wp-content\/uploads\/2024\/12\/Unio_DanaCampos_4.jpg 1280w\" sizes=\"auto, (max-width: 1024px) 100vw, 1024px\" \/><\/figure>\n\n\n\n<figure class=\"wp-block-image size-large\"><img loading=\"lazy\" decoding=\"async\" width=\"1024\" height=\"682\" data-id=\"247473\" src=\"https:\/\/www.tucomarca.com\/wordpress\/segunda\/wp-content\/uploads\/2024\/12\/Unio_DanaCampos_3-1024x682.jpg\" alt=\"\" class=\"wp-image-247473\" srcset=\"https:\/\/www.tucomarca.com\/wordpress\/segunda\/wp-content\/uploads\/2024\/12\/Unio_DanaCampos_3-1024x682.jpg 1024w, https:\/\/www.tucomarca.com\/wordpress\/segunda\/wp-content\/uploads\/2024\/12\/Unio_DanaCampos_3-300x200.jpg 300w, https:\/\/www.tucomarca.com\/wordpress\/segunda\/wp-content\/uploads\/2024\/12\/Unio_DanaCampos_3-768x512.jpg 768w, https:\/\/www.tucomarca.com\/wordpress\/segunda\/wp-content\/uploads\/2024\/12\/Unio_DanaCampos_3.jpg 1280w\" sizes=\"auto, (max-width: 1024px) 100vw, 1024px\" \/><\/figure>\n\n\n\n<figure class=\"wp-block-image size-large\"><img loading=\"lazy\" decoding=\"async\" width=\"1024\" height=\"682\" data-id=\"247469\" src=\"https:\/\/www.tucomarca.com\/wordpress\/segunda\/wp-content\/uploads\/2024\/12\/Unio_DanaCampos_1-1024x682.jpg\" alt=\"\" class=\"wp-image-247469\" srcset=\"https:\/\/www.tucomarca.com\/wordpress\/segunda\/wp-content\/uploads\/2024\/12\/Unio_DanaCampos_1-1024x682.jpg 1024w, https:\/\/www.tucomarca.com\/wordpress\/segunda\/wp-content\/uploads\/2024\/12\/Unio_DanaCampos_1-300x200.jpg 300w, https:\/\/www.tucomarca.com\/wordpress\/segunda\/wp-content\/uploads\/2024\/12\/Unio_DanaCampos_1-768x512.jpg 768w, https:\/\/www.tucomarca.com\/wordpress\/segunda\/wp-content\/uploads\/2024\/12\/Unio_DanaCampos_1.jpg 1280w\" sizes=\"auto, (max-width: 1024px) 100vw, 1024px\" \/><\/figure>\n<\/figure>\n","protected":false},"excerpt":{"rendered":"<div class=\"mh-excerpt\">Molts llauradors donen per perduda la collita davant la impossibilitat d&#8217;accedir a les explotacions transcorreguts ja 40 dies des de la DANA. Sol\u00b7licita una ajuda directa complement\u00e0ria per a que els llauradors que arreglen amb <a class=\"mh-excerpt-more\" href=\"https:\/\/www.tucomarca.com\/wordpress\/segunda\/ca\/la-unio-reclama-lagilitzacio-de-les-reparacions-dels-sistemes-de-reg-i-camins-perque-els-llauradors-puguen-accedir-als-seus-camps\/\" title=\"La Uni\u00f3 reclama l&#8217;agilitzaci\u00f3 de les reparacions dels sistemes de reg i camins perqu\u00e8 els llauradors puguen accedir als seus camps\">[+] <\/a><\/div>\n","protected":false},"author":13,"featured_media":247472,"comment_status":"open","ping_status":"open","sticky":false,"template":"","format":"standard","meta":{"footnotes":""},"categories":[10905,21466,10948,10894,10904,10903,10947,10896],"tags":[11309,15409,11199],"class_list":{"0":"post-247478","1":"post","2":"type-post","3":"status-publish","4":"format-standard","5":"has-post-thumbnail","7":"category-agricultura-la-comarca-ca","8":"category-dana-ca","9":"category-infraestructuras-ca","10":"category-la-comarca-ca","11":"category-sin-categorizar-ca","12":"category-medio-ambiente-la-comarca-ca","13":"category-politica","14":"category-seccion-ca","15":"tag-agricultura-ca","16":"tag-dana-2-ca","17":"tag-la-comunitat-ca"},"_links":{"self":[{"href":"https:\/\/www.tucomarca.com\/wordpress\/segunda\/ca\/wp-json\/wp\/v2\/posts\/247478","targetHints":{"allow":["GET"]}}],"collection":[{"href":"https:\/\/www.tucomarca.com\/wordpress\/segunda\/ca\/wp-json\/wp\/v2\/posts"}],"about":[{"href":"https:\/\/www.tucomarca.com\/wordpress\/segunda\/ca\/wp-json\/wp\/v2\/types\/post"}],"author":[{"embeddable":true,"href":"https:\/\/www.tucomarca.com\/wordpress\/segunda\/ca\/wp-json\/wp\/v2\/users\/13"}],"replies":[{"embeddable":true,"href":"https:\/\/www.tucomarca.com\/wordpress\/segunda\/ca\/wp-json\/wp\/v2\/comments?post=247478"}],"version-history":[{"count":0,"href":"https:\/\/www.tucomarca.com\/wordpress\/segunda\/ca\/wp-json\/wp\/v2\/posts\/247478\/revisions"}],"wp:featuredmedia":[{"embeddable":true,"href":"https:\/\/www.tucomarca.com\/wordpress\/segunda\/ca\/wp-json\/wp\/v2\/media\/247472"}],"wp:attachment":[{"href":"https:\/\/www.tucomarca.com\/wordpress\/segunda\/ca\/wp-json\/wp\/v2\/media?parent=247478"}],"wp:term":[{"taxonomy":"category","embeddable":true,"href":"https:\/\/www.tucomarca.com\/wordpress\/segunda\/ca\/wp-json\/wp\/v2\/categories?post=247478"},{"taxonomy":"post_tag","embeddable":true,"href":"https:\/\/www.tucomarca.com\/wordpress\/segunda\/ca\/wp-json\/wp\/v2\/tags?post=247478"}],"curies":[{"name":"wp","href":"https:\/\/api.w.org\/{rel}","templated":true}]}}