{"id":247487,"date":"2024-12-09T08:50:00","date_gmt":"2024-12-09T06:50:00","guid":{"rendered":"https:\/\/www.tucomarca.com\/wordpress\/segunda\/?p=247487"},"modified":"2024-12-09T23:28:09","modified_gmt":"2024-12-09T21:28:09","slug":"la-fira-de-nadal-daras-de-los-olmos-dona-pas-a-la-programacio-dobservacio-del-sistema-solar","status":"publish","type":"post","link":"https:\/\/www.tucomarca.com\/wordpress\/segunda\/ca\/la-fira-de-nadal-daras-de-los-olmos-dona-pas-a-la-programacio-dobservacio-del-sistema-solar\/","title":{"rendered":"La Fira de Nadal d&#8217;Aras de los Olmos dona pas a la programaci\u00f3 d&#8217;observaci\u00f3 del Sistema Solar"},"content":{"rendered":"\n<p>Centenars de persones assisteixen a l&#8217;inici de les activitats programades en nom dels Olmos durant la celebraci\u00f3 de la seua fira de Nadal.<\/p>\n\n\n\n<p>Aquest esdeveniment, dirigit a un p\u00fablic familiar, va congregar durant divendres passat a nombroses fam\u00edlies que van poder gaudir d&#8217;una experi\u00e8ncia \u00fanica en la qual&nbsp; tradici\u00f3, gastronomia, naturalesa i astronomia van marcar l&#8217;inici d&#8217;una agenda d&#8217;activitats pr\u00f2pia d&#8217;aquesta \u00e8poca nadalenca.<\/p>\n\n\n\n<p>El bon acolliment d&#8217;aquesta iniciativa marca l&#8217;inici d&#8217;un ampli calendari d&#8217;activitats en les quals el centre d&#8217;interpretaci\u00f3 Big History es convertir\u00e0 en aut\u00e8ntic protagonista dels dies festius amb la programaci\u00f3 de nombroses sessions d&#8217;observaci\u00f3 del Sistema Solar.<\/p>\n\n\n\n<p>Les accions programades per als pr\u00f2xims dies en aquest centre d&#8217;interpretaci\u00f3 i investigaci\u00f3, (\u00fanic en el territori de la Comunitat Valenciana) es realitzaran durant la pr\u00e0ctica totalitat dels dies no festius de desembre i enfocaran les seues sessions per a un p\u00fablic familiar, al coneixement de l&#8217;espai profund i l&#8217;observaci\u00f3 dels elements m\u00e9s espectaculars del sistema solar mitjan\u00e7ant l&#8217;\u00fas dels telescopis instal\u00b7lats en l&#8217;edifici singular seu del projecte Big History.<\/p>\n\n\n\n<p>Aquesta proposta, que es realitza en horaris de 18.30 a 23.30 h mitjan\u00e7ant reserva pr\u00e8via, pot ser complementada per al visitant amb la rica oferta de rutes de senderisme en un entorn natural \u00fanic, una \u00e0mplia i diversa oferta gastron\u00f2mica i un entorn en el qual la cultura i la tradici\u00f3 es converteixen en protagonistes.&nbsp;<\/p>\n\n\n\n<p>Tota la informaci\u00f3 i reserves en\u00a0<a href=\"http:\/\/www.bighistory.es\">www.bighistory.es<\/a><\/p>\n\n\n\n<figure class=\"wp-block-gallery has-nested-images columns-default is-cropped wp-block-gallery-1 is-layout-flex wp-block-gallery-is-layout-flex\">\n<figure class=\"wp-block-image size-large\"><img loading=\"lazy\" decoding=\"async\" width=\"960\" height=\"1024\" data-id=\"247482\" src=\"https:\/\/www.tucomarca.com\/wordpress\/segunda\/wp-content\/uploads\/2024\/12\/BigHistory-960x1024.png\" alt=\"\" class=\"wp-image-247482\" srcset=\"https:\/\/www.tucomarca.com\/wordpress\/segunda\/wp-content\/uploads\/2024\/12\/BigHistory-960x1024.png 960w, https:\/\/www.tucomarca.com\/wordpress\/segunda\/wp-content\/uploads\/2024\/12\/BigHistory-281x300.png 281w, https:\/\/www.tucomarca.com\/wordpress\/segunda\/wp-content\/uploads\/2024\/12\/BigHistory-768x819.png 768w, https:\/\/www.tucomarca.com\/wordpress\/segunda\/wp-content\/uploads\/2024\/12\/BigHistory.png 1178w\" sizes=\"auto, (max-width: 960px) 100vw, 960px\" \/><\/figure>\n\n\n\n<figure class=\"wp-block-image size-large\"><img loading=\"lazy\" decoding=\"async\" width=\"976\" height=\"1024\" data-id=\"247484\" src=\"https:\/\/www.tucomarca.com\/wordpress\/segunda\/wp-content\/uploads\/2024\/12\/BigHistory1-976x1024.png\" alt=\"\" class=\"wp-image-247484\" srcset=\"https:\/\/www.tucomarca.com\/wordpress\/segunda\/wp-content\/uploads\/2024\/12\/BigHistory1-976x1024.png 976w, https:\/\/www.tucomarca.com\/wordpress\/segunda\/wp-content\/uploads\/2024\/12\/BigHistory1-286x300.png 286w, https:\/\/www.tucomarca.com\/wordpress\/segunda\/wp-content\/uploads\/2024\/12\/BigHistory1-768x806.png 768w, https:\/\/www.tucomarca.com\/wordpress\/segunda\/wp-content\/uploads\/2024\/12\/BigHistory1.png 1178w\" sizes=\"auto, (max-width: 976px) 100vw, 976px\" \/><\/figure>\n<\/figure>\n","protected":false},"excerpt":{"rendered":"<div class=\"mh-excerpt\">Centenars de persones assisteixen a l&#8217;inici de les activitats programades en nom dels Olmos durant la celebraci\u00f3 de la seua fira de Nadal. Aquest esdeveniment, dirigit a un p\u00fablic familiar, va congregar durant divendres passat <a class=\"mh-excerpt-more\" href=\"https:\/\/www.tucomarca.com\/wordpress\/segunda\/ca\/la-fira-de-nadal-daras-de-los-olmos-dona-pas-a-la-programacio-dobservacio-del-sistema-solar\/\" title=\"La Fira de Nadal d&#8217;Aras de los Olmos dona pas a la programaci\u00f3 d&#8217;observaci\u00f3 del Sistema Solar\">[+] <\/a><\/div>\n","protected":false},"author":13,"featured_media":247483,"comment_status":"open","ping_status":"open","sticky":false,"template":"","format":"standard","meta":{"footnotes":""},"categories":[11042,11046,10894,11007,10896],"tags":[11201,11080,15856],"class_list":{"0":"post-247487","1":"post","2":"type-post","3":"status-publish","4":"format-standard","5":"has-post-thumbnail","7":"category-aras-de-olmos-ca","8":"category-los-serranos-ca","9":"category-la-comarca-ca","10":"category-ocio-y-cultura-ca","11":"category-seccion-ca","12":"tag-aras-de-olmos-ca","13":"tag-los-serranos-ca","14":"tag-ocio-y-cultura-ca"},"_links":{"self":[{"href":"https:\/\/www.tucomarca.com\/wordpress\/segunda\/ca\/wp-json\/wp\/v2\/posts\/247487","targetHints":{"allow":["GET"]}}],"collection":[{"href":"https:\/\/www.tucomarca.com\/wordpress\/segunda\/ca\/wp-json\/wp\/v2\/posts"}],"about":[{"href":"https:\/\/www.tucomarca.com\/wordpress\/segunda\/ca\/wp-json\/wp\/v2\/types\/post"}],"author":[{"embeddable":true,"href":"https:\/\/www.tucomarca.com\/wordpress\/segunda\/ca\/wp-json\/wp\/v2\/users\/13"}],"replies":[{"embeddable":true,"href":"https:\/\/www.tucomarca.com\/wordpress\/segunda\/ca\/wp-json\/wp\/v2\/comments?post=247487"}],"version-history":[{"count":0,"href":"https:\/\/www.tucomarca.com\/wordpress\/segunda\/ca\/wp-json\/wp\/v2\/posts\/247487\/revisions"}],"wp:featuredmedia":[{"embeddable":true,"href":"https:\/\/www.tucomarca.com\/wordpress\/segunda\/ca\/wp-json\/wp\/v2\/media\/247483"}],"wp:attachment":[{"href":"https:\/\/www.tucomarca.com\/wordpress\/segunda\/ca\/wp-json\/wp\/v2\/media?parent=247487"}],"wp:term":[{"taxonomy":"category","embeddable":true,"href":"https:\/\/www.tucomarca.com\/wordpress\/segunda\/ca\/wp-json\/wp\/v2\/categories?post=247487"},{"taxonomy":"post_tag","embeddable":true,"href":"https:\/\/www.tucomarca.com\/wordpress\/segunda\/ca\/wp-json\/wp\/v2\/tags?post=247487"}],"curies":[{"name":"wp","href":"https:\/\/api.w.org\/{rel}","templated":true}]}}