{"id":247545,"date":"2024-12-09T11:00:00","date_gmt":"2024-12-09T09:00:00","guid":{"rendered":"https:\/\/www.tucomarca.com\/wordpress\/segunda\/?p=247545"},"modified":"2024-12-09T23:47:33","modified_gmt":"2024-12-09T21:47:33","slug":"motogp-ajudara-amb-16-milions-deuros-als-municipis-de-xest-i-de-xiva","status":"publish","type":"post","link":"https:\/\/www.tucomarca.com\/wordpress\/segunda\/ca\/motogp-ajudara-amb-16-milions-deuros-als-municipis-de-xest-i-de-xiva\/","title":{"rendered":"MotoGP ajudar\u00e0 amb 1,6 milions d&#8217;euros als municipis de Xest i de Xiva"},"content":{"rendered":"\n<h3 class=\"wp-block-heading\">L&#8217;organitzaci\u00f3 del Mundial de motociclisme va recaptar 1,6 milions d&#8217;euros en el Gran Premi de la Solidaritat.<\/h3>\n\n\n\n<h3 class=\"wp-block-heading\">El director general d&#8217;Esport, Luis Cervera, i el CEO de Dorna, Carmelo Ezpeleta, han visitat als alcaldes de Xiva i Xest.<\/h3>\n\n\n\n<p>El director general d&#8217;Esport, Luis Cervera, i el CEO de Dorna, Carmelo Ezpeleta, han visitat aquest dilluns als alcaldes de les poblacions de Xiva, Amparo Fort, i de Xest, Jos\u00e9 Morell, per a anunciar una ajuda de MotoGP d&#8217;un total de 1,6 milions d&#8217;euros per a col\u00b7laborar en la reconstrucci\u00f3 despr\u00e9s de la DANA.<\/p>\n\n\n\n<p>El director general d&#8217;Esport ha manifestat que MotoGP \u201cs&#8217;ha posat a la disposici\u00f3 de les corporacions perqu\u00e8 decidisquen el dest\u00ed d&#8217;eixos diners en temes esportius o en temes socials\u201d. Cervera ha expressat l&#8217;agra\u00efment de la Generalitat cap a MotoGP: \u201c\u00e9s un gest de solidaritat, de suport i d&#8217;ajudar als que m\u00e9s ho necessiten, un gest que, com hem pogut comprovar, s&#8217;ha produ\u00eft amb molta freq\u00fc\u00e8ncia en el m\u00f3n de l&#8217;esport en aquests \u00faltims temps\u201d.<\/p>\n\n\n\n<p>Per part seua, el CEO de Dorna, Carmelo Ezpeleta ha explicat que \u201cla setmana despr\u00e9s de la DANA visitem les localitats de Xest i Xiva que s\u00f3n les dues m\u00e9s pr\u00f2ximes al Circuit Ricardo Tormo i amb les quals tenim una relaci\u00f3 m\u00e9s estreta. Ens quedem realment impressionats del succe\u00eft i els vaig prometre als alcaldes tant de Xest com de Xiva que intentar\u00edem poder aglutinar totes les iniciatives per a poder ajudar\u201d.<\/p>\n\n\n\n<p>\u201cFinalment hem pogut sumar una quantitat superior al mili\u00f3 i mig d&#8217;euros, \u00e9s el nostre granet d&#8217;arena amb el qual esperem poder fer la vida dels ciutadans de Xest i de Xiva un poc millor\u201d, ha afegit el responsable del mundial de motociclisme.<\/p>\n\n\n\n<p>En lloc de limitar-se a donar els beneficis generats per la venda d&#8217;entrades com a part de la inversi\u00f3 realitzada en l&#8217;organitzaci\u00f3 de l&#8217;esdeveniment, Dorna ha decidit augmentar la seua contribuci\u00f3 en reconeixement a aquest esfor\u00e7 col\u00b7lectiu i donar un mili\u00f3 d&#8217;euros als fons recaptats per a Val\u00e8ncia.<\/p>\n\n\n\n<p>Els equips, a trav\u00e9s de la seua associaci\u00f3 IRTA, tamb\u00e9 ha contribu\u00eft amb una important donaci\u00f3 individual de 100.000 euros al fons de CaixaBank i Creu Roja, i la Cambra de Comer\u00e7 de Barcelona ha donat 50.000 euros.<\/p>\n\n\n\n<p>A trav\u00e9s de la venda d&#8217;entrades, samarretes, etc., cada aficionat que va assistir al Gran Premi de la Solidaritat, amb totes les entrades esgotades, o que va seguir la carrera a tot el m\u00f3n, va fer la seua pr\u00f2pia contribuci\u00f3, la qual cosa va permetre a Dorna Sports, titular dels drets de MotoGP, fer el mateix. L&#8217;esdeveniment tamb\u00e9 va ser nomenat Millor GP de 2024, recompensant al Circuit de Barcelona-Catalunya pel seu dur treball entre bastidors.<\/p>\n\n\n\n<p>El total de 1,6 milions d&#8217;euros de totes les iniciatives de MotoGP es destinaran ara a la recuperaci\u00f3 de les poblacions m\u00e9s pr\u00f2ximes al Circuit Ricardo Tormo, Xest i Xiva. S\u00f3n les comunitats que habitualment reben l&#8217;impacte econ\u00f2mic positiu d&#8217;acollir el final de temporada, i les que acullen any rere any a la fam\u00edlia que conforma MotoGP.<\/p>\n\n\n\n<figure class=\"wp-block-gallery has-nested-images columns-1 is-cropped wp-block-gallery-1 is-layout-flex wp-block-gallery-is-layout-flex\">\n<figure class=\"wp-block-image size-large\"><img loading=\"lazy\" decoding=\"async\" width=\"1024\" height=\"705\" data-id=\"247540\" src=\"https:\/\/www.tucomarca.com\/wordpress\/segunda\/wp-content\/uploads\/2024\/12\/Chiva_Ayuda_MotoGP-1024x705.jpg\" alt=\"\" class=\"wp-image-247540\" srcset=\"https:\/\/www.tucomarca.com\/wordpress\/segunda\/wp-content\/uploads\/2024\/12\/Chiva_Ayuda_MotoGP-1024x705.jpg 1024w, https:\/\/www.tucomarca.com\/wordpress\/segunda\/wp-content\/uploads\/2024\/12\/Chiva_Ayuda_MotoGP-300x206.jpg 300w, https:\/\/www.tucomarca.com\/wordpress\/segunda\/wp-content\/uploads\/2024\/12\/Chiva_Ayuda_MotoGP-768x529.jpg 768w, https:\/\/www.tucomarca.com\/wordpress\/segunda\/wp-content\/uploads\/2024\/12\/Chiva_Ayuda_MotoGP-1536x1057.jpg 1536w, https:\/\/www.tucomarca.com\/wordpress\/segunda\/wp-content\/uploads\/2024\/12\/Chiva_Ayuda_MotoGP-2048x1410.jpg 2048w\" sizes=\"auto, (max-width: 1024px) 100vw, 1024px\" \/><\/figure>\n\n\n\n<figure class=\"wp-block-image size-large\"><img loading=\"lazy\" decoding=\"async\" width=\"1024\" height=\"713\" data-id=\"247536\" src=\"https:\/\/www.tucomarca.com\/wordpress\/segunda\/wp-content\/uploads\/2024\/12\/Cheste_Ayuda_MotoGP1-1024x713.jpg\" alt=\"\" class=\"wp-image-247536\" srcset=\"https:\/\/www.tucomarca.com\/wordpress\/segunda\/wp-content\/uploads\/2024\/12\/Cheste_Ayuda_MotoGP1-1024x713.jpg 1024w, https:\/\/www.tucomarca.com\/wordpress\/segunda\/wp-content\/uploads\/2024\/12\/Cheste_Ayuda_MotoGP1-300x209.jpg 300w, https:\/\/www.tucomarca.com\/wordpress\/segunda\/wp-content\/uploads\/2024\/12\/Cheste_Ayuda_MotoGP1-768x535.jpg 768w, https:\/\/www.tucomarca.com\/wordpress\/segunda\/wp-content\/uploads\/2024\/12\/Cheste_Ayuda_MotoGP1-1536x1070.jpg 1536w, https:\/\/www.tucomarca.com\/wordpress\/segunda\/wp-content\/uploads\/2024\/12\/Cheste_Ayuda_MotoGP1-2048x1427.jpg 2048w\" sizes=\"auto, (max-width: 1024px) 100vw, 1024px\" \/><\/figure>\n<\/figure>\n","protected":false},"excerpt":{"rendered":"<div class=\"mh-excerpt\">L&#8217;organitzaci\u00f3 del Mundial de motociclisme va recaptar 1,6 milions d&#8217;euros en el Gran Premi de la Solidaritat. El director general d&#8217;Esport, Luis Cervera, i el CEO de Dorna, Carmelo Ezpeleta, han visitat als alcaldes de <a class=\"mh-excerpt-more\" href=\"https:\/\/www.tucomarca.com\/wordpress\/segunda\/ca\/motogp-ajudara-amb-16-milions-deuros-als-municipis-de-xest-i-de-xiva\/\" title=\"MotoGP ajudar\u00e0 amb 1,6 milions d&#8217;euros als municipis de Xest i de Xiva\">[+] <\/a><\/div>\n","protected":false},"author":13,"featured_media":247539,"comment_status":"open","ping_status":"open","sticky":false,"template":"","format":"gallery","meta":{"footnotes":""},"categories":[21466,11003,10948,10894,10904,10912,10903,11011,10947,10896,10897,10974,10975],"tags":[11071,11195,15409,12903,11199,10914,11888],"class_list":{"0":"post-247545","1":"post","2":"type-post","3":"status-publish","4":"format-gallery","5":"has-post-thumbnail","7":"category-dana-ca","8":"category-sports","9":"category-infraestructuras-ca","10":"category-la-comarca-ca","11":"category-sin-categorizar-ca","12":"category-la-hoya-ca","13":"category-medio-ambiente-la-comarca-ca","14":"category-motociclismo-ca","15":"category-politica","16":"category-seccion-ca","17":"category-sucesos-la-comarca-ca","18":"category-cheste-ca","19":"category-chiva-ca","20":"tag-cheste","21":"tag-chiva-ca","22":"tag-dana-2-ca","23":"tag-infraestructuras-ca","24":"tag-la-comunitat-ca","25":"tag-la-hoya-de-bunol-chiva-ca","26":"tag-motociclismo-ca","27":"post_format-post-format-gallery"},"_links":{"self":[{"href":"https:\/\/www.tucomarca.com\/wordpress\/segunda\/ca\/wp-json\/wp\/v2\/posts\/247545","targetHints":{"allow":["GET"]}}],"collection":[{"href":"https:\/\/www.tucomarca.com\/wordpress\/segunda\/ca\/wp-json\/wp\/v2\/posts"}],"about":[{"href":"https:\/\/www.tucomarca.com\/wordpress\/segunda\/ca\/wp-json\/wp\/v2\/types\/post"}],"author":[{"embeddable":true,"href":"https:\/\/www.tucomarca.com\/wordpress\/segunda\/ca\/wp-json\/wp\/v2\/users\/13"}],"replies":[{"embeddable":true,"href":"https:\/\/www.tucomarca.com\/wordpress\/segunda\/ca\/wp-json\/wp\/v2\/comments?post=247545"}],"version-history":[{"count":0,"href":"https:\/\/www.tucomarca.com\/wordpress\/segunda\/ca\/wp-json\/wp\/v2\/posts\/247545\/revisions"}],"wp:featuredmedia":[{"embeddable":true,"href":"https:\/\/www.tucomarca.com\/wordpress\/segunda\/ca\/wp-json\/wp\/v2\/media\/247539"}],"wp:attachment":[{"href":"https:\/\/www.tucomarca.com\/wordpress\/segunda\/ca\/wp-json\/wp\/v2\/media?parent=247545"}],"wp:term":[{"taxonomy":"category","embeddable":true,"href":"https:\/\/www.tucomarca.com\/wordpress\/segunda\/ca\/wp-json\/wp\/v2\/categories?post=247545"},{"taxonomy":"post_tag","embeddable":true,"href":"https:\/\/www.tucomarca.com\/wordpress\/segunda\/ca\/wp-json\/wp\/v2\/tags?post=247545"}],"curies":[{"name":"wp","href":"https:\/\/api.w.org\/{rel}","templated":true}]}}