{"id":247594,"date":"2024-12-10T09:45:00","date_gmt":"2024-12-10T07:45:00","guid":{"rendered":"https:\/\/www.tucomarca.com\/wordpress\/segunda\/?p=247594"},"modified":"2024-12-10T22:01:57","modified_gmt":"2024-12-10T20:01:57","slug":"nadal-mes-solidari-arriba-a-lartistica-de-bunyol","status":"publish","type":"post","link":"https:\/\/www.tucomarca.com\/wordpress\/segunda\/ca\/nadal-mes-solidari-arriba-a-lartistica-de-bunyol\/","title":{"rendered":"Nadal m\u00e9s solidari arriba a l&#8217;Art\u00edstica de Bunyol"},"content":{"rendered":"\n<p>La Societat Musical \u201cL&#8217;Art\u00edstica\u201d de Bunyol celebra les festes de Nadal m\u00e9s solid\u00e0ries aquest mes de desembre, comen\u00e7ant dissabte que ve dia 14. A les 12 del migdia s&#8217;inaugurar\u00e0 l&#8217;exposici\u00f3 de pintura \u201cMurmuris\u201d de Jos\u00e9 Luis Vera en l&#8217;hall del Teatre Montecarlo. Artista autodidacta, s&#8217;ha inspirat en les diferents arts que comparteixen \u201cels Lletjos\u201d a la seua Escola de M\u00fasica i Dansa \u201cLuis Ayll\u00f3n\u201d i les seues agrupacions, per a crear les seues obres, que donar\u00e0 a la Societat amb la condici\u00f3 de recaptar fons per a les Societats Musicals afectades per la DANA. L&#8217;exposici\u00f3 estar\u00e0 oberta del 14 al 28 de desembre, podent-se visitar dijous i divendres de 18.30 a 20.30 hores i els caps de setmana durant els actes programats a Montecarlo.<\/p>\n\n\n\n<p>Eixe mateix dia, a les 19.30 hores, la Banda Juvenil oferir\u00e0 el seu Concert de Nadal. Despr\u00e9s d&#8217;ajornar el seu concert de Santa Cecilia, aquesta cita servir\u00e0 com a marc per a rebre als seus nous integrants. Jorge Tar\u00edn Franco amb la trompa, els trompetes Xavi S\u00e1nchez Ortega, \u00c1nchel Toribio Santana i Nicol\u00e1s Cambr\u00f3n Cort\u00e9s, amb la percussi\u00f3 Marco Vidal Pardo, Marc Tovar Ortiz amb el bombard\u00ed, Owen Jadiel Quiroz Castellanos amb la tuba, el chelista Mateu Pall\u00e1s L\u00f3pez, les clarinetistas Alba Pardo O\u00f1ate i Charlotte Ferrer Almajanu, amb la flauta Celia Garc\u00eda Galarza i amb el saxofon Cayetana Cus\u00ed Belda, desfilaran pel passad\u00eds del Teatre Montecarlo abrigallats pels seus familiars per a ser rebuts pels seus companys, el seu director David Tar\u00edn D\u00edaz i el President de la Societat, Paco Blasco Abril. Despr\u00e9s de l&#8217;acte de presentaci\u00f3, els joves m\u00fasics \u201cLletjos\u201d oferiran el repertori que han preparat els \u00faltims mesos, \u201cDisney en fam\u00edlia\u201d, amb bandes sonores de pel\u00b7l\u00edcules que han marcat a moltes generacions, com \u201cEl Rei Le\u00f3n\u201d, \u201cStar Wars\u201d, \u201cLa Bella i la B\u00e8stia\u201d o \u201cMary Poppins\u201d, entre altres. La recaptaci\u00f3 del concert ser\u00e0 donada a l\u2019Artesana de Catarroja, una de les Societats Musicals castigades per la DANA el mes d&#8217;octubre passat i els representants de la qual compartiran amb \u201cEls Lletjos\u201d una vesprada molt especial.&nbsp;<\/p>\n\n\n\n<p>El diumenge 15 de desembre tindr\u00e0 lloc un altre dels actes ajornats de Santa Cecilia, la cercavila de recollida dels nous m\u00fasics. Comen\u00e7ant a les 10.30 hores en la Pla\u00e7a Vendes, la m\u00fasica de \u201cels Lletjos\u201d recorrer\u00e0 Bunyol fins als domicilis de cadascun dels nous integrants de la Banda Simf\u00f2nica, integrant-se en la Banda Simf\u00f2nica a ritme de pasdoble. Un acte festiu i emotiu que va guanyant import\u00e0ncia any rere any, i que omplir\u00e0 d&#8217;alegria els carrers de la nostra localitat fins a finalitzar en el local social Rosers.&nbsp;<\/p>\n\n\n\n<p>Per part seua, Art\u00edstica Big band ha congregat a nombrosos artistes del jazz, pop, rock i hip hop, tant de Bunyol com d&#8217;altres localitats, en una vesprada solid\u00e0ria el 15 de desembre a les 18 hores. \u201cressona\u201d \u00e9s el t\u00edtol del concert la recaptaci\u00f3 del qual anir\u00e0 destinada a la Societat Musical d\u2019Algemes\u00ed i Sedajazz, per a ajudar a reprendre l&#8217;activitat de les seues escoles de m\u00fasica i les seues agrupacions.&nbsp;<\/p>\n\n\n\n<p>El Cor \u201cOrFeos\u201d participar\u00e0 tamb\u00e9 d&#8217;aquest cicle de concerts de Nadal i el far\u00e0 amb tres concerts en tres dies. Comen\u00e7aran el 21 de desembre participant en el recital \u201cNadal al Carrer a Val\u00e8ncia\u201d, organitzat per FECOCOVA, al costat d&#8217;altres agrupacions corals. L&#8217;endem\u00e0, el diumenge 22 de desembre, oferiran el seu concert de Nadal, replet de nadales de totes les \u00e8poques sota la direcci\u00f3 de Jos\u00e9 Ram\u00f3n Peinado Montero. La cita ser\u00e0 en el Sal\u00f3 d&#8217;Assajos \u201cEnrique Garc\u00eda Asensio\u201d de Rosers a les 19.30 hores. L&#8217;\u00faltima de les seues actuacions ser\u00e0 el dilluns 23 de desembre en el Concert de Nadales organitzat per l&#8217;Ajuntament de Bunyol a partir de les 19 hores, que tindr\u00e0 lloc en la Pla\u00e7a Vendes i en la Pla\u00e7a del Poble de la localitat.<\/p>\n\n\n\n<p>L&#8217;\u00faltim cap de setmana d&#8217;aquest cicle de concerts el protagonitzaran l&#8217;Orquestra Simf\u00f2nica i la Banda Simf\u00f2nica de L&#8217;Art\u00edstica, que tancaran l&#8217;any el dissabte 28 de desembre compartint escenari de Montecarlo a partir de les 19 hores. La primera part ser\u00e0 a c\u00e0rrec de l&#8217;Orquestra Simf\u00f2nica sota la batuta de Jaime Ald\u00e1s Ruiz, amb un programa en el qual destaca \u201cL\u2019italiana in Algeri\u201d de Rossini i una banda sonora molt nadalenca, \u201cPolar express\u201d. Despr\u00e9s d&#8217;un breu descans, els nous m\u00fasics de la Banda Simf\u00f2nica seran els protagonistes, amb la seua presentaci\u00f3 com a integrants de la \u201cbanda gran\u201d. Els chelistas Nerea Robledo Carrascosa i Rudy \u00c1lvarez Zan\u00f3n, Iker P\u00e9rez C\u00f3rdoba amb el clarinet, amb l&#8217;obo\u00e9 Ana L\u00f3pez Alabau, les flautistes Mariam Barbancho Pall\u00e1s i Mar Toribio Santana, \u00d3scar Colomer Hern\u00e1ndez amb la trompa, Idoia Bermejo Guillam\u00f3n amb el tromb\u00f3 i el percussionista Luismi Tom\u00e1s Garc\u00eda, seran rebuts pels seus nous companys, el seu director Mario Ortu\u00f1o Gelardo i el President de \u201cEls Lletjos\u201d, Paco Blasco Abril, per a donar pas al concert que la Banda Simf\u00f2nica ha preparat per a l&#8217;ocasi\u00f3. Ser\u00e0 sens dubte un concert molt especial i solidari amb una de les localitats m\u00e9s afectades per la trag\u00e8dia de les inundacions, Paiporta, entregant la recaptaci\u00f3 del concert a les seues dues Societats Musicals: la Uni\u00f3 Musical de Paiporta i la Banda Primitiva de Paiporta.&nbsp;<\/p>\n\n\n\n<p>Per a tots els concerts s&#8217;ha creat una Fila 0 per a tot aquell que no puga acudir a aquests concerts per\u00f2 vulga col\u00b7laborar a la recuperaci\u00f3 de les Societats Musicals. Una oportunitat de gaudir junts d&#8217;aquestes festes i ajudar al fet que la m\u00fasica torne a sonar amb for\u00e7a a Val\u00e8ncia.<\/p>\n\n\n\n<figure class=\"wp-block-gallery has-nested-images columns-default is-cropped wp-block-gallery-1 is-layout-flex wp-block-gallery-is-layout-flex\">\n<figure class=\"wp-block-image size-large\"><img loading=\"lazy\" decoding=\"async\" width=\"724\" height=\"1024\" data-id=\"247591\" src=\"https:\/\/www.tucomarca.com\/wordpress\/segunda\/wp-content\/uploads\/2024\/12\/Cartel_SusurrosDiciembre-724x1024.jpg\" alt=\"\" class=\"wp-image-247591\" srcset=\"https:\/\/www.tucomarca.com\/wordpress\/segunda\/wp-content\/uploads\/2024\/12\/Cartel_SusurrosDiciembre-724x1024.jpg 724w, https:\/\/www.tucomarca.com\/wordpress\/segunda\/wp-content\/uploads\/2024\/12\/Cartel_SusurrosDiciembre-212x300.jpg 212w, https:\/\/www.tucomarca.com\/wordpress\/segunda\/wp-content\/uploads\/2024\/12\/Cartel_SusurrosDiciembre-768x1086.jpg 768w, https:\/\/www.tucomarca.com\/wordpress\/segunda\/wp-content\/uploads\/2024\/12\/Cartel_SusurrosDiciembre-1086x1536.jpg 1086w, https:\/\/www.tucomarca.com\/wordpress\/segunda\/wp-content\/uploads\/2024\/12\/Cartel_SusurrosDiciembre.jpg 1131w\" sizes=\"auto, (max-width: 724px) 100vw, 724px\" \/><\/figure>\n\n\n\n<figure class=\"wp-block-image size-large\"><img loading=\"lazy\" decoding=\"async\" width=\"724\" height=\"1024\" data-id=\"247589\" src=\"https:\/\/www.tucomarca.com\/wordpress\/segunda\/wp-content\/uploads\/2024\/12\/Cartel_NavidadJuvenil-724x1024.png\" alt=\"\" class=\"wp-image-247589\" srcset=\"https:\/\/www.tucomarca.com\/wordpress\/segunda\/wp-content\/uploads\/2024\/12\/Cartel_NavidadJuvenil-724x1024.png 724w, https:\/\/www.tucomarca.com\/wordpress\/segunda\/wp-content\/uploads\/2024\/12\/Cartel_NavidadJuvenil-212x300.png 212w, https:\/\/www.tucomarca.com\/wordpress\/segunda\/wp-content\/uploads\/2024\/12\/Cartel_NavidadJuvenil-768x1086.png 768w, https:\/\/www.tucomarca.com\/wordpress\/segunda\/wp-content\/uploads\/2024\/12\/Cartel_NavidadJuvenil-1086x1536.png 1086w, https:\/\/www.tucomarca.com\/wordpress\/segunda\/wp-content\/uploads\/2024\/12\/Cartel_NavidadJuvenil.png 1414w\" sizes=\"auto, (max-width: 724px) 100vw, 724px\" \/><\/figure>\n\n\n\n<figure class=\"wp-block-image size-large\"><img loading=\"lazy\" decoding=\"async\" width=\"724\" height=\"1024\" data-id=\"247587\" src=\"https:\/\/www.tucomarca.com\/wordpress\/segunda\/wp-content\/uploads\/2024\/12\/Carte_SolidarioBigBand-724x1024.jpg\" alt=\"\" class=\"wp-image-247587\" srcset=\"https:\/\/www.tucomarca.com\/wordpress\/segunda\/wp-content\/uploads\/2024\/12\/Carte_SolidarioBigBand-724x1024.jpg 724w, https:\/\/www.tucomarca.com\/wordpress\/segunda\/wp-content\/uploads\/2024\/12\/Carte_SolidarioBigBand-212x300.jpg 212w, https:\/\/www.tucomarca.com\/wordpress\/segunda\/wp-content\/uploads\/2024\/12\/Carte_SolidarioBigBand-768x1086.jpg 768w, https:\/\/www.tucomarca.com\/wordpress\/segunda\/wp-content\/uploads\/2024\/12\/Carte_SolidarioBigBand-1086x1536.jpg 1086w, https:\/\/www.tucomarca.com\/wordpress\/segunda\/wp-content\/uploads\/2024\/12\/Carte_SolidarioBigBand-1448x2048.jpg 1448w, https:\/\/www.tucomarca.com\/wordpress\/segunda\/wp-content\/uploads\/2024\/12\/Carte_SolidarioBigBand-scaled.jpg 1811w\" sizes=\"auto, (max-width: 724px) 100vw, 724px\" \/><\/figure>\n<\/figure>\n","protected":false},"excerpt":{"rendered":"<div class=\"mh-excerpt\">La Societat Musical \u201cL&#8217;Art\u00edstica\u201d de Bunyol celebra les festes de Nadal m\u00e9s solid\u00e0ries aquest mes de desembre, comen\u00e7ant dissabte que ve dia 14. A les 12 del migdia s&#8217;inaugurar\u00e0 l&#8217;exposici\u00f3 de pintura \u201cMurmuris\u201d de Jos\u00e9 <a class=\"mh-excerpt-more\" href=\"https:\/\/www.tucomarca.com\/wordpress\/segunda\/ca\/nadal-mes-solidari-arriba-a-lartistica-de-bunyol\/\" title=\"Nadal m\u00e9s solidari arriba a l&#8217;Art\u00edstica de Bunyol\">[+] <\/a><\/div>\n","protected":false},"author":13,"featured_media":206152,"comment_status":"open","ping_status":"open","sticky":false,"template":"","format":"standard","meta":{"footnotes":""},"categories":[11019,10911,11005,10894,10912,11007,10896],"tags":[10913,11066,10914,15856,11154],"class_list":{"0":"post-247594","1":"post","2":"type-post","3":"status-publish","4":"format-standard","5":"has-post-thumbnail","7":"category-agenda-ca","8":"category-bunol-ca","9":"category-canal-musica","10":"category-la-comarca-ca","11":"category-la-hoya-ca","12":"category-ocio-y-cultura-ca","13":"category-seccion-ca","14":"tag-bunol-ca","15":"tag-musica-ca","16":"tag-la-hoya-de-bunol-chiva-ca","17":"tag-ocio-y-cultura-ca","18":"tag-sm-la-artistica-de-bunol-ca"},"_links":{"self":[{"href":"https:\/\/www.tucomarca.com\/wordpress\/segunda\/ca\/wp-json\/wp\/v2\/posts\/247594","targetHints":{"allow":["GET"]}}],"collection":[{"href":"https:\/\/www.tucomarca.com\/wordpress\/segunda\/ca\/wp-json\/wp\/v2\/posts"}],"about":[{"href":"https:\/\/www.tucomarca.com\/wordpress\/segunda\/ca\/wp-json\/wp\/v2\/types\/post"}],"author":[{"embeddable":true,"href":"https:\/\/www.tucomarca.com\/wordpress\/segunda\/ca\/wp-json\/wp\/v2\/users\/13"}],"replies":[{"embeddable":true,"href":"https:\/\/www.tucomarca.com\/wordpress\/segunda\/ca\/wp-json\/wp\/v2\/comments?post=247594"}],"version-history":[{"count":0,"href":"https:\/\/www.tucomarca.com\/wordpress\/segunda\/ca\/wp-json\/wp\/v2\/posts\/247594\/revisions"}],"wp:featuredmedia":[{"embeddable":true,"href":"https:\/\/www.tucomarca.com\/wordpress\/segunda\/ca\/wp-json\/wp\/v2\/media\/206152"}],"wp:attachment":[{"href":"https:\/\/www.tucomarca.com\/wordpress\/segunda\/ca\/wp-json\/wp\/v2\/media?parent=247594"}],"wp:term":[{"taxonomy":"category","embeddable":true,"href":"https:\/\/www.tucomarca.com\/wordpress\/segunda\/ca\/wp-json\/wp\/v2\/categories?post=247594"},{"taxonomy":"post_tag","embeddable":true,"href":"https:\/\/www.tucomarca.com\/wordpress\/segunda\/ca\/wp-json\/wp\/v2\/tags?post=247594"}],"curies":[{"name":"wp","href":"https:\/\/api.w.org\/{rel}","templated":true}]}}