{"id":247601,"date":"2024-12-10T10:00:00","date_gmt":"2024-12-10T08:00:00","guid":{"rendered":"https:\/\/www.tucomarca.com\/wordpress\/segunda\/?p=247601"},"modified":"2024-12-10T22:46:37","modified_gmt":"2024-12-10T20:46:37","slug":"el-institut-valencia-de-cultura-presenta-una-nova-edicio-del-festival-poliritmia-que-torna-a-valencia-amb-una-mostra-de-musica-del-mediterrani","status":"publish","type":"post","link":"https:\/\/www.tucomarca.com\/wordpress\/segunda\/ca\/el-institut-valencia-de-cultura-presenta-una-nova-edicio-del-festival-poliritmia-que-torna-a-valencia-amb-una-mostra-de-musica-del-mediterrani\/","title":{"rendered":"El Institut Valenci\u00e0 de Cultura presenta una nova edici\u00f3 del festival Polir\u00edtmia que torna a Val\u00e8ncia amb una mostra de m\u00fasica del Mediterrani"},"content":{"rendered":"\n<h3 class=\"wp-block-heading\">Tres concerts, dues sessions d&#8217;un espectacle did\u00e0ctic familiar i una instal\u00b7laci\u00f3 sonora componen la programaci\u00f3 d&#8217;aquesta edici\u00f3.<\/h3>\n\n\n\n<h3 class=\"wp-block-heading\">Les activitats de Polir\u00edtmia es realitzaran del 21 al 29 de desembre en el Centre del Carme de Cultura Contempor\u00e0nia.<\/h3>\n\n\n\n<p>El Institut Valenci\u00e0 de Cultura presenta la programaci\u00f3 del festival Polir\u00edtmia, dedicat a les m\u00fasiques del Mediterrani, que en aquesta edici\u00f3 arriba amb un format concentrat, amb cinc activitats que tindran lloc del 21 al 29 de desembre en el Centre del Carme de Cultura Contempor\u00e0nia (CCCC).<\/p>\n\n\n\n<p>El festival Polir\u00edtmia \u00e9s una cita amb les m\u00fasiques del Mediterrani: enguany, amb una programaci\u00f3 internacional que integra m\u00fasiques que reflecteixen la diversitat cultural i musical del m\u00f3n actual amb sonoritats vinculades al jazz i el pop, per\u00f2 sense allunyar-se de les arrels de les tradicions mediterr\u00e0nies.<\/p>\n\n\n\n<p>Polir\u00edtmia comen\u00e7ar\u00e0 el dissabte 21 de desembre amb la inauguraci\u00f3 de la instal\u00b7laci\u00f3 sonora \u2018Sub-ritmia, l&#8217;arr\u00edtmia dels oceans\u2019, comissariada per Concha Ros, en el Espai D del CCCC.<\/p>\n\n\n\n<p>\u2018Sub-ritmia\u2019 \u00e9s un projecte d&#8217;Elena Mart\u00ed i Jorge Marredo, artistes visual i sonor respectivament, que conjuminen al\u00e9 creatiu en aquesta instal\u00b7laci\u00f3 conjunta en el marc del festival, per a posar en evid\u00e8ncia la necessitat de canviar la forma en qu\u00e8 interactuem amb el planeta. La instal\u00b7laci\u00f3 sonora podr\u00e0 visitar-se gratu\u00eftament del dia 21 al 29 de desembre en l&#8217;horari d&#8217;obertura del Centre del Carme.<\/p>\n\n\n\n<p>El dissabte 21 de desembre la programaci\u00f3 comen\u00e7ar\u00e0 a les 18.00 hores a la Sala Refectori del Centre del Carme amb l&#8217;espectacle did\u00e0ctic familiar \u2018Passaport a la Mediterr\u00e0nia\u2019, a c\u00e0rrec de Mar\u00eda Faubel a la veu i guitarra, Alba Delgado al piano i Marta Garc\u00eda a la percussi\u00f3. El diumenge 22 de desembre el taller did\u00e0ctic tindr\u00e0 un altre passe a les 11.00 hores.<\/p>\n\n\n\n<p>Aquest taller did\u00e0ctic, dirigit a p\u00fablic familiar amb xiquets i xiquetes a partir de 5 anys, ofereix una introducci\u00f3 a les m\u00fasiques i instruments del Mediterrani mitjan\u00e7ant un viatge pels seus ritmes i can\u00e7ons, sense necessitat de coneixements previs.<\/p>\n\n\n\n<p>El dissabte 28 de desembre a les 12.00 hores a la Sala Refectori tindr\u00e0 lloc el primer dels concerts de la programaci\u00f3 d&#8217;aquesta edici\u00f3, &#8216;Gharb\u00ed&#8217;, la proposta del m\u00fasic valenci\u00e0 Andr\u00e9s Belmonte, el seu segon disc dedicat a la fusi\u00f3 de la m\u00fasica \u00e0rab i la m\u00fasica valenciana.<\/p>\n\n\n\n<p>La proposta internacional d&#8217;aquesta edici\u00f3 de Polir\u00edtmia arribar\u00e0 al Centre del Carme el dissabte 28 de desembre a les 18.30 hores amb el tunisi\u00e0 Dhafer Youssef, acompanyat pel guitarrista noruec Eivind Aarset.&nbsp;<\/p>\n\n\n\n<p>Youssef \u00e9s un creador en constant moviment, mestre del cant i del oud, un dels m\u00e9s populars instruments \u00e0rabs (similar al lla\u00fct), al qual ha tret del seu rol tradicional, mesclant m\u00fasica turca, asi\u00e0tica amb el electro, el jazz o el rock.&nbsp;<\/p>\n\n\n\n<p>El diumenge 29 de desembre tindr\u00e0 lloc l&#8217;\u00faltim dels concerts d&#8217;aquesta edici\u00f3. Linda Ahmad &amp; Cardamom Trio estaran a les 12.00 hores a la Sala Refectori del Centre del Carme amb la seua proposta \u2018When the sun rises\u2019, on les sonoritats de la m\u00fasica \u00e0rab i la m\u00fasica persa es nodreixen d&#8217;arrels comunes, a trav\u00e9s de tr\u00e0nsits i hist\u00f2ries compartides, i alhora, cadascuna amb les seues pr\u00f2pies fonts, llenguatges i formes d&#8217;expressi\u00f3.<\/p>\n\n\n\n<p>Totes les activitats de Polir\u00edtmia s\u00f3n d&#8217;acc\u00e9s lliure fins a completar aforament. El taller did\u00e0ctic \u2018Passaport a la Mediterr\u00e0nia\u2019 requereix inscripci\u00f3 pr\u00e8via, que pot realitzar-se en la web del&nbsp;<a href=\"https:\/\/poliritmia.ivc.gva.es\/\" target=\"_blank\" rel=\"noreferrer noopener\">festival Polir\u00edtmia<\/a>.<\/p>\n\n\n\n<p>La imatge gr\u00e0fica d&#8217;aquesta edici\u00f3 de Polir\u00edtmia \u00e9s obra del dissenyador gr\u00e0fic valenci\u00e0 Ib\u00e1n Ram\u00f3n.<\/p>\n","protected":false},"excerpt":{"rendered":"<div class=\"mh-excerpt\">Tres concerts, dues sessions d&#8217;un espectacle did\u00e0ctic familiar i una instal\u00b7laci\u00f3 sonora componen la programaci\u00f3 d&#8217;aquesta edici\u00f3. Les activitats de Polir\u00edtmia es realitzaran del 21 al 29 de desembre en el Centre del Carme de <a class=\"mh-excerpt-more\" href=\"https:\/\/www.tucomarca.com\/wordpress\/segunda\/ca\/el-institut-valencia-de-cultura-presenta-una-nova-edicio-del-festival-poliritmia-que-torna-a-valencia-amb-una-mostra-de-musica-del-mediterrani\/\" title=\"El Institut Valenci\u00e0 de Cultura presenta una nova edici\u00f3 del festival Polir\u00edtmia que torna a Val\u00e8ncia amb una mostra de m\u00fasica del Mediterrani\">[+] <\/a><\/div>\n","protected":false},"author":13,"featured_media":247599,"comment_status":"open","ping_status":"open","sticky":false,"template":"","format":"standard","meta":{"footnotes":""},"categories":[11019,11005,10894,10904,11007,10896],"tags":[11066,13274,17761,11199,15856],"class_list":{"0":"post-247601","1":"post","2":"type-post","3":"status-publish","4":"format-standard","5":"has-post-thumbnail","7":"category-agenda-ca","8":"category-canal-musica","9":"category-la-comarca-ca","10":"category-sin-categorizar-ca","11":"category-ocio-y-cultura-ca","12":"category-seccion-ca","13":"tag-musica-ca","14":"tag-institut-valencia-de-cultura-ca","15":"tag-ivc-ca","16":"tag-la-comunitat-ca","17":"tag-ocio-y-cultura-ca"},"_links":{"self":[{"href":"https:\/\/www.tucomarca.com\/wordpress\/segunda\/ca\/wp-json\/wp\/v2\/posts\/247601","targetHints":{"allow":["GET"]}}],"collection":[{"href":"https:\/\/www.tucomarca.com\/wordpress\/segunda\/ca\/wp-json\/wp\/v2\/posts"}],"about":[{"href":"https:\/\/www.tucomarca.com\/wordpress\/segunda\/ca\/wp-json\/wp\/v2\/types\/post"}],"author":[{"embeddable":true,"href":"https:\/\/www.tucomarca.com\/wordpress\/segunda\/ca\/wp-json\/wp\/v2\/users\/13"}],"replies":[{"embeddable":true,"href":"https:\/\/www.tucomarca.com\/wordpress\/segunda\/ca\/wp-json\/wp\/v2\/comments?post=247601"}],"version-history":[{"count":0,"href":"https:\/\/www.tucomarca.com\/wordpress\/segunda\/ca\/wp-json\/wp\/v2\/posts\/247601\/revisions"}],"wp:featuredmedia":[{"embeddable":true,"href":"https:\/\/www.tucomarca.com\/wordpress\/segunda\/ca\/wp-json\/wp\/v2\/media\/247599"}],"wp:attachment":[{"href":"https:\/\/www.tucomarca.com\/wordpress\/segunda\/ca\/wp-json\/wp\/v2\/media?parent=247601"}],"wp:term":[{"taxonomy":"category","embeddable":true,"href":"https:\/\/www.tucomarca.com\/wordpress\/segunda\/ca\/wp-json\/wp\/v2\/categories?post=247601"},{"taxonomy":"post_tag","embeddable":true,"href":"https:\/\/www.tucomarca.com\/wordpress\/segunda\/ca\/wp-json\/wp\/v2\/tags?post=247601"}],"curies":[{"name":"wp","href":"https:\/\/api.w.org\/{rel}","templated":true}]}}