{"id":247621,"date":"2024-12-10T09:00:00","date_gmt":"2024-12-10T07:00:00","guid":{"rendered":"https:\/\/www.tucomarca.com\/wordpress\/segunda\/?p=247621"},"modified":"2024-12-10T21:51:22","modified_gmt":"2024-12-10T19:51:22","slug":"el-institut-valencia-de-cultura-presenta-les-lectures-dramatitzades-del-laboratori-insula-dramataria-josep-lluis-sirera","status":"publish","type":"post","link":"https:\/\/www.tucomarca.com\/wordpress\/segunda\/ca\/el-institut-valencia-de-cultura-presenta-les-lectures-dramatitzades-del-laboratori-insula-dramataria-josep-lluis-sirera\/","title":{"rendered":"El Institut Valenci\u00e0 de Cultura presenta les lectures dramatitzades del Laboratori \u2018\u00cdnsula Dramataria Josep Llu\u00eds Sirera\u2019"},"content":{"rendered":"\n<h3 class=\"wp-block-heading\">Andrea Mart\u00ednez, Rom\u00e1n Cebri\u00e1n, N\u00faria Vizcarro i Juli Disla s\u00f3n els autors participants en aquesta edici\u00f3.<\/h3>\n\n\n\n<h3 class=\"wp-block-heading\">Les lectures de les seues obres es faran en el Teatre Rialto de Val\u00e8ncia de l&#8217;11 al 22 de desembre.<\/h3>\n\n\n<div class=\"wp-block-image\">\n<figure class=\"alignleft size-large is-resized\"><img loading=\"lazy\" decoding=\"async\" width=\"731\" height=\"1024\" src=\"http:\/\/www.tucomarca.com\/wordpress\/segunda\/wp-content\/uploads\/2024\/12\/IVC_LecturasInsula-731x1024.jpg\" alt=\"\" class=\"wp-image-247604\" style=\"width:404px;height:auto\" srcset=\"https:\/\/www.tucomarca.com\/wordpress\/segunda\/wp-content\/uploads\/2024\/12\/IVC_LecturasInsula-731x1024.jpg 731w, https:\/\/www.tucomarca.com\/wordpress\/segunda\/wp-content\/uploads\/2024\/12\/IVC_LecturasInsula-214x300.jpg 214w, https:\/\/www.tucomarca.com\/wordpress\/segunda\/wp-content\/uploads\/2024\/12\/IVC_LecturasInsula-768x1075.jpg 768w, https:\/\/www.tucomarca.com\/wordpress\/segunda\/wp-content\/uploads\/2024\/12\/IVC_LecturasInsula-1097x1536.jpg 1097w, https:\/\/www.tucomarca.com\/wordpress\/segunda\/wp-content\/uploads\/2024\/12\/IVC_LecturasInsula-1463x2048.jpg 1463w, https:\/\/www.tucomarca.com\/wordpress\/segunda\/wp-content\/uploads\/2024\/12\/IVC_LecturasInsula-scaled.jpg 1829w\" sizes=\"auto, (max-width: 731px) 100vw, 731px\" \/><\/figure>\n<\/div>\n\n\n<p>El Institut Valenci\u00e0 de Cultura, dependent de la Conselleria d&#8217;Educaci\u00f3, Cultura, Universitats i Ocupaci\u00f3, ha programat de l&#8217;11 al 22 de desembre en el Teatre Rialto de Val\u00e8ncia les lectures dramatitzades del VII Laboratori de dramat\u00fargia \u2018\u00cdnsula Dramataria Josep Llu\u00eds Sirera\u2019.<\/p>\n\n\n\n<p>Andrea Mart\u00ednez, Rom\u00e1n Cebri\u00e1n, N\u00faria Vizcarro i Juli Disla s\u00f3n els autors participants en aquesta edici\u00f3, que ha comptat amb la coordinaci\u00f3 de Paco Zarzoso i la tutoria externa d&#8217;Albert Arribas.<\/p>\n\n\n\n<p>El Laboratori de Dramat\u00fargia \u2018\u00cdnsula Dramataria Josep Llu\u00eds Sirera\u2019 t\u00e9 l&#8217;objectiu d&#8217;estimular l&#8217;escriptura teatral i potenciar la dramat\u00fargia viva valenciana. Per a aix\u00f2, el projecte proposa generar unes condicions \u00f2ptimes de treball, aix\u00ed com compartir el proc\u00e9s d&#8217;escriptura realitzant reunions conjuntes amb altres autors i professionals esc\u00e8nics i generar aix\u00ed un proc\u00e9s m\u00e9s creatiu.<\/p>\n\n\n\n<p>Un dels grans eixos de la direcci\u00f3 adjunta d&#8217;Arts Esc\u00e8niques \u00e9s el suport a la creaci\u00f3, per al que compta amb diversos projectes com les produccions pr\u00f2pies, laboratoris de dramat\u00fargia, laboratoris d&#8217;investigaci\u00f3, resid\u00e8ncies, etc.&nbsp;<\/p>\n\n\n\n<p>Aquestes lectures suposen, a m\u00e9s, \u201cun suport al conjunt del teixit esc\u00e8nic valenci\u00e0, ja que en aquestes lectures intervenen, a m\u00e9s dels autors, actors, directors i altres professionals que completen els equips art\u00edstics i t\u00e8cnics en la posada en escena d&#8217;aquestes lectures dramatitzades\u201d, ha manifestat la directora adjunta d&#8217;Arts Esc\u00e8niques del IVC, Mar\u00eda Jos\u00e9 Mora.<\/p>\n\n\n\n<p><strong>Calendari de lectures<\/strong><\/p>\n\n\n\n<p>L&#8217;11 i 12 de desembre es duran a terme les lectures del text \u2018L\u2019Admiraci\u00f3\u2019 de Juli Disla, dirigida per Jaume P\u00e9rez Rold\u00e1n i interpretada per Mireia P\u00e9rez, Toni Agust\u00ed i Wanda Bellanza.<\/p>\n\n\n\n<p>Els dies 14 i 15 de desembre ser\u00e0 el torn del text \u2018Planter\u2019, de N\u00faria Vizcarro, dirigit per l&#8217;autora i interpretat per Laia Porcar, Silvia Valero, Cesca Salazar, Lia Herbor, Rebeca Izquierdo, Beatriu Casanova i Rosanna Espin\u00f3s.<\/p>\n\n\n\n<p>\u2018Tot \u00e9s verd\u2019, d&#8217;Andrea Mart\u00ednez, es podr\u00e0 veure el 18 i 19 de desembre i estar\u00e0 dirigit per Cabellera Androide i interpretat per Almudena Casado, Daniel V. Carrillo Colom, Daniel Teba, Marina Santos i Sara Ruiz Ferrer.<\/p>\n\n\n\n<p>Finalment, els dies 21 i 22 de desembre es dur\u00e0 a terme la lectura del text de Rom\u00e1n Cebri\u00e1n,\u202f&nbsp;\u2018Bialowieza\u2019, dirigit per Marina Cerisuelo i interpretat per Ver\u00f2nica Andr\u00e9s, Lola Bou, Anna Claramonte, Marcos Luis Hernando, Enric Juezas, Nacho S\u00e1nchez Ortiz i C\u00e9sar Tormo.<\/p>\n\n\n\n<p>Les entrades per a les lectures dramatitzades s\u00f3n gratu\u00eftes i es poden sol\u00b7licitar en taquilles del teatre o en la&nbsp;<a href=\"https:\/\/ivc.gva.es\/val\/ivc-val\/programacio-ivc\/teatre-rialto-de-valencia\/insula-dramataria-josep-lluis-sirera-24-v\" target=\"_blank\" rel=\"noreferrer noopener\">taquilla online<\/a>&nbsp;fins a un m\u00e0xim de quatre entrades per persona.<\/p>\n","protected":false},"excerpt":{"rendered":"<div class=\"mh-excerpt\">Andrea Mart\u00ednez, Rom\u00e1n Cebri\u00e1n, N\u00faria Vizcarro i Juli Disla s\u00f3n els autors participants en aquesta edici\u00f3. Les lectures de les seues obres es faran en el Teatre Rialto de Val\u00e8ncia de l&#8217;11 al 22 de <a class=\"mh-excerpt-more\" href=\"https:\/\/www.tucomarca.com\/wordpress\/segunda\/ca\/el-institut-valencia-de-cultura-presenta-les-lectures-dramatitzades-del-laboratori-insula-dramataria-josep-lluis-sirera\/\" title=\"El Institut Valenci\u00e0 de Cultura presenta les lectures dramatitzades del Laboratori \u2018\u00cdnsula Dramataria Josep Llu\u00eds Sirera\u2019\">[+] <\/a><\/div>\n","protected":false},"author":13,"featured_media":247607,"comment_status":"open","ping_status":"open","sticky":false,"template":"","format":"standard","meta":{"footnotes":""},"categories":[11019,10904,11007,10896],"tags":[13274,17761,11199,15856],"class_list":{"0":"post-247621","1":"post","2":"type-post","3":"status-publish","4":"format-standard","5":"has-post-thumbnail","7":"category-agenda-ca","8":"category-sin-categorizar-ca","9":"category-ocio-y-cultura-ca","10":"category-seccion-ca","11":"tag-institut-valencia-de-cultura-ca","12":"tag-ivc-ca","13":"tag-la-comunitat-ca","14":"tag-ocio-y-cultura-ca"},"_links":{"self":[{"href":"https:\/\/www.tucomarca.com\/wordpress\/segunda\/ca\/wp-json\/wp\/v2\/posts\/247621","targetHints":{"allow":["GET"]}}],"collection":[{"href":"https:\/\/www.tucomarca.com\/wordpress\/segunda\/ca\/wp-json\/wp\/v2\/posts"}],"about":[{"href":"https:\/\/www.tucomarca.com\/wordpress\/segunda\/ca\/wp-json\/wp\/v2\/types\/post"}],"author":[{"embeddable":true,"href":"https:\/\/www.tucomarca.com\/wordpress\/segunda\/ca\/wp-json\/wp\/v2\/users\/13"}],"replies":[{"embeddable":true,"href":"https:\/\/www.tucomarca.com\/wordpress\/segunda\/ca\/wp-json\/wp\/v2\/comments?post=247621"}],"version-history":[{"count":0,"href":"https:\/\/www.tucomarca.com\/wordpress\/segunda\/ca\/wp-json\/wp\/v2\/posts\/247621\/revisions"}],"wp:featuredmedia":[{"embeddable":true,"href":"https:\/\/www.tucomarca.com\/wordpress\/segunda\/ca\/wp-json\/wp\/v2\/media\/247607"}],"wp:attachment":[{"href":"https:\/\/www.tucomarca.com\/wordpress\/segunda\/ca\/wp-json\/wp\/v2\/media?parent=247621"}],"wp:term":[{"taxonomy":"category","embeddable":true,"href":"https:\/\/www.tucomarca.com\/wordpress\/segunda\/ca\/wp-json\/wp\/v2\/categories?post=247621"},{"taxonomy":"post_tag","embeddable":true,"href":"https:\/\/www.tucomarca.com\/wordpress\/segunda\/ca\/wp-json\/wp\/v2\/tags?post=247621"}],"curies":[{"name":"wp","href":"https:\/\/api.w.org\/{rel}","templated":true}]}}