{"id":247634,"date":"2024-12-10T12:10:00","date_gmt":"2024-12-10T10:10:00","guid":{"rendered":"https:\/\/www.tucomarca.com\/wordpress\/segunda\/?p=247634"},"modified":"2024-12-10T22:42:09","modified_gmt":"2024-12-10T20:42:09","slug":"el-consell-destina-87-milions-deuros-per-a-la-rehabilitacio-de-les-estructures-de-la-cv-50-danyades-per-la-riuada-en-el-terme-municipal-de-xest","status":"publish","type":"post","link":"https:\/\/www.tucomarca.com\/wordpress\/segunda\/ca\/el-consell-destina-87-milions-deuros-per-a-la-rehabilitacio-de-les-estructures-de-la-cv-50-danyades-per-la-riuada-en-el-terme-municipal-de-xest\/","title":{"rendered":"El Consell destina 8,7 milions d&#8217;euros per a la rehabilitaci\u00f3 de les estructures de la CV-50 danyades per la riuada en el terme municipal de Xest"},"content":{"rendered":"\n<h3 class=\"wp-block-heading\">El desbordament del barranc del Pedr\u00eds va provocar greus danys en dos ponts d&#8217;aquesta carretera.<\/h3>\n\n\n\n<h3 class=\"wp-block-heading\">El termini estimat per a la realitzaci\u00f3 d&#8217;aquestes obres d&#8217;emerg\u00e8ncia \u00e9s de deu mesos.<\/h3>\n\n\n\n<p>El Consell ha pres ra\u00f3 de la declaraci\u00f3 d&#8217;emerg\u00e8ncia per a l&#8217;execuci\u00f3 de les obres de rehabilitaci\u00f3 dels ponts de la carretera CV-50 situats en els PKS 74+000 i 76+200 en el terme municipal de Xest, per a les quals es destina un pressupost estimat de 8.748.000 euros.<\/p>\n\n\n\n<p>El desbordament del barranc del Pedr\u00eds en el municipi de Xest va provocar greus inundacions en la carretera CV-50, ocasionant danys significatius en dos dels seus ponts i impossibilitant la circulaci\u00f3.<\/p>\n\n\n\n<p>Les obres d&#8217;emerg\u00e8ncia se centraran en la rehabilitaci\u00f3 d&#8217;aquestes dues infraestructures. En el primer dels ponts, situat en el quil\u00f2metre 74, es realitzaran inspeccions detallades de l&#8217;estructura i els seus fonaments, juntament amb un al\u00e7ament topogr\u00e0fic que inclour\u00e0 un escaneig l\u00e0ser. Tamb\u00e9 es duran a terme sondejos per a avaluar les condicions del terreny i l&#8217;obra.<\/p>\n\n\n\n<p>En funci\u00f3 dels resultats obtinguts, es consideraran dues alternatives per a la reparaci\u00f3 del tauler del pont: la reposici\u00f3 amb una sola obertura o una reconstrucci\u00f3 completa que milloraria la capacitat de desgu\u00e0s i, per tant, la seguretat de la infraestructura. A m\u00e9s, en coordinaci\u00f3 amb la Confederaci\u00f3 Hidrogr\u00e0fica del X\u00faquer, es realitzar\u00e0 neteja del llit i condicionament de l&#8217;entorn.<\/p>\n\n\n\n<p>El segon pont, situat en el quil\u00f2metre 76, tamb\u00e9 ser\u00e0 objecte de neteja i revisi\u00f3, reposici\u00f3 dels terraplens d&#8217;acc\u00e9s i de la barrera i muralleta de seguretat, entre altres actuacions.<\/p>\n\n\n\n<p>Per a assegurar que les obres es desenvolupen conforme a les normatives de seguretat i salut, es comptar\u00e0 amb un equip de direcci\u00f3 d&#8217;obra que s&#8217;encarregar\u00e0 de la supervisi\u00f3 i coordinaci\u00f3 dels treballs.<\/p>\n\n\n\n<p>El termini estimat per a la finalitzaci\u00f3 d&#8217;aquestes obres d&#8217;emerg\u00e8ncia \u00e9s de deu mesos. Quant a la dotaci\u00f3 econ\u00f2mica, s&#8217;ha elaborat un pressupost total estimat de 8.100.000 euros per a l&#8217;execuci\u00f3 de les obres, a m\u00e9s d&#8217;un cost de 648.000 euros per a la direcci\u00f3 facultativa i la coordinaci\u00f3 de seguretat i salut.<\/p>\n\n\n\n<p>Mentre es realitzen les obres de reconstrucci\u00f3 d&#8217;aquestes dues infraestructures, la Conselleria de Medi Ambient, Infraestructures i Territori ha establit solucions provisionals per a permetre la circulaci\u00f3 en la CV-50. Entre eixes actuacions, destaca la instal\u00b7laci\u00f3 d&#8217;un pont met\u00e0l\u00b7lic, col\u00b7locat per la Unitat Militar d&#8217;Emerg\u00e8ncies, aix\u00ed com l&#8217;habilitaci\u00f3 d&#8217;un sol carril per a permetre el tr\u00e0nsit alternatiu en aquests punts.<\/p>\n","protected":false},"excerpt":{"rendered":"<div class=\"mh-excerpt\">El desbordament del barranc del Pedr\u00eds va provocar greus danys en dos ponts d&#8217;aquesta carretera. El termini estimat per a la realitzaci\u00f3 d&#8217;aquestes obres d&#8217;emerg\u00e8ncia \u00e9s de deu mesos. El Consell ha pres ra\u00f3 de <a class=\"mh-excerpt-more\" href=\"https:\/\/www.tucomarca.com\/wordpress\/segunda\/ca\/el-consell-destina-87-milions-deuros-per-a-la-rehabilitacio-de-les-estructures-de-la-cv-50-danyades-per-la-riuada-en-el-terme-municipal-de-xest\/\" title=\"El Consell destina 8,7 milions d&#8217;euros per a la rehabilitaci\u00f3 de les estructures de la CV-50 danyades per la riuada en el terme municipal de Xest\">[+] <\/a><\/div>\n","protected":false},"author":12,"featured_media":245404,"comment_status":"open","ping_status":"open","sticky":false,"template":"","format":"standard","meta":{"footnotes":""},"categories":[21466,10898,10948,10894,10904,10912,10903,10947,10896,10897,10974],"tags":[11071,12537,15409,11498,10914],"class_list":{"0":"post-247634","1":"post","2":"type-post","3":"status-publish","4":"format-standard","5":"has-post-thumbnail","7":"category-dana-ca","8":"category-ventana-ca","9":"category-infraestructuras-ca","10":"category-la-comarca-ca","11":"category-sin-categorizar-ca","12":"category-la-hoya-ca","13":"category-medio-ambiente-la-comarca-ca","14":"category-politica","15":"category-seccion-ca","16":"category-sucesos-la-comarca-ca","17":"category-cheste-ca","18":"tag-cheste","19":"tag-cv-50-ca","20":"tag-dana-2-ca","21":"tag-generalitat-valenciana-ca","22":"tag-la-hoya-de-bunol-chiva-ca"},"_links":{"self":[{"href":"https:\/\/www.tucomarca.com\/wordpress\/segunda\/ca\/wp-json\/wp\/v2\/posts\/247634","targetHints":{"allow":["GET"]}}],"collection":[{"href":"https:\/\/www.tucomarca.com\/wordpress\/segunda\/ca\/wp-json\/wp\/v2\/posts"}],"about":[{"href":"https:\/\/www.tucomarca.com\/wordpress\/segunda\/ca\/wp-json\/wp\/v2\/types\/post"}],"author":[{"embeddable":true,"href":"https:\/\/www.tucomarca.com\/wordpress\/segunda\/ca\/wp-json\/wp\/v2\/users\/12"}],"replies":[{"embeddable":true,"href":"https:\/\/www.tucomarca.com\/wordpress\/segunda\/ca\/wp-json\/wp\/v2\/comments?post=247634"}],"version-history":[{"count":0,"href":"https:\/\/www.tucomarca.com\/wordpress\/segunda\/ca\/wp-json\/wp\/v2\/posts\/247634\/revisions"}],"wp:featuredmedia":[{"embeddable":true,"href":"https:\/\/www.tucomarca.com\/wordpress\/segunda\/ca\/wp-json\/wp\/v2\/media\/245404"}],"wp:attachment":[{"href":"https:\/\/www.tucomarca.com\/wordpress\/segunda\/ca\/wp-json\/wp\/v2\/media?parent=247634"}],"wp:term":[{"taxonomy":"category","embeddable":true,"href":"https:\/\/www.tucomarca.com\/wordpress\/segunda\/ca\/wp-json\/wp\/v2\/categories?post=247634"},{"taxonomy":"post_tag","embeddable":true,"href":"https:\/\/www.tucomarca.com\/wordpress\/segunda\/ca\/wp-json\/wp\/v2\/tags?post=247634"}],"curies":[{"name":"wp","href":"https:\/\/api.w.org\/{rel}","templated":true}]}}