{"id":247761,"date":"2024-12-12T10:00:00","date_gmt":"2024-12-12T08:00:00","guid":{"rendered":"https:\/\/www.tucomarca.com\/wordpress\/segunda\/?p=247761"},"modified":"2024-12-12T11:30:21","modified_gmt":"2024-12-12T09:30:21","slug":"avanca-a-turis-la-recuperacio-del-pont-de-la-fallereta-despres-de-la-dana","status":"publish","type":"post","link":"https:\/\/www.tucomarca.com\/wordpress\/segunda\/ca\/avanca-a-turis-la-recuperacio-del-pont-de-la-fallereta-despres-de-la-dana\/","title":{"rendered":"Avan\u00e7a a Tur\u00eds la recuperaci\u00f3 del pont de la Fallereta despr\u00e9s de la DANA"},"content":{"rendered":"\n<p>La Diputaci\u00f3 de Val\u00e8ncia ha iniciat les labors de recuperaci\u00f3 del pont de La Fallereta, en la carretera CV-422 direcci\u00f3 Altury, greument afectat per la DANA del passat octubre.<\/p>\n\n\n\n<p>Els treballs s&#8217;enfoquen principalment en la reconstrucci\u00f3 dels terraplens d&#8217;acc\u00e9s, que van ser completament arrasats per la for\u00e7a del corrent. Aquestes obres complementen les realitzades per la brigada municipal d&#8217;obres i TRAGSA en diferents punts del terme municipal.<\/p>\n\n\n\n<p>Segons les primeres inspeccions, l&#8217;estructura del pont es troba en bon estat, i amb les intervencions necess\u00e0ries ser\u00e0 possible restablir el seu funcionament. Les tasques avancen a bon ritme, encara que la data exacta de finalitzaci\u00f3 encara est\u00e0 per determinar.<\/p>\n\n\n\n<p>Aquesta actuaci\u00f3 forma part de l&#8217;esfor\u00e7 conjunt per a recuperar les infraestructures afectades i garantir la connectivitat.<\/p>\n\n\n\n<figure class=\"wp-block-image size-large\"><img loading=\"lazy\" decoding=\"async\" width=\"1024\" height=\"577\" src=\"https:\/\/www.tucomarca.com\/wordpress\/segunda\/wp-content\/uploads\/2024\/12\/TurisPontFallereta1-1024x577.jpg\" alt=\"\" class=\"wp-image-247755\" srcset=\"https:\/\/www.tucomarca.com\/wordpress\/segunda\/wp-content\/uploads\/2024\/12\/TurisPontFallereta1-1024x577.jpg 1024w, https:\/\/www.tucomarca.com\/wordpress\/segunda\/wp-content\/uploads\/2024\/12\/TurisPontFallereta1-300x169.jpg 300w, https:\/\/www.tucomarca.com\/wordpress\/segunda\/wp-content\/uploads\/2024\/12\/TurisPontFallereta1-768x432.jpg 768w, https:\/\/www.tucomarca.com\/wordpress\/segunda\/wp-content\/uploads\/2024\/12\/TurisPontFallereta1-1536x865.jpg 1536w, https:\/\/www.tucomarca.com\/wordpress\/segunda\/wp-content\/uploads\/2024\/12\/TurisPontFallereta1-678x381.jpg 678w, https:\/\/www.tucomarca.com\/wordpress\/segunda\/wp-content\/uploads\/2024\/12\/TurisPontFallereta1.jpg 2048w\" sizes=\"auto, (max-width: 1024px) 100vw, 1024px\" \/><\/figure>\n","protected":false},"excerpt":{"rendered":"<div class=\"mh-excerpt\">La Diputaci\u00f3 de Val\u00e8ncia ha iniciat les labors de recuperaci\u00f3 del pont de La Fallereta, en la carretera CV-422 direcci\u00f3 Altury, greument afectat per la DANA del passat octubre. Els treballs s&#8217;enfoquen principalment en la <a class=\"mh-excerpt-more\" href=\"https:\/\/www.tucomarca.com\/wordpress\/segunda\/ca\/avanca-a-turis-la-recuperacio-del-pont-de-la-fallereta-despres-de-la-dana\/\" title=\"Avan\u00e7a a Tur\u00eds la recuperaci\u00f3 del pont de la Fallereta despr\u00e9s de la DANA\">[+] <\/a><\/div>\n","protected":false},"author":12,"featured_media":247758,"comment_status":"open","ping_status":"open","sticky":false,"template":"","format":"standard","meta":{"footnotes":""},"categories":[21466,10948,10894,10904,10902,10903,10947,10896,10897,11047],"tags":[15409,11246,21696,11356,11093],"class_list":{"0":"post-247761","1":"post","2":"type-post","3":"status-publish","4":"format-standard","5":"has-post-thumbnail","7":"category-dana-ca","8":"category-infraestructuras-ca","9":"category-la-comarca-ca","10":"category-sin-categorizar-ca","11":"category-la-ribera-ca","12":"category-medio-ambiente-la-comarca-ca","13":"category-politica","14":"category-seccion-ca","15":"category-sucesos-la-comarca-ca","16":"category-turis-ca","17":"tag-dana-2-ca","18":"tag-diputacio-de-valencia-ca","19":"tag-puente-de-la-fallereta-ca","20":"tag-ribera-alta-ca","21":"tag-turis-ca"},"_links":{"self":[{"href":"https:\/\/www.tucomarca.com\/wordpress\/segunda\/ca\/wp-json\/wp\/v2\/posts\/247761","targetHints":{"allow":["GET"]}}],"collection":[{"href":"https:\/\/www.tucomarca.com\/wordpress\/segunda\/ca\/wp-json\/wp\/v2\/posts"}],"about":[{"href":"https:\/\/www.tucomarca.com\/wordpress\/segunda\/ca\/wp-json\/wp\/v2\/types\/post"}],"author":[{"embeddable":true,"href":"https:\/\/www.tucomarca.com\/wordpress\/segunda\/ca\/wp-json\/wp\/v2\/users\/12"}],"replies":[{"embeddable":true,"href":"https:\/\/www.tucomarca.com\/wordpress\/segunda\/ca\/wp-json\/wp\/v2\/comments?post=247761"}],"version-history":[{"count":0,"href":"https:\/\/www.tucomarca.com\/wordpress\/segunda\/ca\/wp-json\/wp\/v2\/posts\/247761\/revisions"}],"wp:featuredmedia":[{"embeddable":true,"href":"https:\/\/www.tucomarca.com\/wordpress\/segunda\/ca\/wp-json\/wp\/v2\/media\/247758"}],"wp:attachment":[{"href":"https:\/\/www.tucomarca.com\/wordpress\/segunda\/ca\/wp-json\/wp\/v2\/media?parent=247761"}],"wp:term":[{"taxonomy":"category","embeddable":true,"href":"https:\/\/www.tucomarca.com\/wordpress\/segunda\/ca\/wp-json\/wp\/v2\/categories?post=247761"},{"taxonomy":"post_tag","embeddable":true,"href":"https:\/\/www.tucomarca.com\/wordpress\/segunda\/ca\/wp-json\/wp\/v2\/tags?post=247761"}],"curies":[{"name":"wp","href":"https:\/\/api.w.org\/{rel}","templated":true}]}}