{"id":247798,"date":"2024-12-11T13:30:00","date_gmt":"2024-12-11T11:30:00","guid":{"rendered":"https:\/\/www.tucomarca.com\/wordpress\/segunda\/?p=247798"},"modified":"2024-12-11T21:33:16","modified_gmt":"2024-12-11T19:33:16","slug":"la-diputacio-i-lexercit-connecten-riba-roja-de-turia-amb-les-seues-urbanitzacions-a-traves-dun-pont-provisional","status":"publish","type":"post","link":"https:\/\/www.tucomarca.com\/wordpress\/segunda\/ca\/la-diputacio-i-lexercit-connecten-riba-roja-de-turia-amb-les-seues-urbanitzacions-a-traves-dun-pont-provisional\/","title":{"rendered":"La Diputaci\u00f3 i l&#8217;Ex\u00e8rcit connecten Riba-roja de T\u00faria amb les seues urbanitzacions a trav\u00e9s d&#8217;un pont provisional\u00a0"},"content":{"rendered":"\n<h3 class=\"wp-block-heading\"><strong><strong>La infraestructura, que s&#8217;ha obert al tr\u00e0nsit este mat\u00ed, estar\u00e0 operativa fins que finalitzen els treballs de la Diputaci\u00f3 sobre el pont danyat, i permetr\u00e0 l&#8217;acc\u00e9s a 3.000 ve\u00efns, amb un tr\u00e0nsit mig diari de 15.000 vehicles<\/strong><\/strong>.<\/h3>\n\n\n\n<h3 class=\"wp-block-heading\"><strong><strong>Vicent Momp\u00f3: \u201cquan les institucions treballem de la m\u00e0 podem fer grans coses com obrir este pont en temps r\u00e8cord\u201d<\/strong><\/strong>.<\/h3>\n\n\n\n<p>La Diputaci\u00f3 de Val\u00e8ncia i l&#8217;Ex\u00e8rcit de Terra han obert este dimecres el pont provisional sobre el T\u00faria que unix el nucli urb\u00e0 de Riba-roja de T\u00faria amb les urbanitzacions.&nbsp;<\/p>\n\n\n\n<p>Els treballs d&#8217;adequaci\u00f3 dels accessos i la pr\u00f2pia instal\u00b7laci\u00f3 del pont s&#8217;han executat en deu dies, \u201cun temps r\u00e8cord\u201d, assenyala el president de la Diputaci\u00f3, Vicent Momp\u00f3, que ha subratllat que \u201cquan les institucions treballem de la m\u00e0 podem fer grans coses\u201d.&nbsp;<\/p>\n\n\n\n<p>Momp\u00f3 explica que \u201ceste acc\u00e9s donava servici a una mitjana di\u00e0ria de 15.000 vehicles, que des del pas de la dana han hagut de fer recorreguts d&#8217;una hora, i que gr\u00e0cies al pont es podr\u00e0 fer en 15 minuts\u201d.<\/p>\n\n\n\n<p>En la mateixa l\u00ednia s&#8217;ha manifestat l&#8217;alcalde de Riba-roja de T\u00faria, Robert Raga, que ha incidit en qu\u00e8 \u201c\u00e9s un dia molt important per al municipi perqu\u00e8 hi ha 3.300 persones que necessiten passar per este acc\u00e9s cada dia per a anar al col\u00b7legi o al centre de salut\u201d.<\/p>\n\n\n\n<p>A m\u00e9s, ha assenyalat que \u201cel pont tamb\u00e9 connecta la localitat amb els termes de Benaguasil, la Pobla de Vallbona, L&#8217;Eliana i San Antonio de Benag\u00e9ber, que utilitzen este pont per a accedir a l&#8217;\u00e0rea industrial\u201d.&nbsp;<\/p>\n\n\n\n<p>Per la seua part Reme Mazzolari, ha explicat que \u201cs\u00f3n ja quatre els ponts que s&#8217;han instal\u00b7lat gr\u00e0cies amb l&#8217;ajuda de la UME i l&#8217;Ex\u00e8rcit\u201d, i ha aclarit que \u201cels treballs s&#8217;han fet per prioritat i per possibilitat, seguint els estudis previs dels t\u00e8cnics\u201d. En refer\u00e8ncia al pont de Riba-Roja, ha fixat \u201cun termini d&#8217;un any aproximadament, que farem el possible per a intentar que siga un poc menys, per a obrir el pont definitiu\u201d.&nbsp;<\/p>\n\n\n\n<p>Este desviament provisional, paral\u00b7lel al pont de la CV-336 sobre el riu T\u00faria, inclou el muntatge d&#8217;un pont militar provisional tipus Mabey d&#8217;uns 50 metres. Sobre els treballs t\u00e8cnics, la Diputaci\u00f3 ha constru\u00eft el mur d&#8217;escullera per a ampliar el radi de la carretera i facilitar el pas d&#8217;autobusos, vials d&#8217;acc\u00e9s, terraplens i asfaltat, i ha instal\u00b7lat la senyalitzaci\u00f3 i la sem\u00e0fors per a habitar el pas alternatiu dels dos sentits.&nbsp;<\/p>\n\n\n\n<p>Esta \u00e9s una de les actuacions que la corporaci\u00f3 provincial va aprovar d&#8217;urg\u00e8ncia a penes 48 hores despr\u00e9s del pas de la dana per a la reparaci\u00f3 i la reconstrucci\u00f3 de la xarxa provincial de carreteres. L&#8217;\u00c0rea de Carreteres de la Diputaci\u00f3 calcula que el total dels contractes d&#8217;emerg\u00e8ncia activats t\u00e9 un valor estimat de 53,5 milions d&#8217;euros.<\/p>\n\n\n\n<figure class=\"wp-block-gallery has-nested-images columns-2 is-cropped wp-block-gallery-1 is-layout-flex wp-block-gallery-is-layout-flex\">\n<figure class=\"wp-block-image size-large\"><img loading=\"lazy\" decoding=\"async\" width=\"1024\" height=\"665\" data-id=\"247768\" src=\"https:\/\/www.tucomarca.com\/wordpress\/segunda\/wp-content\/uploads\/2024\/12\/PuenteRibarroja3-1024x665.jpg\" alt=\"\" class=\"wp-image-247768\" srcset=\"https:\/\/www.tucomarca.com\/wordpress\/segunda\/wp-content\/uploads\/2024\/12\/PuenteRibarroja3-1024x665.jpg 1024w, https:\/\/www.tucomarca.com\/wordpress\/segunda\/wp-content\/uploads\/2024\/12\/PuenteRibarroja3-300x195.jpg 300w, https:\/\/www.tucomarca.com\/wordpress\/segunda\/wp-content\/uploads\/2024\/12\/PuenteRibarroja3-768x499.jpg 768w, https:\/\/www.tucomarca.com\/wordpress\/segunda\/wp-content\/uploads\/2024\/12\/PuenteRibarroja3-1536x998.jpg 1536w, https:\/\/www.tucomarca.com\/wordpress\/segunda\/wp-content\/uploads\/2024\/12\/PuenteRibarroja3-2048x1331.jpg 2048w\" sizes=\"auto, (max-width: 1024px) 100vw, 1024px\" \/><\/figure>\n\n\n\n<figure class=\"wp-block-image size-large\"><img loading=\"lazy\" decoding=\"async\" width=\"1024\" height=\"665\" data-id=\"247766\" src=\"https:\/\/www.tucomarca.com\/wordpress\/segunda\/wp-content\/uploads\/2024\/12\/PuenteRibarroja4-1024x665.jpg\" alt=\"\" class=\"wp-image-247766\" srcset=\"https:\/\/www.tucomarca.com\/wordpress\/segunda\/wp-content\/uploads\/2024\/12\/PuenteRibarroja4-1024x665.jpg 1024w, https:\/\/www.tucomarca.com\/wordpress\/segunda\/wp-content\/uploads\/2024\/12\/PuenteRibarroja4-300x195.jpg 300w, https:\/\/www.tucomarca.com\/wordpress\/segunda\/wp-content\/uploads\/2024\/12\/PuenteRibarroja4-768x499.jpg 768w, https:\/\/www.tucomarca.com\/wordpress\/segunda\/wp-content\/uploads\/2024\/12\/PuenteRibarroja4-1536x998.jpg 1536w, https:\/\/www.tucomarca.com\/wordpress\/segunda\/wp-content\/uploads\/2024\/12\/PuenteRibarroja4-2048x1331.jpg 2048w\" sizes=\"auto, (max-width: 1024px) 100vw, 1024px\" \/><\/figure>\n\n\n\n<figure class=\"wp-block-image size-large\"><img loading=\"lazy\" decoding=\"async\" width=\"1024\" height=\"665\" data-id=\"247770\" src=\"https:\/\/www.tucomarca.com\/wordpress\/segunda\/wp-content\/uploads\/2024\/12\/PuenteRibarroja2-1024x665.jpg\" alt=\"\" class=\"wp-image-247770\" srcset=\"https:\/\/www.tucomarca.com\/wordpress\/segunda\/wp-content\/uploads\/2024\/12\/PuenteRibarroja2-1024x665.jpg 1024w, https:\/\/www.tucomarca.com\/wordpress\/segunda\/wp-content\/uploads\/2024\/12\/PuenteRibarroja2-300x195.jpg 300w, https:\/\/www.tucomarca.com\/wordpress\/segunda\/wp-content\/uploads\/2024\/12\/PuenteRibarroja2-768x499.jpg 768w, https:\/\/www.tucomarca.com\/wordpress\/segunda\/wp-content\/uploads\/2024\/12\/PuenteRibarroja2-1536x998.jpg 1536w, https:\/\/www.tucomarca.com\/wordpress\/segunda\/wp-content\/uploads\/2024\/12\/PuenteRibarroja2-2048x1331.jpg 2048w\" sizes=\"auto, (max-width: 1024px) 100vw, 1024px\" \/><\/figure>\n<\/figure>\n","protected":false},"excerpt":{"rendered":"<div class=\"mh-excerpt\">La infraestructura, que s&#8217;ha obert al tr\u00e0nsit este mat\u00ed, estar\u00e0 operativa fins que finalitzen els treballs de la Diputaci\u00f3 sobre el pont danyat, i permetr\u00e0 l&#8217;acc\u00e9s a 3.000 ve\u00efns, amb un tr\u00e0nsit mig diari de <a class=\"mh-excerpt-more\" href=\"https:\/\/www.tucomarca.com\/wordpress\/segunda\/ca\/la-diputacio-i-lexercit-connecten-riba-roja-de-turia-amb-les-seues-urbanitzacions-a-traves-dun-pont-provisional\/\" title=\"La Diputaci\u00f3 i l&#8217;Ex\u00e8rcit connecten Riba-roja de T\u00faria amb les seues urbanitzacions a trav\u00e9s d&#8217;un pont provisional\u00a0\">[+] <\/a><\/div>\n","protected":false},"author":13,"featured_media":247773,"comment_status":"open","ping_status":"open","sticky":false,"template":"","format":"gallery","meta":{"footnotes":""},"categories":[10892,21466,10898,10948,10894,10904,10903,10947,10906,10896,10897],"tags":[10899,15409,12903,21009,11102],"class_list":{"0":"post-247798","1":"post","2":"type-post","3":"status-publish","4":"format-gallery","5":"has-post-thumbnail","7":"category-camp-de-turia-ca","8":"category-dana-ca","9":"category-ventana-ca","10":"category-infraestructuras-ca","11":"category-la-comarca-ca","12":"category-sin-categorizar-ca","13":"category-medio-ambiente-la-comarca-ca","14":"category-politica","15":"category-riba-roja-ca","16":"category-seccion-ca","17":"category-sucesos-la-comarca-ca","18":"tag-camp-de-turia-ca","19":"tag-dana-2-ca","20":"tag-infraestructuras-ca","21":"tag-la-diputacio-de-valencia-ca","22":"tag-riba-roja-2-ca","23":"post_format-post-format-gallery"},"_links":{"self":[{"href":"https:\/\/www.tucomarca.com\/wordpress\/segunda\/ca\/wp-json\/wp\/v2\/posts\/247798","targetHints":{"allow":["GET"]}}],"collection":[{"href":"https:\/\/www.tucomarca.com\/wordpress\/segunda\/ca\/wp-json\/wp\/v2\/posts"}],"about":[{"href":"https:\/\/www.tucomarca.com\/wordpress\/segunda\/ca\/wp-json\/wp\/v2\/types\/post"}],"author":[{"embeddable":true,"href":"https:\/\/www.tucomarca.com\/wordpress\/segunda\/ca\/wp-json\/wp\/v2\/users\/13"}],"replies":[{"embeddable":true,"href":"https:\/\/www.tucomarca.com\/wordpress\/segunda\/ca\/wp-json\/wp\/v2\/comments?post=247798"}],"version-history":[{"count":0,"href":"https:\/\/www.tucomarca.com\/wordpress\/segunda\/ca\/wp-json\/wp\/v2\/posts\/247798\/revisions"}],"wp:featuredmedia":[{"embeddable":true,"href":"https:\/\/www.tucomarca.com\/wordpress\/segunda\/ca\/wp-json\/wp\/v2\/media\/247773"}],"wp:attachment":[{"href":"https:\/\/www.tucomarca.com\/wordpress\/segunda\/ca\/wp-json\/wp\/v2\/media?parent=247798"}],"wp:term":[{"taxonomy":"category","embeddable":true,"href":"https:\/\/www.tucomarca.com\/wordpress\/segunda\/ca\/wp-json\/wp\/v2\/categories?post=247798"},{"taxonomy":"post_tag","embeddable":true,"href":"https:\/\/www.tucomarca.com\/wordpress\/segunda\/ca\/wp-json\/wp\/v2\/tags?post=247798"}],"curies":[{"name":"wp","href":"https:\/\/api.w.org\/{rel}","templated":true}]}}