{"id":247837,"date":"2024-12-11T11:00:00","date_gmt":"2024-12-11T09:00:00","guid":{"rendered":"https:\/\/www.tucomarca.com\/wordpress\/segunda\/?p=247837"},"modified":"2024-12-11T18:57:28","modified_gmt":"2024-12-11T16:57:28","slug":"la-diputacio-de-valencia-xifra-en-53-milions-deuros-la-inversio-per-a-reconstruir-la-xarxa-provincial-de-carreteres","status":"publish","type":"post","link":"https:\/\/www.tucomarca.com\/wordpress\/segunda\/ca\/la-diputacio-de-valencia-xifra-en-53-milions-deuros-la-inversio-per-a-reconstruir-la-xarxa-provincial-de-carreteres\/","title":{"rendered":"La Diputaci\u00f3 de Val\u00e8ncia xifra en 53 milions d&#8217;euros la inversi\u00f3 per a reconstruir la xarxa provincial de carreteres"},"content":{"rendered":"\n<h3 class=\"wp-block-heading\"><strong><strong>La diputada de Carreteres i vicepresidenta segona, Reme Mazzolari, fa balan\u00e7 en la seu de la instituci\u00f3 provincial de l&#8217;estat dels treballs de reconstrucci\u00f3 de la xarxa de carreteres de la Diputaci\u00f3<\/strong><\/strong>.<\/h3>\n\n\n\n<h3 class=\"wp-block-heading\"><strong><strong>La Diputaci\u00f3 ha activat ja 37 contractes d&#8217;emerg\u00e8ncia, i va comen\u00e7ar els treballs de reparaci\u00f3 a penes 48 hores despr\u00e9s del pas de ladana<\/strong><\/strong>.<\/h3>\n\n\n\n<p>La diputada de Carreteres i vicepresidenta segona de la Diputaci\u00f3 de Val\u00e8ncia, Reme Mazzolari, ha fet balan\u00e7 tant dels treballs de reparaci\u00f3 de les carreteres danyades com de la construcci\u00f3 de ponts que van col\u00b7lapsar pel pas de la dana.<\/p>\n\n\n\n<p>Mazzolari ha estimat en 53,5 milions d&#8217;euros el valor total dels 37 contractes d&#8217;emerg\u00e8ncia que s&#8217;han anat articulant des del mateix dia 31 d&#8217;octubre, quan el president Vicent Momp\u00f3 va firmar els corresponents decrets que van permetre comen\u00e7ar les obres el mateix dia 1 de novembre.<\/p>\n\n\n\n<p>En este sentit, la diputada de Carreteres ha volgut \u201cposar en valor l&#8217;alta qualificaci\u00f3 i capacitat de resposta del sector de l&#8217;obra p\u00fablica a Espanya\u201d, cosa que \u201cjunt a la col\u00b7laboraci\u00f3 entre institucions, ha sigut clau perqu\u00e8 puguem avan\u00e7ar al ritme que estem fent per a minimitzar l&#8217;impacte sobre la mobilitat dels ve\u00efns de les poblacions afectades\u201d.<\/p>\n\n\n\n<p>\u201cPer a fer-nos una idea del nivell d&#8217;afecci\u00f3 de la dana -continua Mazzolari- nom\u00e9s cal mirar el percentatge de carreteres danyades sobre la xarxa provincial, que ascendix a prop del 70%\u201d i recorda que \u201cles carreteres provincials suposen en moltes ocasions l&#8217;\u00fanica alternativa per a l&#8217;acc\u00e9s a les diferents poblacions de la prov\u00edncia, juntament amb la xarxa de camins de domini p\u00fablic, que \u00e9s majorit\u00e0riament de titularitat local\u201d.<\/p>\n\n\n\n<p>Reme Mazzolari ha posat com a exemple \u201cel pont militar que s&#8217;ha obert al tr\u00e0nsit hui mateix en Riba-Roja, per a connectar el municipi amb les seues urbanitzacions, i que suposava per als 3.000 ve\u00efns afectats quadruplicar el temps de tardaven per a accedir als servicis municipals del nucli urb\u00e0\u201d.<\/p>\n\n\n\n<p>Aix\u00ed mateix, durant la compareixen\u00e7a es fet rep\u00e0s d&#8217;algunes d&#8217;obres m\u00e9s rellevants, en ocasions en col\u00b7laboraci\u00f3 amb l&#8217;UME o l&#8217;ex\u00e8rcit de terra, \u201ccom el pont d&#8217;acc\u00e9s a Cheste de la A-3, el qual era prioritari per a evitar la incomunicaci\u00f3 total del municipi per carretera; el de Bu\u00f1ol, que \u00e9s clau per a l&#8217;acc\u00e9s dels camions a l&#8217;abocador de Dos Aguas; el de Carlet, per ser el de m\u00e9s longitud de la xarxa de carreteres; o el de Tur\u00eds sobre el riu Magre, que s&#8217;ha hagut de fer m\u00e9s ampli ja que la for\u00e7a de l&#8217;aigua va provocar un eixamplament del llit\u201d, ha concl\u00f2s la diputada.<\/p>\n\n\n\n<p>Tamb\u00e9 ha volgut remarcar Mazzolari unes altres actuacions ja finalitzades com la recuperaci\u00f3 de la connexi\u00f3 entre Loriguilla i Riba-Roja, \u201cper l&#8217;impacte que tenia sobre les \u00e0rees industrials de la zona\u201d i el tram de la CV-416 que s&#8217;ha restablit per a tornar a enlla\u00e7ar Montserrat amb Chiva, \u201cque est\u00e0 operativa des d&#8217;abans del pont de desembre, en un temps r\u00e8cord tenint en compte els danys que tenia\u201d.<\/p>\n\n\n\n<p><strong>Prop de 40 contractes d&#8217;emerg\u00e8ncia<\/strong><\/p>\n\n\n\n<p>L&#8217;\u00e0rea de Carreteres de la Diputaci\u00f3 ha establit dos grans l\u00ednies d&#8217;actuaci\u00f3 en resposta a la dana: d&#8217;una banda, els treballs de reparaci\u00f3 de les carreteres, i de manera paral\u00b7lela, la reconstrucci\u00f3 de les grans infraestructures, com s\u00f3n els ponts i pontons.<\/p>\n\n\n\n<p>Per a aix\u00f2, Mazzolari, ha explicat que \u201cs&#8217;han articulat fins a 37 contractes d&#8217;emerg\u00e8ncia, dels quals 22 es referixen a la pr\u00f2pia execuci\u00f3 de les obres i 15 s&#8217;han destinat a treballs d&#8217;enginyeria i redacci\u00f3 de projectes constructius\u201d, destacant la \u201cresposta exemplar de les empreses contractades\u201d.<\/p>\n\n\n\n<p>El pressupost estimat per a la reparaci\u00f3 de les carreteres danyades ascendix a 13 milions d&#8217;euros, mentres que les obres de reconstrucci\u00f3 de grans estructures, en la seua majoria ponts, que en alguns casos suposaven l&#8217;acc\u00e9s principal a nuclis de poblaci\u00f3.&nbsp;<\/p>\n\n\n\n<p>La vicepresidenta segona ha volgut aclarir que \u201ctotes estes accions de reparaci\u00f3 i reconstrucci\u00f3 no alteraran l&#8217;estrat\u00e8gia de gesti\u00f3 sobre la resta de la xarxa provincial de carreteres, les actuacions de les quals continuaran tal com estaven previstes, ja que la dotaci\u00f3 econ\u00f2mica per a la reconstrucci\u00f3 prov\u00e9 del romanent de tresoreria de la Diputaci\u00f3\u201d.<\/p>\n","protected":false},"excerpt":{"rendered":"<div class=\"mh-excerpt\">La diputada de Carreteres i vicepresidenta segona, Reme Mazzolari, fa balan\u00e7 en la seu de la instituci\u00f3 provincial de l&#8217;estat dels treballs de reconstrucci\u00f3 de la xarxa de carreteres de la Diputaci\u00f3. La Diputaci\u00f3 ha <a class=\"mh-excerpt-more\" href=\"https:\/\/www.tucomarca.com\/wordpress\/segunda\/ca\/la-diputacio-de-valencia-xifra-en-53-milions-deuros-la-inversio-per-a-reconstruir-la-xarxa-provincial-de-carreteres\/\" title=\"La Diputaci\u00f3 de Val\u00e8ncia xifra en 53 milions d&#8217;euros la inversi\u00f3 per a reconstruir la xarxa provincial de carreteres\">[+] <\/a><\/div>\n","protected":false},"author":13,"featured_media":247835,"comment_status":"open","ping_status":"open","sticky":false,"template":"","format":"standard","meta":{"footnotes":""},"categories":[21466,10948,10894,10904,10903,10947,10896,10897],"tags":[15409,12903,11199,21009],"class_list":{"0":"post-247837","1":"post","2":"type-post","3":"status-publish","4":"format-standard","5":"has-post-thumbnail","7":"category-dana-ca","8":"category-infraestructuras-ca","9":"category-la-comarca-ca","10":"category-sin-categorizar-ca","11":"category-medio-ambiente-la-comarca-ca","12":"category-politica","13":"category-seccion-ca","14":"category-sucesos-la-comarca-ca","15":"tag-dana-2-ca","16":"tag-infraestructuras-ca","17":"tag-la-comunitat-ca","18":"tag-la-diputacio-de-valencia-ca"},"_links":{"self":[{"href":"https:\/\/www.tucomarca.com\/wordpress\/segunda\/ca\/wp-json\/wp\/v2\/posts\/247837","targetHints":{"allow":["GET"]}}],"collection":[{"href":"https:\/\/www.tucomarca.com\/wordpress\/segunda\/ca\/wp-json\/wp\/v2\/posts"}],"about":[{"href":"https:\/\/www.tucomarca.com\/wordpress\/segunda\/ca\/wp-json\/wp\/v2\/types\/post"}],"author":[{"embeddable":true,"href":"https:\/\/www.tucomarca.com\/wordpress\/segunda\/ca\/wp-json\/wp\/v2\/users\/13"}],"replies":[{"embeddable":true,"href":"https:\/\/www.tucomarca.com\/wordpress\/segunda\/ca\/wp-json\/wp\/v2\/comments?post=247837"}],"version-history":[{"count":0,"href":"https:\/\/www.tucomarca.com\/wordpress\/segunda\/ca\/wp-json\/wp\/v2\/posts\/247837\/revisions"}],"wp:featuredmedia":[{"embeddable":true,"href":"https:\/\/www.tucomarca.com\/wordpress\/segunda\/ca\/wp-json\/wp\/v2\/media\/247835"}],"wp:attachment":[{"href":"https:\/\/www.tucomarca.com\/wordpress\/segunda\/ca\/wp-json\/wp\/v2\/media?parent=247837"}],"wp:term":[{"taxonomy":"category","embeddable":true,"href":"https:\/\/www.tucomarca.com\/wordpress\/segunda\/ca\/wp-json\/wp\/v2\/categories?post=247837"},{"taxonomy":"post_tag","embeddable":true,"href":"https:\/\/www.tucomarca.com\/wordpress\/segunda\/ca\/wp-json\/wp\/v2\/tags?post=247837"}],"curies":[{"name":"wp","href":"https:\/\/api.w.org\/{rel}","templated":true}]}}