{"id":247847,"date":"2024-12-11T13:25:00","date_gmt":"2024-12-11T11:25:00","guid":{"rendered":"https:\/\/www.tucomarca.com\/wordpress\/segunda\/?p=247847"},"modified":"2024-12-11T21:59:25","modified_gmt":"2024-12-11T19:59:25","slug":"xiva-tramitara-49-milions-deuros-de-la-fundacio-amancio-ortega-per-a-ajudes-directes-a-afectats-per-la-dana","status":"publish","type":"post","link":"https:\/\/www.tucomarca.com\/wordpress\/segunda\/ca\/xiva-tramitara-49-milions-deuros-de-la-fundacio-amancio-ortega-per-a-ajudes-directes-a-afectats-per-la-dana\/","title":{"rendered":"Xiva tramitar\u00e0 4,9 milions d&#8217;euros de la Fundaci\u00f3 Amancio Ortega per a ajudes directes a afectats per la DANA"},"content":{"rendered":"\n<h3 class=\"wp-block-heading\">L&#8217;Ajuntament de Xiva ha elaborat les bases i pr\u00f2ximament els ve\u00efns podran sol\u00b7licitar fins a 10.000 euros.<\/h3>\n\n\n\n<p>L&#8217;Ajuntament de Xiva ha rebut 4,9 milions d&#8217;euros de la Fundaci\u00f3 Amancio Ortega i, a l&#8217;espera de la seua publicaci\u00f3 en el Butllet\u00ed Oficial de la Prov\u00edncia de Val\u00e8ncia, els afectats per la riuada podran sol\u00b7licitar-les. En total s&#8217;han establit tres nivells d&#8217;ajuda per persona, en funci\u00f3 de la gravetat de la situaci\u00f3 &#8211; 3.000, 6.000 i 10.000 euros-, sobre la base dels criteris de la Fundaci\u00f3 i els que s&#8217;han establit de manera gen\u00e8rica per part de la Diputaci\u00f3 de Val\u00e8ncia.&nbsp;<\/p>\n\n\n\n<p>Una vegada es publiquen els interessats podran sol\u00b7licitar-les, tant de manera presencial a l&#8217;Ajuntament, com de manera telem\u00e0tica a trav\u00e9s de la seu electr\u00f2nica.&nbsp;<\/p>\n\n\n\n<p>Les ajudes estan dirigides a ve\u00efns de Xiva que hagen patit danys en habitatges, mobiliari, electrodom\u00e8stics, vehicles essencials per al seu treball o que hagen perdut la seua principal font d&#8217;ingressos. Aquesta iniciativa cerca complementar, i no substituir, les ajudes oferides per la Generalitat Valenciana i l&#8217;Estat.<\/p>\n","protected":false},"excerpt":{"rendered":"<div class=\"mh-excerpt\">L&#8217;Ajuntament de Xiva ha elaborat les bases i pr\u00f2ximament els ve\u00efns podran sol\u00b7licitar fins a 10.000 euros. L&#8217;Ajuntament de Xiva ha rebut 4,9 milions d&#8217;euros de la Fundaci\u00f3 Amancio Ortega i, a l&#8217;espera de la <a class=\"mh-excerpt-more\" href=\"https:\/\/www.tucomarca.com\/wordpress\/segunda\/ca\/xiva-tramitara-49-milions-deuros-de-la-fundacio-amancio-ortega-per-a-ajudes-directes-a-afectats-per-la-dana\/\" title=\"Xiva tramitar\u00e0 4,9 milions d&#8217;euros de la Fundaci\u00f3 Amancio Ortega per a ajudes directes a afectats per la DANA\">[+] <\/a><\/div>\n","protected":false},"author":13,"featured_media":243769,"comment_status":"open","ping_status":"open","sticky":false,"template":"","format":"standard","meta":{"footnotes":""},"categories":[21466,10898,10948,10894,10904,10912,10903,10947,10896,10897,10975],"tags":[11195,15409,12903,11199,10914],"class_list":{"0":"post-247847","1":"post","2":"type-post","3":"status-publish","4":"format-standard","5":"has-post-thumbnail","7":"category-dana-ca","8":"category-ventana-ca","9":"category-infraestructuras-ca","10":"category-la-comarca-ca","11":"category-sin-categorizar-ca","12":"category-la-hoya-ca","13":"category-medio-ambiente-la-comarca-ca","14":"category-politica","15":"category-seccion-ca","16":"category-sucesos-la-comarca-ca","17":"category-chiva-ca","18":"tag-chiva-ca","19":"tag-dana-2-ca","20":"tag-infraestructuras-ca","21":"tag-la-comunitat-ca","22":"tag-la-hoya-de-bunol-chiva-ca"},"_links":{"self":[{"href":"https:\/\/www.tucomarca.com\/wordpress\/segunda\/ca\/wp-json\/wp\/v2\/posts\/247847","targetHints":{"allow":["GET"]}}],"collection":[{"href":"https:\/\/www.tucomarca.com\/wordpress\/segunda\/ca\/wp-json\/wp\/v2\/posts"}],"about":[{"href":"https:\/\/www.tucomarca.com\/wordpress\/segunda\/ca\/wp-json\/wp\/v2\/types\/post"}],"author":[{"embeddable":true,"href":"https:\/\/www.tucomarca.com\/wordpress\/segunda\/ca\/wp-json\/wp\/v2\/users\/13"}],"replies":[{"embeddable":true,"href":"https:\/\/www.tucomarca.com\/wordpress\/segunda\/ca\/wp-json\/wp\/v2\/comments?post=247847"}],"version-history":[{"count":0,"href":"https:\/\/www.tucomarca.com\/wordpress\/segunda\/ca\/wp-json\/wp\/v2\/posts\/247847\/revisions"}],"wp:featuredmedia":[{"embeddable":true,"href":"https:\/\/www.tucomarca.com\/wordpress\/segunda\/ca\/wp-json\/wp\/v2\/media\/243769"}],"wp:attachment":[{"href":"https:\/\/www.tucomarca.com\/wordpress\/segunda\/ca\/wp-json\/wp\/v2\/media?parent=247847"}],"wp:term":[{"taxonomy":"category","embeddable":true,"href":"https:\/\/www.tucomarca.com\/wordpress\/segunda\/ca\/wp-json\/wp\/v2\/categories?post=247847"},{"taxonomy":"post_tag","embeddable":true,"href":"https:\/\/www.tucomarca.com\/wordpress\/segunda\/ca\/wp-json\/wp\/v2\/tags?post=247847"}],"curies":[{"name":"wp","href":"https:\/\/api.w.org\/{rel}","templated":true}]}}