{"id":247859,"date":"2024-12-11T11:35:00","date_gmt":"2024-12-11T09:35:00","guid":{"rendered":"https:\/\/www.tucomarca.com\/wordpress\/segunda\/?p=247859"},"modified":"2024-12-11T21:55:07","modified_gmt":"2024-12-11T19:55:07","slug":"la-diputacio-i-pep-gimeno-botifarra-portaran-a-15-municipis-el-projecte-en-clau-feminista-les-veus-secretes","status":"publish","type":"post","link":"https:\/\/www.tucomarca.com\/wordpress\/segunda\/ca\/la-diputacio-i-pep-gimeno-botifarra-portaran-a-15-municipis-el-projecte-en-clau-feminista-les-veus-secretes\/","title":{"rendered":"La Diputaci\u00f3 i Pep Gimeno Botifarra portaran a 15 municipis el projecte en clau feminista \u2018Les veus secretes\u2019"},"content":{"rendered":"\n<h3 class=\"wp-block-heading\"><strong><strong>La vicepresidenta Nat\u00e0lia Enguix presenta amb el cantaor de X\u00e0tiva l&#8217;espectacle itinerant; una \u201cconnexi\u00f3 intergeneracional\u201d que posa en valor el paper de la dona en la superviv\u00e8ncia de la m\u00fasica tradicional valenciana<\/strong><\/strong>.<\/h3>\n\n\n\n<h3 class=\"wp-block-heading\"><strong><strong>Enguix coincidix amb Pep Gimeno en &#8220;la importancia d&#8217;eixes mares, iaies i ties que conserven la tradici\u00f3 musical i la cultura valencianes\u201d. L&#8217;espectacle arribar\u00e0 a auditoris i teatres de Val\u00e8ncia i nou comarques<\/strong><\/strong>.<\/h3>\n\n\n\n<p>L&#8217;Escala Imperial de la Diputaci\u00f3 de Val\u00e8ncia ha acollit este dimecres la presentaci\u00f3 del projecte musical en clau feminista \u2018Les veus secretes\u2019. Acompanyada per Pep Gimeno \u2018Botifarra\u2019, el protagonista de l&#8217;espectacle itinerant que arribar\u00e0 a Val\u00e8ncia i 14 municipis de nou comarques, la vicepresidenta Nat\u00e0lia Enguix ha destacat \u201cel paper determinant que juguen eixes mares, iaies i ties en la conservaci\u00f3 de la m\u00fasica tradicional i la cultura valencianes. Elles s\u00f3n les grans protagonistes de la nostra cultura popular\u201d.<\/p>\n\n\n\n<p>Eixa \u00e9s l&#8217;ess\u00e8ncia del \u201cprojecte de vida\u201d que recorrer\u00e0 els auditoris i teatres de 15 localitats des d&#8217;este mateix dissabte, 14 de desembre, a Olocau, fins al 4 d&#8217;abril en el Teatre Echegaray d&#8217;Ontinyent. \u201cJust ahir vam clausurar un Feminari en el qual hem escoltat la veu de dones referents que lluiten per millorar una societat amb les arrels del patriarcat; hui iniciem el recorregut d&#8217;una iniciativa cultural que reivindica les veus de dones de diferents generacions en la superviv\u00e8ncia de la nostra m\u00fasica i la nostra cultura en general\u201d, assenyala Enguix.<\/p>\n\n\n\n<p>Per part seua, Pep Gimeno ha mostrat la satisfacci\u00f3 de conduir el projecte que \u201chomenatja eixes dones cust\u00f2dies de veus arrelades, d&#8217;eixes veus secretes. La Tia Teresa de La Llosa de Ranes, la Tia Mar\u00eda \u2018la fornera\u2019 de la Torre d\u2019en Lloris de X\u00e0tiva, la Tia Emilieta i la seua filla Meliues&#8230; Gr\u00e0cies a estes dones que han conservat tan b\u00e9 la can\u00e7\u00f3 popular estic hui ac\u00ed\u201d, confessa Botifarra. \u201dEl que veurem en l&#8217;escenari \u00e9s un espectacle dividit en quatre actes, que poden ser les estacions per\u00f2 tamb\u00e9 el pas del temps. L&#8217;acompanyament audiovisual ha sigut una gran faena de Barret Films, amb les veus de les dones, la seua pres\u00e8ncia i testimoniatges de persones joves, hereues d&#8217;eixa tradici\u00f3\u201d, explica el cantaor valenci\u00e0. El cartell de la gira \u00e9s obra de Nuria Riaza.<\/p>\n\n\n\n<p><strong>Calendari de concerts<\/strong><\/p>\n\n\n\n<p>\u2018Les veus secretes\u2019 iniciar\u00e0 la gira musical el dissabte a l&#8217;Auditori d&#8217;Olocau; el 21 de desembre arribar\u00e0 al local social Vicente Ruiz de Bicorp; el 28 de desembre, Pep Gimeno far\u00e0 parada en la sala d&#8217;actes del Centre C\u00edvic de Massalfassar; i un dia despr\u00e9s, el diumenge 29, acomiadar\u00e0 l&#8217;any en el Teatre Ideal de Tur\u00eds. Al gener de 2025 hi ha programats dos concerts: el diumenge 12 a l&#8217;Auditori d&#8217;Aielo de Malferit; i el diumenge 26 a la Casa de Cultura de La Font d&#8217;en Carr\u00f2s.<\/p>\n\n\n\n<p>Al febrer tenim tres cites amb \u2018Les veus secretes\u2019. La primera en el centre cultural Mario Monreal de Sagunt, el dissabte 8; la segona a l&#8217;Auditori Monterrey de La Pobla Llarga, el divendres 14; i la tercera en el centre cultural Papa Calixto III de Canals, el divendres 28. La ruta musical de Pep Gimeno i la Diputaci\u00f3 continuar\u00e0 el dissabte 1 de mar\u00e7 a la Casa de la Cultura d&#8217;Albalat de la Ribera; el diumenge 9 de mar\u00e7 en el Cinema Teatre Ricardo Cebolla de Corbera; el divendres 21 de mar\u00e7 a la casa de cultura Alcalde Jos\u00e9 Blay Esp\u00ed del Real de Gandia; i el divendres 28 de mar\u00e7 en el Centre C\u00edvic de Barxeta.<\/p>\n\n\n\n<p>Els dos \u00faltims espectacles els acollir\u00e0 el Teatre Principal de Val\u00e8ncia, el diumenge 30 de mar\u00e7; i el ja esmentat Teatre Echegaray d&#8217;Ontinyent, el divendres 4 d&#8217;abril. Sobre l&#8217;escenari es projectaran v\u00eddeos que explicaran les can\u00e7ons interpretades per Botifarra, aix\u00ed com uns altres audiovisuals, efectes sonors i imatges d&#8217;arxiu que serviran per a transitar entre els diferents actes de cada entrega de \u2018Les veus secretes\u2019, una gira totalment gratu\u00efta els concerts de la qual organitzar\u00e0 cada municipi, amb la possibilitat que decidisquen habilitar una fila zero per als damnificats per la dana.<\/p>\n\n\n\n<p>La vicepresidenta Enguix ha recordat que entre 2015 i 2016 la Diputaci\u00f3 ja va realitzar amb \u00e8xit una gira de Pep Gimeno per les comarques valencianes. \u201cAra repetim des de l&#8217;\u00e0rea d&#8217;Igualtat, amb esta iniciativa intergeneracional dedicada a les dones guardianes de les veus de la nostra terra, i no hi havia una altra opci\u00f3 millor per a encarnar eixa veu que la de Botifarra\u201d. El mateix Pep Gimeno ha tancat la presentaci\u00f3 interpretant una can\u00e7\u00f3 de bressol molt valenciana. \u2018Nana, naneta, nana&#8230;\u2019<\/p>\n\n\n\n<figure class=\"wp-block-image size-large\"><img loading=\"lazy\" decoding=\"async\" width=\"1024\" height=\"665\" src=\"http:\/\/www.tucomarca.com\/wordpress\/segunda\/wp-content\/uploads\/2024\/12\/LesVeusSecretes_Botifarra-1024x665.jpg\" alt=\"\" class=\"wp-image-247855\" srcset=\"https:\/\/www.tucomarca.com\/wordpress\/segunda\/wp-content\/uploads\/2024\/12\/LesVeusSecretes_Botifarra-1024x665.jpg 1024w, https:\/\/www.tucomarca.com\/wordpress\/segunda\/wp-content\/uploads\/2024\/12\/LesVeusSecretes_Botifarra-300x195.jpg 300w, https:\/\/www.tucomarca.com\/wordpress\/segunda\/wp-content\/uploads\/2024\/12\/LesVeusSecretes_Botifarra-768x499.jpg 768w, https:\/\/www.tucomarca.com\/wordpress\/segunda\/wp-content\/uploads\/2024\/12\/LesVeusSecretes_Botifarra-1536x998.jpg 1536w, https:\/\/www.tucomarca.com\/wordpress\/segunda\/wp-content\/uploads\/2024\/12\/LesVeusSecretes_Botifarra-2048x1331.jpg 2048w\" sizes=\"auto, (max-width: 1024px) 100vw, 1024px\" \/><\/figure>\n","protected":false},"excerpt":{"rendered":"<div class=\"mh-excerpt\">La vicepresidenta Nat\u00e0lia Enguix presenta amb el cantaor de X\u00e0tiva l&#8217;espectacle itinerant; una \u201cconnexi\u00f3 intergeneracional\u201d que posa en valor el paper de la dona en la superviv\u00e8ncia de la m\u00fasica tradicional valenciana. Enguix coincidix amb <a class=\"mh-excerpt-more\" href=\"https:\/\/www.tucomarca.com\/wordpress\/segunda\/ca\/la-diputacio-i-pep-gimeno-botifarra-portaran-a-15-municipis-el-projecte-en-clau-feminista-les-veus-secretes\/\" title=\"La Diputaci\u00f3 i Pep Gimeno Botifarra portaran a 15 municipis el projecte en clau feminista \u2018Les veus secretes\u2019\">[+] <\/a><\/div>\n","protected":false},"author":13,"featured_media":247854,"comment_status":"open","ping_status":"open","sticky":false,"template":"","format":"standard","meta":{"footnotes":""},"categories":[20529,11005,20541,10904,20456,11007,10896],"tags":[20809,21009,21108],"class_list":{"0":"post-247859","1":"post","2":"type-post","3":"status-publish","4":"format-standard","5":"has-post-thumbnail","7":"category-patrimonio-cultural-ca","8":"category-canal-musica","9":"category-igualtat-i-diversitat","10":"category-sin-categorizar-ca","11":"category-la-diputacio-de-valencia-informa-ca","12":"category-ocio-y-cultura-ca","13":"category-seccion-ca","14":"tag-diversidad-e-igualdad-ca","15":"tag-la-diputacio-de-valencia-ca","16":"tag-la-diputacio-en-las-comarcas-ca"},"_links":{"self":[{"href":"https:\/\/www.tucomarca.com\/wordpress\/segunda\/ca\/wp-json\/wp\/v2\/posts\/247859","targetHints":{"allow":["GET"]}}],"collection":[{"href":"https:\/\/www.tucomarca.com\/wordpress\/segunda\/ca\/wp-json\/wp\/v2\/posts"}],"about":[{"href":"https:\/\/www.tucomarca.com\/wordpress\/segunda\/ca\/wp-json\/wp\/v2\/types\/post"}],"author":[{"embeddable":true,"href":"https:\/\/www.tucomarca.com\/wordpress\/segunda\/ca\/wp-json\/wp\/v2\/users\/13"}],"replies":[{"embeddable":true,"href":"https:\/\/www.tucomarca.com\/wordpress\/segunda\/ca\/wp-json\/wp\/v2\/comments?post=247859"}],"version-history":[{"count":0,"href":"https:\/\/www.tucomarca.com\/wordpress\/segunda\/ca\/wp-json\/wp\/v2\/posts\/247859\/revisions"}],"wp:featuredmedia":[{"embeddable":true,"href":"https:\/\/www.tucomarca.com\/wordpress\/segunda\/ca\/wp-json\/wp\/v2\/media\/247854"}],"wp:attachment":[{"href":"https:\/\/www.tucomarca.com\/wordpress\/segunda\/ca\/wp-json\/wp\/v2\/media?parent=247859"}],"wp:term":[{"taxonomy":"category","embeddable":true,"href":"https:\/\/www.tucomarca.com\/wordpress\/segunda\/ca\/wp-json\/wp\/v2\/categories?post=247859"},{"taxonomy":"post_tag","embeddable":true,"href":"https:\/\/www.tucomarca.com\/wordpress\/segunda\/ca\/wp-json\/wp\/v2\/tags?post=247859"}],"curies":[{"name":"wp","href":"https:\/\/api.w.org\/{rel}","templated":true}]}}