{"id":247871,"date":"2024-12-11T13:23:00","date_gmt":"2024-12-11T11:23:00","guid":{"rendered":"https:\/\/www.tucomarca.com\/wordpress\/segunda\/?p=247871"},"modified":"2024-12-11T22:04:45","modified_gmt":"2024-12-11T20:04:45","slug":"obert-a-xest-el-periode-de-sollicitud-de-les-ajudes-excepcionals-a-les-persones-damnificades-per-la-dana-procedents-de-la-donacio-realitzada-per-la-fundacio-amancio-ortega","status":"publish","type":"post","link":"https:\/\/www.tucomarca.com\/wordpress\/segunda\/ca\/obert-a-xest-el-periode-de-sollicitud-de-les-ajudes-excepcionals-a-les-persones-damnificades-per-la-dana-procedents-de-la-donacio-realitzada-per-la-fundacio-amancio-ortega\/","title":{"rendered":"Obert a Xest el per\u00edode de sol\u00b7licitud de les ajudes excepcionals a les persones damnificades per la DANA procedents de la donaci\u00f3 realitzada per la Fundaci\u00f3 Amancio Ortega"},"content":{"rendered":"\n<p>Ahir, dimarts 10 de desembre, es va publicar en el Butllet\u00ed Oficial de la Prov\u00edncia l&#8217;anunci de l&#8217;Ajuntament de Xest sobre les Ajudes excepcionals a les persones damnificades per la DANA, procedents de la donaci\u00f3 realitzada per la Fundaci\u00f3 Amancio Ortega; i des de hui, dimecres 11 de desembre, ja es poden sol\u00b7licitar.<\/p>\n\n\n\n<p>Tal com es va anunciar en l&#8217;\u00faltima sessi\u00f3 plen\u00e0ria, quan es van aprovar les bases de la convocat\u00f2ria, les quanties de les ajudes directes que es concediran seran de 3.000, 6.000 i 10.000 euros per persona sol\u00b7licitant, en funci\u00f3 de la gravetat dels danys patits.&nbsp;<\/p>\n\n\n\n<p>Les bases abasten els danys directes en l&#8217;habitatge habitual, o en l&#8217;habitatge arrendat, si aquesta \u00e9s el domicili habitual de l&#8217;arrendatari; en immobles r\u00fastics en producci\u00f3, incl\u00f2s l&#8217;autoconsum, o en immobles afectes a una activitat professional o econ\u00f2mica que haja hagut de paralitzar-se a causa de la DANA. Tamb\u00e9 es contemplen els danys en estris o electrodom\u00e8stics dels habitatges afectats; en els vehicles necessaris per al treball, encara que el mal s&#8217;haja produ\u00eft fora del municipi; o l&#8217;haver perdut la principal font d&#8217;ingressos, en tots els casos a conseq\u00fc\u00e8ncia de la cat\u00e0strofe.<\/p>\n\n\n\n<p>El termini de sol\u00b7licitud establit en la convocat\u00f2ria \u00e9s d&#8217;un mes des de la publicaci\u00f3 en el BOP, concretament fins al 13 de gener de 2025.<\/p>\n\n\n\n<p><strong>Tramitaci\u00f3<\/strong><\/p>\n\n\n\n<p>L&#8217;ajuda ja es pot tramitar presencialment en l&#8217;Oficina de persones afectades per la DANA de Xest, situada en la C\/ P\u00e9rez Gald\u00f3s, en horari de 9.00 a 14.00. Tamb\u00e9 es pot presentar la sol\u00b7licitud en l\u00ednia a trav\u00e9s del registre d&#8217;entrada de la seu electr\u00f2nica de l&#8217;Ajuntament. El formulari de sol\u00b7licitud i les bases de les ajudes estan disponibles en la seu electr\u00f2nica i en la web municipal, en el seg\u00fcent enlla\u00e7: https:\/\/lc.cx\/q7_gxm<\/p>\n\n\n\n<p>A m\u00e9s, s&#8217;ofereix assessorament telef\u00f2nic en aquest n\u00famero, 960 460 153, en horari de 8.00 a 17.30.<\/p>\n\n\n\n<p><strong>Sobre les donacions de la Fundaci\u00f3 Amancio Ortega<\/strong><\/p>\n\n\n\n<p>L&#8217;Ajuntament va rebre una carta de la Fundaci\u00f3 Amancio Ortega Gaona el passat 11 de novembre, en la qual s&#8217;indicava que es repartirien 100 milions d&#8217;euros entre les poblacions afectades per la DANA, dels quals a Xest li corresponien 2,6 milions. En eixa carta s&#8217;establien uns par\u00e0metres que l&#8217;Ajuntament havia de complir per a rebre la donaci\u00f3; en primer lloc, que les ajudes es destinaren a persones f\u00edsiques i, d&#8217;altra banda, que el m\u00e0xim import per beneficiari fora de 10.000 euros. A m\u00e9s, la donaci\u00f3 contemplava 50.000 euros per a la gesti\u00f3 de les ajudes, amb els quals l&#8217;Ajuntament ha encarregat l&#8217;elaboraci\u00f3 de la bases i aquesta gesti\u00f3 a l&#8217;empresa CGI, perqu\u00e8 pogueren sol\u00b7licitar-se al m\u00e9s prompte possible.<\/p>\n\n\n\n<p>L&#8217;elaboraci\u00f3 de les bases s&#8217;ha fet amb l&#8217;objectiu que les ajudes puguen arribar al m\u00e0xim nombre de persones possible, arribant-se a repartir tot l&#8217;import. En aquest sentit, a causa de l&#8217;alt nombre de professionals del sector agrari afectats en la poblaci\u00f3, les bases de la convocat\u00f2ria han incl\u00f2s els danys en terreny agr\u00edcola.<\/p>\n","protected":false},"excerpt":{"rendered":"<div class=\"mh-excerpt\">Ahir, dimarts 10 de desembre, es va publicar en el Butllet\u00ed Oficial de la Prov\u00edncia l&#8217;anunci de l&#8217;Ajuntament de Xest sobre les Ajudes excepcionals a les persones damnificades per la DANA, procedents de la donaci\u00f3 <a class=\"mh-excerpt-more\" href=\"https:\/\/www.tucomarca.com\/wordpress\/segunda\/ca\/obert-a-xest-el-periode-de-sollicitud-de-les-ajudes-excepcionals-a-les-persones-damnificades-per-la-dana-procedents-de-la-donacio-realitzada-per-la-fundacio-amancio-ortega\/\" title=\"Obert a Xest el per\u00edode de sol\u00b7licitud de les ajudes excepcionals a les persones damnificades per la DANA procedents de la donaci\u00f3 realitzada per la Fundaci\u00f3 Amancio Ortega\">[+] <\/a><\/div>\n","protected":false},"author":12,"featured_media":243306,"comment_status":"open","ping_status":"open","sticky":false,"template":"","format":"standard","meta":{"footnotes":""},"categories":[21466,10898,10948,10894,10904,10912,10903,10947,10896,10897,10974],"tags":[11071,15409,12903,11199,10914],"class_list":{"0":"post-247871","1":"post","2":"type-post","3":"status-publish","4":"format-standard","5":"has-post-thumbnail","7":"category-dana-ca","8":"category-ventana-ca","9":"category-infraestructuras-ca","10":"category-la-comarca-ca","11":"category-sin-categorizar-ca","12":"category-la-hoya-ca","13":"category-medio-ambiente-la-comarca-ca","14":"category-politica","15":"category-seccion-ca","16":"category-sucesos-la-comarca-ca","17":"category-cheste-ca","18":"tag-cheste","19":"tag-dana-2-ca","20":"tag-infraestructuras-ca","21":"tag-la-comunitat-ca","22":"tag-la-hoya-de-bunol-chiva-ca"},"_links":{"self":[{"href":"https:\/\/www.tucomarca.com\/wordpress\/segunda\/ca\/wp-json\/wp\/v2\/posts\/247871","targetHints":{"allow":["GET"]}}],"collection":[{"href":"https:\/\/www.tucomarca.com\/wordpress\/segunda\/ca\/wp-json\/wp\/v2\/posts"}],"about":[{"href":"https:\/\/www.tucomarca.com\/wordpress\/segunda\/ca\/wp-json\/wp\/v2\/types\/post"}],"author":[{"embeddable":true,"href":"https:\/\/www.tucomarca.com\/wordpress\/segunda\/ca\/wp-json\/wp\/v2\/users\/12"}],"replies":[{"embeddable":true,"href":"https:\/\/www.tucomarca.com\/wordpress\/segunda\/ca\/wp-json\/wp\/v2\/comments?post=247871"}],"version-history":[{"count":0,"href":"https:\/\/www.tucomarca.com\/wordpress\/segunda\/ca\/wp-json\/wp\/v2\/posts\/247871\/revisions"}],"wp:featuredmedia":[{"embeddable":true,"href":"https:\/\/www.tucomarca.com\/wordpress\/segunda\/ca\/wp-json\/wp\/v2\/media\/243306"}],"wp:attachment":[{"href":"https:\/\/www.tucomarca.com\/wordpress\/segunda\/ca\/wp-json\/wp\/v2\/media?parent=247871"}],"wp:term":[{"taxonomy":"category","embeddable":true,"href":"https:\/\/www.tucomarca.com\/wordpress\/segunda\/ca\/wp-json\/wp\/v2\/categories?post=247871"},{"taxonomy":"post_tag","embeddable":true,"href":"https:\/\/www.tucomarca.com\/wordpress\/segunda\/ca\/wp-json\/wp\/v2\/tags?post=247871"}],"curies":[{"name":"wp","href":"https:\/\/api.w.org\/{rel}","templated":true}]}}