{"id":248210,"date":"2024-12-15T12:00:00","date_gmt":"2024-12-15T10:00:00","guid":{"rendered":"https:\/\/www.tucomarca.com\/wordpress\/segunda\/?p=248210"},"modified":"2024-12-17T21:45:31","modified_gmt":"2024-12-17T19:45:31","slug":"riba-roja-de-turia-aprova-la-concessio-de-44-400-euros-en-ajudes-economiques-per-a-installar-energia-solar-fotovoltaica-en-els-habitatges-i-en-els-edificis-privats-de-la-localitat","status":"publish","type":"post","link":"https:\/\/www.tucomarca.com\/wordpress\/segunda\/ca\/riba-roja-de-turia-aprova-la-concessio-de-44-400-euros-en-ajudes-economiques-per-a-installar-energia-solar-fotovoltaica-en-els-habitatges-i-en-els-edificis-privats-de-la-localitat\/","title":{"rendered":"Riba-roja de T\u00faria aprova la concessi\u00f3 de 44.400 euros en ajudes econ\u00f2miques per a instal\u00b7lar energia solar fotovoltaica en els habitatges i en els edificis privats de la localitat"},"content":{"rendered":"\n<h3 class=\"wp-block-heading\">L&#8217;ajuntament resol les peticions rebudes i aprova 37 sol\u00b7licituds per a promoure l&#8217;\u00fas d&#8217;energies renovables i reduir l&#8217;impacte sobre l&#8217;atmosfera.<\/h3>\n\n\n\n<p>L&#8217;Ajuntament de Riba-roja de T\u00faria ha resolt les peticions per a instal\u00b7lar energia solar fotovoltaica per a autoconsum en habitatges i edificis del terme municipal per valor de 44.400 euros en total. La resoluci\u00f3 de l&#8217;equip de govern ha suposat la concessi\u00f3, amb car\u00e0cter definitiu, de 37 peticions per part de propietaris d&#8217;habitatges i edificis privats. &nbsp;<\/p>\n\n\n\n<p>Aquesta iniciativa de l&#8217;Ajuntament de Riba-roja de T\u00faria pret\u00e9n el foment de les instal\u00b7lacions d&#8217;energia solar fotovoltaica amb car\u00e0cter per a autoconsum en les llars del municipi corresponent a l&#8217;exercici de 2024. Aquestes ajudes s&#8217;han assignat als corresponents beneficiaris que compleixen amb els requisits establits en la convocat\u00f2ria que es troben al corrent de les seues obligacions tribut\u00e0ries i enfront de la Seguretat Social.&nbsp;<\/p>\n\n\n\n<p>Les bases establides per l&#8217;Ajuntament de Riba-roja de T\u00faria tenen com un dels objectius principals potenciar la instal\u00b7laci\u00f3 d&#8217;energia solar fotovoltaica en la localitat per a l&#8217;autoconsum en habitatges i, al mateix temps, el foment de l&#8217;economia local, amb l&#8217;acceptaci\u00f3 de tots els articles continguts en la convocat\u00f2ria i, especialment, el compliment dels requisits i obligacions corresponents.&nbsp;<\/p>\n\n\n\n<p>D&#8217;aquesta manera, en el llistat aprovat i publicat referents als beneficiaris definitius d&#8217;aquesta convocat\u00f2ria figuren un total de 37 propietaris d&#8217;habitatges i edificis privats a ra\u00f3 de 1.200 euros cadascun d&#8217;ells, fins a aconseguir els 44.400 euros que conformen la suma econ\u00f2mica total corresponent a l&#8217;edici\u00f3 d&#8217;enguany sobre l&#8217;energia solar fotovoltaica en el municipi.&nbsp;<\/p>\n\n\n\n<p>Aquesta quantitat econ\u00f2mica concedida \u00e9s el resultat d&#8217;aplicar la subvenci\u00f3 m\u00e0xima prevista en la convocat\u00f2ria d&#8217;enguany, a ra\u00f3 de 400 euros per cadascun dels tres quilowatts que es poden obtindre d&#8217;acord amb les bases reguladores establides a aquest efecte. D&#8217;aquesta manera, la quantitat econ\u00f2mica que han aplicat els t\u00e8cnics municipals aconsegueix els 1.200 euros en cadascun dels peticionaris.&nbsp;<\/p>\n\n\n\n<p>Cal recordar que en la convocat\u00f2ria d&#8217;enguany s&#8217;ha potenciat la figura de la persona especialista en la tramitaci\u00f3 del procediment per a la posada en marxa d&#8217;aquest servei en les instal\u00b7lacions previstes per cada sol\u00b7licitant i, a m\u00e9s, aquest especialista es podr\u00e0 encarregar, al mateix temps, de la gesti\u00f3 dels tr\u00e0mits administratius i t\u00e8cnics necessaris per a optar a l&#8217;obtenci\u00f3 de les ajudes econ\u00f2miques.&nbsp;<\/p>\n\n\n\n<p>La concessi\u00f3 d&#8217;aquestes ajudes econ\u00f2miques municipals contingudes en la convocat\u00f2ria corresponent a enguany s&#8217;ha establit mitjan\u00e7ant el r\u00e8gim de concurr\u00e8ncia competitiva que suposa la necessitat de complir una s\u00e8rie de requisits i obligacions per part dels interessats per a l&#8217;obtenci\u00f3 de les citades subvencions per a contribuir a l&#8217;autoconsum d&#8217;energies renovables i netes, en les llars, habitatges o edificis.&nbsp;<\/p>\n\n\n\n<p>Les bases reguladores d&#8217;aquestes ajudes estableixen l&#8217;obligaci\u00f3 que els habitatges o els edificis objecte de la subvenci\u00f3 econ\u00f2mic han d&#8217;estar habitats en el moment de realitzar la petici\u00f3 administrativa, de manera que, els beneficiaris han d&#8217;aportar, a m\u00e9s, els certificats corresponents a l&#8217;empadronament de les persones inscrites i, tamb\u00e9, les factures justificatives d&#8217;un consum el\u00e8ctric superior als 2.500 quilowatts a l&#8217;any.&nbsp;<\/p>\n\n\n\n<p>Altres obligacions que han de complir tots els interessats en la concessi\u00f3 d&#8217;aquestes ajudes econ\u00f2miques de l&#8217;Ajuntament de Riba-roja de T\u00faria se centren en haver executat el projecte subvencionat en els termes plantejats pel beneficiari, haver justificat davant l&#8217;\u00f2rgan competent la subvenci\u00f3 concedida en els termes regulats, sotmetre&#8217;s a les actuacions de comprovaci\u00f3, seguiment i inspecci\u00f3, aix\u00ed com el control financer, a m\u00e9s de conducta al reintegrament dels fons rebuts en els sup\u00f2sits establits en la disposici\u00f3 setzena.&nbsp;<\/p>\n\n\n\n<p>L&#8217;alcalde de Riba-roja de T\u00faria, Robert Raga, ha destacat \u201cla import\u00e0ncia d&#8217;aquesta mena d&#8217;ajudes des de les administracions p\u00fabliques com una de les bases per a continuar lluitant contra el canvi clim\u00e0tic i les terribles conseq\u00fc\u00e8ncies que suposa en el dia a dia de les persones, per aix\u00f2, el foment de l&#8217;energia solar fotovoltaica \u00e9s una gran aposta per una mena d&#8217;energia neta, renovable i sostenible amb el nostre medi ambient\u201d.<\/p>\n","protected":false},"excerpt":{"rendered":"<div class=\"mh-excerpt\">L&#8217;ajuntament resol les peticions rebudes i aprova 37 sol\u00b7licituds per a promoure l&#8217;\u00fas d&#8217;energies renovables i reduir l&#8217;impacte sobre l&#8217;atmosfera. L&#8217;Ajuntament de Riba-roja de T\u00faria ha resolt les peticions per a instal\u00b7lar energia solar fotovoltaica <a class=\"mh-excerpt-more\" href=\"https:\/\/www.tucomarca.com\/wordpress\/segunda\/ca\/riba-roja-de-turia-aprova-la-concessio-de-44-400-euros-en-ajudes-economiques-per-a-installar-energia-solar-fotovoltaica-en-els-habitatges-i-en-els-edificis-privats-de-la-localitat\/\" title=\"Riba-roja de T\u00faria aprova la concessi\u00f3 de 44.400 euros en ajudes econ\u00f2miques per a instal\u00b7lar energia solar fotovoltaica en els habitatges i en els edificis privats de la localitat\">[+] <\/a><\/div>\n","protected":false},"author":13,"featured_media":248206,"comment_status":"open","ping_status":"open","sticky":false,"template":"","format":"standard","meta":{"footnotes":""},"categories":[10892,10948,10894,10903,10947,10906,10896],"tags":[10899,12903,11102],"class_list":{"0":"post-248210","1":"post","2":"type-post","3":"status-publish","4":"format-standard","5":"has-post-thumbnail","7":"category-camp-de-turia-ca","8":"category-infraestructuras-ca","9":"category-la-comarca-ca","10":"category-medio-ambiente-la-comarca-ca","11":"category-politica","12":"category-riba-roja-ca","13":"category-seccion-ca","14":"tag-camp-de-turia-ca","15":"tag-infraestructuras-ca","16":"tag-riba-roja-2-ca"},"_links":{"self":[{"href":"https:\/\/www.tucomarca.com\/wordpress\/segunda\/ca\/wp-json\/wp\/v2\/posts\/248210","targetHints":{"allow":["GET"]}}],"collection":[{"href":"https:\/\/www.tucomarca.com\/wordpress\/segunda\/ca\/wp-json\/wp\/v2\/posts"}],"about":[{"href":"https:\/\/www.tucomarca.com\/wordpress\/segunda\/ca\/wp-json\/wp\/v2\/types\/post"}],"author":[{"embeddable":true,"href":"https:\/\/www.tucomarca.com\/wordpress\/segunda\/ca\/wp-json\/wp\/v2\/users\/13"}],"replies":[{"embeddable":true,"href":"https:\/\/www.tucomarca.com\/wordpress\/segunda\/ca\/wp-json\/wp\/v2\/comments?post=248210"}],"version-history":[{"count":0,"href":"https:\/\/www.tucomarca.com\/wordpress\/segunda\/ca\/wp-json\/wp\/v2\/posts\/248210\/revisions"}],"wp:featuredmedia":[{"embeddable":true,"href":"https:\/\/www.tucomarca.com\/wordpress\/segunda\/ca\/wp-json\/wp\/v2\/media\/248206"}],"wp:attachment":[{"href":"https:\/\/www.tucomarca.com\/wordpress\/segunda\/ca\/wp-json\/wp\/v2\/media?parent=248210"}],"wp:term":[{"taxonomy":"category","embeddable":true,"href":"https:\/\/www.tucomarca.com\/wordpress\/segunda\/ca\/wp-json\/wp\/v2\/categories?post=248210"},{"taxonomy":"post_tag","embeddable":true,"href":"https:\/\/www.tucomarca.com\/wordpress\/segunda\/ca\/wp-json\/wp\/v2\/tags?post=248210"}],"curies":[{"name":"wp","href":"https:\/\/api.w.org\/{rel}","templated":true}]}}