{"id":248258,"date":"2024-12-18T08:30:00","date_gmt":"2024-12-18T06:30:00","guid":{"rendered":"https:\/\/www.tucomarca.com\/wordpress\/segunda\/?p=248258"},"modified":"2024-12-18T22:50:24","modified_gmt":"2024-12-18T20:50:24","slug":"la-diputacio-de-valencia-licita-contractes-per-valor-de-237-milions-deuros-per-a-millorar-carreteres-i-camins-al-marge-de-la-dana","status":"publish","type":"post","link":"https:\/\/www.tucomarca.com\/wordpress\/segunda\/ca\/la-diputacio-de-valencia-licita-contractes-per-valor-de-237-milions-deuros-per-a-millorar-carreteres-i-camins-al-marge-de-la-dana\/","title":{"rendered":"La Diputaci\u00f3 de Val\u00e8ncia licita contractes per valor de 23,7 milions d&#8217;euros per a millorar carreteres i camins al marge de la dana"},"content":{"rendered":"\n<h3 class=\"wp-block-heading\"><strong><strong>La diputada i vicepresidenta segona, Reme Mazzolari, subratlla que \u201cl&#8217;estrat\u00e8gia de millora de la xarxa provincial de carreteres no es veur\u00e0 alterada pels efectes de la dana\u201d i anuncia \u201cnoves inversions per a continuar incrementant la seguretat de les nostres vies, construir passos ciclopeatonals i condicionar camins rurals d&#8217;especial rellev\u00e0ncia\u201d<\/strong><\/strong>.<\/h3>\n\n\n\n<h3 class=\"wp-block-heading\"><strong><strong>Huit actuacions s&#8217;han licitat ja durant este mes de desembre, per una inversi\u00f3 total de 18,1 milions d&#8217;euros; als quals se sumaran en les pr\u00f2ximes setmanes cinc obres m\u00e9s valorades en 5,6 milions<\/strong><\/strong>.<\/h3>\n\n\n\n<p>La ha licitat durant este mes de desembre un total de 8 obres per a la millora de la xarxa provincial de Carreteres valorades en 18.113.973 euros, a les quals se sumaran durant les pr\u00f2ximes setmanes altres cinc obres per valor global de 5.606.169 euros per a la millora de camins municipals d&#8217;inter\u00e9s territorial.<\/p>\n\n\n\n<p>La diputada de Carreteres i vicepresidenta segona de la instituci\u00f3 provincial, Reme Mazzolari, destaca que \u201ces tracta d&#8217;intervencions que res tenen a veure amb les destrosses ocasionades per la dana, i que continuaran amb la programaci\u00f3 prevista, igual que la resta d&#8217;actuacions que conformen el full de ruta de millora de la xarxa de carreteres dependent de la Diputaci\u00f3\u201d.<\/p>\n\n\n\n<p>En este aspecte, Mazzolari incidix en qu\u00e8 \u201ccap municipi veur\u00e0 retrasats els projectes que tenim en marxa al llarg de tota la prov\u00edncia, i continuarem posant en marxa noves actuacions d&#8217;acord amb l&#8217;estrat\u00e8gia de gesti\u00f3 marcada a l&#8217;inici de legislatura per a millorar la seguretat de les nostres carreteres, apostant tamb\u00e9 per la construcci\u00f3 vies ciclopeatonals i condicionant aquells camins rurals de domini p\u00fablic que tenen una especial rellev\u00e0ncia per a les comunicacions dels municipis\u201d.<\/p>\n\n\n\n<p><strong>Obres ja licitades<\/strong><\/p>\n\n\n\n<p>Entre les actuacions ja licitades, es troba l&#8217;ampliaci\u00f3 de la plataforma, aix\u00ed com altres millores, en la carretera CV-470, en el tram Les Cuevas-Loberuela, a la comarca de la Plana de Utiel Requena. Per a esta intervenci\u00f3, d&#8217;uns 6 quil\u00f2metres de longitud, la Diputaci\u00f3 de Val\u00e8ncia ha destinat m\u00e9s de 4,8 milions d&#8217;euros.<\/p>\n\n\n\n<p>Tamb\u00e9 s\u00f3n d&#8217;especial rellev\u00e0ncia, per la xifra de pressupost, l&#8217;ampliaci\u00f3 de la plataforma i millora del drenatge de la carretera CV-641 entre Albaida a Aielo de Malferit, en la qual s&#8217;invertiran 3,6 milions; i el condicionament de la carretera CV\u2010611, en el tram CV\u2010610 a Benig\u00e0nim (CV\u2010612), el qual compta amb una assignaci\u00f3 de 2,8 milions d&#8217;euros.<\/p>\n\n\n\n<p>D&#8217;altra banda, es construir\u00e0 un itinerari ciclopeatonals en la CV \u2010375, entre La Pobla de Vallbona i L&#8217;Eliana, amb una glorieta en la intersecci\u00f3 amb el cam\u00ed de l\u2019Assagador; i es refor\u00e7ar\u00e0 el ferm amb millores de tra\u00e7at en la carretera CV -396, de Bugarra a Ventas de Villar. En cadascun dels dos casos, s&#8217;invertir\u00e0 una xifra superior als 2 milions d&#8217;euros.<\/p>\n\n\n\n<p>Altres obres ja licitades s\u00f3n: millores funcionals i de seguretat vi\u00e0ria en la carretera CV-675, en els termes de Barx i Simat de la Valldigna (1,1 milions), l&#8217;ampliaci\u00f3 del pont sobre el riu Sellent en la CV-560, en el terme de C\u00e0rcer (966.000 \u20ac) i una glorieta en la intersecci\u00f3 de les carreteres CV-310 i CV-328 a Serra (627.000 \u20ac).<\/p>\n\n\n\n<p><strong>Actuacions a punt de licitaci\u00f3<\/strong><\/p>\n\n\n\n<p>En les pr\u00f2ximes setmanes, l&#8217;\u00e0rea provincial de Carreteres promour\u00e0 a cinc licitacions m\u00e9s, per un valor global de 5,6 milions d&#8217;euros, en este cas destinades a la millora de camins d&#8217;inter\u00e9s territorial.<\/p>\n\n\n\n<p>Aix\u00ed, i fruit del conveni subscrit entre la Diputaci\u00f3 de Val\u00e8ncia i l&#8217;ajuntament de Gandia, la instituci\u00f3 provincial invertir\u00e0 3.164.850,66 \u20ac per a l&#8217;actuaci\u00f3 \u201cProlongaci\u00f3 de la CV-605. Natzaret-Oliva: carretera d&#8217;acc\u00e9s al vaig moldre de Santa Maria\u201d.<\/p>\n\n\n\n<p>Tamb\u00e9 es licitaran de manera imminent quatre obres de millores en altres tants Camins d&#8217;Inter\u00e9s Territorial amb actuacions ja aprovades per la Junta de Govern de la Diputaci\u00f3: el Camino de Negr\u00f3n a N-330 (509.000 \u20ac), cam\u00ed Reial d&#8217;Ontinyent a Gandia en els termes d&#8217;Ontinyent i Agullent (396.000 \u20ac), el Cam\u00ed de Faura a Sagunt (591.000 \u20ac) i el cam\u00ed vell de Sagunt a Lliria que unix de B\u00e9tera i N\u00e0quera (944.000 \u20ac).<\/p>\n","protected":false},"excerpt":{"rendered":"<div class=\"mh-excerpt\">La diputada i vicepresidenta segona, Reme Mazzolari, subratlla que \u201cl&#8217;estrat\u00e8gia de millora de la xarxa provincial de carreteres no es veur\u00e0 alterada pels efectes de la dana\u201d i anuncia \u201cnoves inversions per a continuar incrementant <a class=\"mh-excerpt-more\" href=\"https:\/\/www.tucomarca.com\/wordpress\/segunda\/ca\/la-diputacio-de-valencia-licita-contractes-per-valor-de-237-milions-deuros-per-a-millorar-carreteres-i-camins-al-marge-de-la-dana\/\" title=\"La Diputaci\u00f3 de Val\u00e8ncia licita contractes per valor de 23,7 milions d&#8217;euros per a millorar carreteres i camins al marge de la dana\">[+] <\/a><\/div>\n","protected":false},"author":13,"featured_media":248254,"comment_status":"open","ping_status":"open","sticky":false,"template":"","format":"standard","meta":{"footnotes":""},"categories":[21466,10898,10948,10894,10904,10903,10947,10896,10897],"tags":[15409,12903,11199,21009],"class_list":{"0":"post-248258","1":"post","2":"type-post","3":"status-publish","4":"format-standard","5":"has-post-thumbnail","7":"category-dana-ca","8":"category-ventana-ca","9":"category-infraestructuras-ca","10":"category-la-comarca-ca","11":"category-sin-categorizar-ca","12":"category-medio-ambiente-la-comarca-ca","13":"category-politica","14":"category-seccion-ca","15":"category-sucesos-la-comarca-ca","16":"tag-dana-2-ca","17":"tag-infraestructuras-ca","18":"tag-la-comunitat-ca","19":"tag-la-diputacio-de-valencia-ca"},"_links":{"self":[{"href":"https:\/\/www.tucomarca.com\/wordpress\/segunda\/ca\/wp-json\/wp\/v2\/posts\/248258","targetHints":{"allow":["GET"]}}],"collection":[{"href":"https:\/\/www.tucomarca.com\/wordpress\/segunda\/ca\/wp-json\/wp\/v2\/posts"}],"about":[{"href":"https:\/\/www.tucomarca.com\/wordpress\/segunda\/ca\/wp-json\/wp\/v2\/types\/post"}],"author":[{"embeddable":true,"href":"https:\/\/www.tucomarca.com\/wordpress\/segunda\/ca\/wp-json\/wp\/v2\/users\/13"}],"replies":[{"embeddable":true,"href":"https:\/\/www.tucomarca.com\/wordpress\/segunda\/ca\/wp-json\/wp\/v2\/comments?post=248258"}],"version-history":[{"count":0,"href":"https:\/\/www.tucomarca.com\/wordpress\/segunda\/ca\/wp-json\/wp\/v2\/posts\/248258\/revisions"}],"wp:featuredmedia":[{"embeddable":true,"href":"https:\/\/www.tucomarca.com\/wordpress\/segunda\/ca\/wp-json\/wp\/v2\/media\/248254"}],"wp:attachment":[{"href":"https:\/\/www.tucomarca.com\/wordpress\/segunda\/ca\/wp-json\/wp\/v2\/media?parent=248258"}],"wp:term":[{"taxonomy":"category","embeddable":true,"href":"https:\/\/www.tucomarca.com\/wordpress\/segunda\/ca\/wp-json\/wp\/v2\/categories?post=248258"},{"taxonomy":"post_tag","embeddable":true,"href":"https:\/\/www.tucomarca.com\/wordpress\/segunda\/ca\/wp-json\/wp\/v2\/tags?post=248258"}],"curies":[{"name":"wp","href":"https:\/\/api.w.org\/{rel}","templated":true}]}}