{"id":248269,"date":"2024-12-18T09:00:00","date_gmt":"2024-12-18T07:00:00","guid":{"rendered":"https:\/\/www.tucomarca.com\/wordpress\/segunda\/?p=248269"},"modified":"2024-12-18T22:42:50","modified_gmt":"2024-12-18T20:42:50","slug":"la-diputacio-de-valencia-licita-contractes-per-valor-de-36-milions-deuros-per-a-millorar-carreteres-i-camins-al-camp-de-turia","status":"publish","type":"post","link":"https:\/\/www.tucomarca.com\/wordpress\/segunda\/ca\/la-diputacio-de-valencia-licita-contractes-per-valor-de-36-milions-deuros-per-a-millorar-carreteres-i-camins-al-camp-de-turia\/","title":{"rendered":"La Diputaci\u00f3 de Val\u00e8ncia licita contractes per valor de 3,6 milions d&#8217;euros per a millorar carreteres i camins al Camp de T\u00faria\u00a0"},"content":{"rendered":"\n<h3 class=\"wp-block-heading\"><strong><strong>L&#8217;\u00e0rea provincial de Carreteres ha licitat ja les obres en la intersecci\u00f3 de la CV-310 i CV-328 a Serra i l&#8217;execuci\u00f3 d&#8217;un itinerari ciclopeatonal entre la Pobla de Vallbona i L&#8217;Eliana; i ho far\u00e0 de manera imminent per a refor\u00e7ar i millorar la connexi\u00f3 entre N\u00e0quera i B\u00e9tera pel Cam\u00ed Vell de Sagunt<\/strong><\/strong>.<\/h3>\n\n\n\n<p>L&#8217;\u00e0rea de Carreteres de la Diputaci\u00f3 de Val\u00e8ncia ha licitat durant este mes de desembre tres obres de millora de les comunicacions a la comarca del Camp de T\u00faria, amb una inversi\u00f3 global que ascendix a 3.644.000 euros.<\/p>\n\n\n\n<p>Aix\u00ed, La Pobla de Vallbona i L&#8217;Eliana estaran connectades tamb\u00e9 per una via ciclopeatonal en la CV-375; una actuaci\u00f3 que compta amb un pressupost de 2.072.000 euros que inclou tamb\u00e9 una glorieta amb el cam\u00ed de l\u2019Assagador.<\/p>\n\n\n\n<p>Tamb\u00e9 una glorieta es construir\u00e0 en la intersecci\u00f3 de les carreteres CV-310 i CV-328, dins del terme municipal de Serra, en la qual l&#8217;\u00e0rea provincial de Carreteres invertir\u00e0 627.000 euros.<\/p>\n\n\n\n<p>A estes dos licitacions se li sumar\u00e0 en les pr\u00f2ximes setmanes el condicionament del tram de la CV-315 que unix els municipis de N\u00e0quera i B\u00e9tera a trav\u00e9s d&#8217;una via catalogada com a Cam\u00ed d&#8217;Inter\u00e9s Territorial pel seu paper vertebrador per a la comarca del Camp de T\u00faria.<\/p>\n\n\n\n<p>Concretament, es tracta d&#8217;una subvenci\u00f3 en esp\u00e8cie valorada en 940.207 euros, per la qual la Diputaci\u00f3 condicionar\u00e0 este tram del Cam\u00ed Vell de Sagunt a Ll\u00edria, assumint la pr\u00f2pia instituci\u00f3 provincial tot el proc\u00e9s de licitaci\u00f3 i execuci\u00f3 de les obres.<\/p>\n\n\n\n<p><strong>\u201cM\u00e9s a prop que mai dels ajuntaments\u201d<\/strong><\/p>\n\n\n\n<p>El president de la Diputaci\u00f3 de Val\u00e8ncia, Vicent Momp\u00f3, explica que \u201ces tracta d&#8217;actuacions en les quals treballava l&#8217;equip t\u00e8cnic de Carreteres, i que seguiran el curs previst, tal com farem amb tots els projectes que havia en marxa abans de l&#8217;arribada de la dana\u201d i ha subratllat que des de la instituci\u00f3 provincial \u201ces continuar\u00e0 treballant, a major ritme si cap, per a garantir el desenrotllament socioecon\u00f2mic de tots els pobles, hagen sigut afectats o no per la dana\u201d.<\/p>\n\n\n\n<p>En este sentit, Momp\u00f3 ha aclarit que \u201c\u00e9s evident que estem en un moment en el qual cal bolcar-se perqu\u00e8 els pobles danyats tornen a ressorgir, per\u00f2 \u00e9s important destacar que la Diputaci\u00f3 ho continua sent de la totalitat dels 266 municipis i les tres entitats locals menors que componen la prov\u00edncia\u201d i assevera que \u201credoblarem esfor\u00e7os perqu\u00e8 els ajuntaments ens senten m\u00e9s a prop que mai, apostant per l&#8217;equilibri territorial i atenent les particularitats de cada zona\u201d.<\/p>\n\n\n\n<p>Per part seua, la diputada i vicepresidenta segona Reme Mazzolari, explica que \u201cel full de ruta per a millorar la xarxa provincial de Carreteres passa per la constant millorar la seguretat de nostres infraestructures, apostant tamb\u00e9 per la construcci\u00f3 vies ciclopeatonals i condicionant aquells camins rurals de domini p\u00fablic que tenen una especial rellev\u00e0ncia per a les comunicacions dels municipis\u201d.<\/p>\n","protected":false},"excerpt":{"rendered":"<div class=\"mh-excerpt\">L&#8217;\u00e0rea provincial de Carreteres ha licitat ja les obres en la intersecci\u00f3 de la CV-310 i CV-328 a Serra i l&#8217;execuci\u00f3 d&#8217;un itinerari ciclopeatonal entre la Pobla de Vallbona i L&#8217;Eliana; i ho far\u00e0 de <a class=\"mh-excerpt-more\" href=\"https:\/\/www.tucomarca.com\/wordpress\/segunda\/ca\/la-diputacio-de-valencia-licita-contractes-per-valor-de-36-milions-deuros-per-a-millorar-carreteres-i-camins-al-camp-de-turia\/\" title=\"La Diputaci\u00f3 de Val\u00e8ncia licita contractes per valor de 3,6 milions d&#8217;euros per a millorar carreteres i camins al Camp de T\u00faria\u00a0\">[+] <\/a><\/div>\n","protected":false},"author":13,"featured_media":89466,"comment_status":"open","ping_status":"open","sticky":false,"template":"","format":"standard","meta":{"footnotes":""},"categories":[10937,10892,10898,10948,10894,10915,10893,10936,10947,10896],"tags":[10398,10395,11246,10412,10433,21312,10430,10436,21733],"class_list":{"0":"post-248269","1":"post","2":"type-post","3":"status-publish","4":"format-standard","5":"has-post-thumbnail","7":"category-betera-ca","8":"category-camp-de-turia-ca","9":"category-ventana-ca","10":"category-infraestructuras-ca","11":"category-la-comarca-ca","12":"category-la-pobla-ca","13":"category-leliana-ca","14":"category-naquera-ca","15":"category-politica","16":"category-seccion-ca","17":"tag-betera","18":"tag-camp-de-turia","19":"tag-diputacio-de-valencia-ca","20":"tag-infraestructuras","21":"tag-leliana","22":"tag-la-comarca","23":"tag-la-pobla","24":"tag-naquera","25":"tag-seccion"},"_links":{"self":[{"href":"https:\/\/www.tucomarca.com\/wordpress\/segunda\/ca\/wp-json\/wp\/v2\/posts\/248269","targetHints":{"allow":["GET"]}}],"collection":[{"href":"https:\/\/www.tucomarca.com\/wordpress\/segunda\/ca\/wp-json\/wp\/v2\/posts"}],"about":[{"href":"https:\/\/www.tucomarca.com\/wordpress\/segunda\/ca\/wp-json\/wp\/v2\/types\/post"}],"author":[{"embeddable":true,"href":"https:\/\/www.tucomarca.com\/wordpress\/segunda\/ca\/wp-json\/wp\/v2\/users\/13"}],"replies":[{"embeddable":true,"href":"https:\/\/www.tucomarca.com\/wordpress\/segunda\/ca\/wp-json\/wp\/v2\/comments?post=248269"}],"version-history":[{"count":0,"href":"https:\/\/www.tucomarca.com\/wordpress\/segunda\/ca\/wp-json\/wp\/v2\/posts\/248269\/revisions"}],"wp:featuredmedia":[{"embeddable":true,"href":"https:\/\/www.tucomarca.com\/wordpress\/segunda\/ca\/wp-json\/wp\/v2\/media\/89466"}],"wp:attachment":[{"href":"https:\/\/www.tucomarca.com\/wordpress\/segunda\/ca\/wp-json\/wp\/v2\/media?parent=248269"}],"wp:term":[{"taxonomy":"category","embeddable":true,"href":"https:\/\/www.tucomarca.com\/wordpress\/segunda\/ca\/wp-json\/wp\/v2\/categories?post=248269"},{"taxonomy":"post_tag","embeddable":true,"href":"https:\/\/www.tucomarca.com\/wordpress\/segunda\/ca\/wp-json\/wp\/v2\/tags?post=248269"}],"curies":[{"name":"wp","href":"https:\/\/api.w.org\/{rel}","templated":true}]}}