{"id":248300,"date":"2024-12-18T10:30:00","date_gmt":"2024-12-18T08:30:00","guid":{"rendered":"https:\/\/www.tucomarca.com\/wordpress\/segunda\/?p=248300"},"modified":"2024-12-18T23:32:46","modified_gmt":"2024-12-18T21:32:46","slug":"la-diputacio-de-valencia-subvenciona-per-primera-vegada-les-missions-de-la-memoria","status":"publish","type":"post","link":"https:\/\/www.tucomarca.com\/wordpress\/segunda\/ca\/la-diputacio-de-valencia-subvenciona-per-primera-vegada-les-missions-de-la-memoria\/","title":{"rendered":"La Diputaci\u00f3 de Val\u00e8ncia subvenciona per primera vegada les Missions de la Mem\u00f2ria"},"content":{"rendered":"\n<h3 class=\"wp-block-heading\"><strong><strong>La vicepresidenta primera, Nat\u00e0lia Enguix, participa en la Trobada Intercentres organitzada per la Coordinadora d\u2019Associacions amb la pres\u00e8ncia de m\u00e9s de 700 escolars<\/strong><\/strong>.<\/h3>\n\n\n\n<h3 class=\"wp-block-heading\"><strong><strong>La Delegaci\u00f3 de Mem\u00f2ria Democr\u00e0tica subvenciona amb 36.800 euros unes activitats que han arribat a m\u00e9s de 13.000 alumnes des de 2016 amb l\u2019objectiu de promoure\u00a0 els valors democr\u00e0tics<\/strong><\/strong>.<\/h3>\n\n\n\n<p>La Diputaci\u00f3 de Val\u00e8ncia, a trav\u00e9s de la Delegaci\u00f3 de Mem\u00f2ria Democr\u00e0tica que dirigix Nat\u00e0lia Enguix, subvenciona per primera vegada les Missions de la Mem\u00f2ria, que han arribat a 13.000 alumnes a trav\u00e9s de 172 activitats majorit\u00e0riament d\u2019ESO i Batxillerat.<\/p>\n\n\n\n<p>Aix\u00ed s&#8217;ha reconegut en la Trobada Intercentres organitzada per la Coordinadora d\u2019Associacions i celebrada este dimecres en el Teatre El Musical del Cabanyal, amb la pres\u00e8ncia de la vicepresidenta primera, Natalia Enguix. A l\u2019acte han participat m\u00e9s de 700 alumnes, a m\u00e9s de nombrosos representants p\u00fablics i de col\u00b7lectius memorialistes.<\/p>\n\n\n\n<p>En paraules d&#8217;Enguix, &#8220;estes Missions s\u00f3n un projecte molt interessant per a aprofundir en eixa concepci\u00f3 did\u00e0ctica que tenim de la mem\u00f2ria, incentivant que es coneguen tots els detalls i punts de vista d&#8217;una hist\u00f2ria que s&#8217;ens ha comptat incompleta&#8221;.<\/p>\n\n\n\n<p><strong>Missions de la Mem\u00f2ria<\/strong><\/p>\n\n\n\n<p>Les Missions de la Mem\u00f2ria Democr\u00e0tica pretenen portar el coneixement de la hist\u00f2ria democr\u00e0tica recent a tots els centres educatius i ciutadania en general. Suposa una campanya de conscienciaci\u00f3 per impulsar els valors democr\u00e0tics, al mateix temps, de promoure la just\u00edcia i reparaci\u00f3 per a tots els repressaliats del franquisme.<\/p>\n\n\n\n<p>Segons va expressar la vicepresidenta primera de la Diputaci\u00f3, \u201cLa difusi\u00f3 de la mem\u00f2ria democr\u00e0tica busca reivindicar l\u2019Estat de dret i benestar mitjan\u00e7ant el coneixement passat per comprendre la complexa construcci\u00f3 de la democr\u00e0cia que hui tenim. Des de la Diputaci\u00f3 de Val\u00e8ncia compartim este fi a trav\u00e9s dels Premis La Mem\u00f2ria a l\u2019Escola. Estos projectes busquen eixa reivindicaci\u00f3 davant la violaci\u00f3 de drets humans que es van produir al segle passat al nostre territori, al mateix temps que fomenten la defensa de valors com la llibertat, la igualtat i la pau, entre d\u2019altres\u201d.&nbsp;<\/p>\n\n\n\n<p>A m\u00e9s, Enguix va agregar que &#8220;des de la Delegaci\u00f3 de Mem\u00f2ria Democr\u00e0tica vam posar en marxa una l\u00ednia de subvencions per a associacions i grups memorialistes amb 150.000 euros. El projecte de les Missions ha sigut subvencionat per la Diputaci\u00f3 de Val\u00e8ncia al 100% amb un cost de 36.800 euros en el marc d&#8217;estes ajudes\u201d.<\/p>\n\n\n\n<p>Les Missions de la Mem\u00f2ria prenen forma de xarrades en centres educatius, confer\u00e8ncies d&#8217;experts, recitals de poesia, entrevistes o visites guiades. Busquen ajudar a construir una ciutadania lliure que encarne el millor dels valors democr\u00e0tics en el futur.<\/p>\n\n\n\n<figure class=\"wp-block-gallery has-nested-images columns-default is-cropped wp-block-gallery-1 is-layout-flex wp-block-gallery-is-layout-flex\">\n<figure class=\"wp-block-image size-large\"><img loading=\"lazy\" decoding=\"async\" width=\"1024\" height=\"683\" data-id=\"248293\" src=\"https:\/\/www.tucomarca.com\/wordpress\/segunda\/wp-content\/uploads\/2024\/12\/MisionesMemoria2-1024x683.jpg\" alt=\"\" class=\"wp-image-248293\" srcset=\"https:\/\/www.tucomarca.com\/wordpress\/segunda\/wp-content\/uploads\/2024\/12\/MisionesMemoria2-1024x683.jpg 1024w, https:\/\/www.tucomarca.com\/wordpress\/segunda\/wp-content\/uploads\/2024\/12\/MisionesMemoria2-300x200.jpg 300w, https:\/\/www.tucomarca.com\/wordpress\/segunda\/wp-content\/uploads\/2024\/12\/MisionesMemoria2-768x512.jpg 768w, https:\/\/www.tucomarca.com\/wordpress\/segunda\/wp-content\/uploads\/2024\/12\/MisionesMemoria2-1536x1024.jpg 1536w, https:\/\/www.tucomarca.com\/wordpress\/segunda\/wp-content\/uploads\/2024\/12\/MisionesMemoria2-2048x1365.jpg 2048w\" sizes=\"auto, (max-width: 1024px) 100vw, 1024px\" \/><\/figure>\n\n\n\n<figure class=\"wp-block-image size-large\"><img loading=\"lazy\" decoding=\"async\" width=\"1024\" height=\"681\" data-id=\"248296\" src=\"http:\/\/www.tucomarca.com\/wordpress\/segunda\/wp-content\/uploads\/2024\/12\/MisionesMemoria3-1024x681.jpg\" alt=\"\" class=\"wp-image-248296\" srcset=\"https:\/\/www.tucomarca.com\/wordpress\/segunda\/wp-content\/uploads\/2024\/12\/MisionesMemoria3-1024x681.jpg 1024w, https:\/\/www.tucomarca.com\/wordpress\/segunda\/wp-content\/uploads\/2024\/12\/MisionesMemoria3-300x200.jpg 300w, https:\/\/www.tucomarca.com\/wordpress\/segunda\/wp-content\/uploads\/2024\/12\/MisionesMemoria3-768x511.jpg 768w, https:\/\/www.tucomarca.com\/wordpress\/segunda\/wp-content\/uploads\/2024\/12\/MisionesMemoria3-1536x1022.jpg 1536w, https:\/\/www.tucomarca.com\/wordpress\/segunda\/wp-content\/uploads\/2024\/12\/MisionesMemoria3-2048x1363.jpg 2048w\" sizes=\"auto, (max-width: 1024px) 100vw, 1024px\" \/><\/figure>\n<\/figure>\n","protected":false},"excerpt":{"rendered":"<div class=\"mh-excerpt\">La vicepresidenta primera, Nat\u00e0lia Enguix, participa en la Trobada Intercentres organitzada per la Coordinadora d\u2019Associacions amb la pres\u00e8ncia de m\u00e9s de 700 escolars. La Delegaci\u00f3 de Mem\u00f2ria Democr\u00e0tica subvenciona amb 36.800 euros unes activitats que <a class=\"mh-excerpt-more\" href=\"https:\/\/www.tucomarca.com\/wordpress\/segunda\/ca\/la-diputacio-de-valencia-subvenciona-per-primera-vegada-les-missions-de-la-memoria\/\" title=\"La Diputaci\u00f3 de Val\u00e8ncia subvenciona per primera vegada les Missions de la Mem\u00f2ria\">[+] <\/a><\/div>\n","protected":false},"author":13,"featured_media":248292,"comment_status":"open","ping_status":"open","sticky":false,"template":"","format":"standard","meta":{"footnotes":""},"categories":[20600,10948,10894,20456,11007,10947,10896],"tags":[21080,21009,21108,15856],"class_list":{"0":"post-248300","1":"post","2":"type-post","3":"status-publish","4":"format-standard","5":"has-post-thumbnail","7":"category-area-memoria-democratica-ca","8":"category-infraestructuras-ca","9":"category-la-comarca-ca","10":"category-la-diputacio-de-valencia-informa-ca","11":"category-ocio-y-cultura-ca","12":"category-politica","13":"category-seccion-ca","14":"tag-area-memoria-democratica-ca","15":"tag-la-diputacio-de-valencia-ca","16":"tag-la-diputacio-en-las-comarcas-ca","17":"tag-ocio-y-cultura-ca"},"_links":{"self":[{"href":"https:\/\/www.tucomarca.com\/wordpress\/segunda\/ca\/wp-json\/wp\/v2\/posts\/248300","targetHints":{"allow":["GET"]}}],"collection":[{"href":"https:\/\/www.tucomarca.com\/wordpress\/segunda\/ca\/wp-json\/wp\/v2\/posts"}],"about":[{"href":"https:\/\/www.tucomarca.com\/wordpress\/segunda\/ca\/wp-json\/wp\/v2\/types\/post"}],"author":[{"embeddable":true,"href":"https:\/\/www.tucomarca.com\/wordpress\/segunda\/ca\/wp-json\/wp\/v2\/users\/13"}],"replies":[{"embeddable":true,"href":"https:\/\/www.tucomarca.com\/wordpress\/segunda\/ca\/wp-json\/wp\/v2\/comments?post=248300"}],"version-history":[{"count":0,"href":"https:\/\/www.tucomarca.com\/wordpress\/segunda\/ca\/wp-json\/wp\/v2\/posts\/248300\/revisions"}],"wp:featuredmedia":[{"embeddable":true,"href":"https:\/\/www.tucomarca.com\/wordpress\/segunda\/ca\/wp-json\/wp\/v2\/media\/248292"}],"wp:attachment":[{"href":"https:\/\/www.tucomarca.com\/wordpress\/segunda\/ca\/wp-json\/wp\/v2\/media?parent=248300"}],"wp:term":[{"taxonomy":"category","embeddable":true,"href":"https:\/\/www.tucomarca.com\/wordpress\/segunda\/ca\/wp-json\/wp\/v2\/categories?post=248300"},{"taxonomy":"post_tag","embeddable":true,"href":"https:\/\/www.tucomarca.com\/wordpress\/segunda\/ca\/wp-json\/wp\/v2\/tags?post=248300"}],"curies":[{"name":"wp","href":"https:\/\/api.w.org\/{rel}","templated":true}]}}