{"id":248399,"date":"2024-12-19T08:30:00","date_gmt":"2024-12-19T06:30:00","guid":{"rendered":"https:\/\/www.tucomarca.com\/wordpress\/segunda\/?p=248399"},"modified":"2024-12-19T19:33:03","modified_gmt":"2024-12-19T17:33:03","slug":"la-diputacio-aprova-50-nous-projectes-del-pla-obert-en-33-municipis-amb-una-inversio-de-54-milions","status":"publish","type":"post","link":"https:\/\/www.tucomarca.com\/wordpress\/segunda\/ca\/la-diputacio-aprova-50-nous-projectes-del-pla-obert-en-33-municipis-amb-una-inversio-de-54-milions\/","title":{"rendered":"La Diputaci\u00f3 aprova 50 nous projectes del Pla Obert en 33 municipis amb una inversi\u00f3 de 5,4 milions"},"content":{"rendered":"\n<h3 class=\"wp-block-heading\"><strong><strong>L&#8217;\u00e0rea de Cooperaci\u00f3 que dirigix Nat\u00e0lia Enguix dona llum verda a dos nous decrets del principal programa inversor de la corporaci\u00f3, que en els seus primers sis mesos ha validat 187 sol\u00b7licituds dels ajuntaments<\/strong><\/strong>.<\/h3>\n\n\n\n<h3 class=\"wp-block-heading\"><strong><strong>Nat\u00e0lia Enguix: \u201cTreballem per a ajudar als municipis afectats per la dana en les seues noves necessitats i perqu\u00e8 la resta execute les seues propostes. Volem invertir fins a l&#8217;\u00faltim euro dels 350 milions del pla\u201d<\/strong><\/strong>.<\/h3>\n\n\n\n<p>La Diputaci\u00f3 de Val\u00e8ncia ha aprovat entre octubre i novembre el sis\u00e9 i el set\u00e9 decret del Pla Obert en el que va d&#8217;any. L&#8217;\u00e0rea de Cooperaci\u00f3 Municipal que dirigix la vicepresidenta primera, Nat\u00e0lia Enguix, dona llum verda a 50 nous projectes presentats per 33 ajuntaments de 13 comarques, dels quals 44, un 88%, seran subvencionats \u00edntegrament i nom\u00e9s sis al 75%. La partida total de les noves entregues ascendix a 5.383.609 euros, que sumats a les inversions dels decrets anteriors arriben als 26,9 milions d&#8217;euros per a un total de 187 projectes aprovats des que a la fi d&#8217;abril s&#8217;obrira el termini per a presentar sol\u00b7licituds.<\/p>\n\n\n\n<p>La vicepresidenta Enguix destaca que el principal programa inversor de la Diputaci\u00f3 \u201cno s&#8217;ha detingut en cap moment, tenint en compte la resposta immediata que la corporaci\u00f3 ha hagut de donar als municipis afectats per la dana. El que farem \u00e9s ajudar a eixos ajuntaments amb les seues necessitats sobrevingudes i, en paral\u00b7lel, mantindre la proximitat amb la resta perqu\u00e8 puguen desenvolupar els seus projectes de legislatura\u201d.<\/p>\n\n\n\n<p>El full de ruta expressat per la titular de Cooperaci\u00f3 es tradu\u00efx en \u201cuna dotaci\u00f3 extraordin\u00e0ria de 150 milions d&#8217;euros en ajudes directes enfocades a la reconstrucci\u00f3, que ixen principalment del romanent d&#8217;enguany i del cr\u00e8dit al qual hem recorregut per a ampliar el pressupost del pr\u00f2xim any; i en una mica m\u00e9s de 100 milions d&#8217;euros destinats als projectes del Pla Obert que presenten els municipis durant 2025, tant els afectats com els no afectats per la riuada\u201d.<\/p>\n\n\n\n<p>En la mateixa l\u00ednia, el president de la Diputaci\u00f3 de Val\u00e8ncia, Vicent Momp\u00f3, posa en valor \u201cel treball dels alcaldes i alcaldesses, tant els que estan patint les conseq\u00fc\u00e8ncies de la dana i centren els seus esfor\u00e7os a restablir els servicis i infraestructures danyades, com els que dediquen la seua atenci\u00f3 a la posada en marxa de projectes de futur per als seus habitants\u201d. \u201c\u00c9s un moment complicat, de contrastos entre els que tracten de tornar a la normalitat com m\u00e9s prompte millor i els que donen forma als pobles amb els quals han somiat per als seus ve\u00efns, i en la Diputaci\u00f3 ens hem marcat el repte d&#8217;acompanyar a tots els ajuntaments en el cam\u00ed que els toca rec\u00f3rrer\u201d, assenyala el president.<\/p>\n\n\n\n<p><strong>Nous projectes finan\u00e7ats<\/strong><\/p>\n\n\n\n<p>Entre les 28 sol\u00b7licituds aprovades en el nou decret del Pla Obert, que anir\u00e0 subvencionant noves actuacions i ajudant els consistoris i les mancomunitats a desenvolupar les seues iniciatives, destaquen els 620.000 euros que El Genov\u00e9s destinar\u00e0 a l&#8217;execuci\u00f3 d&#8217;espais per a la Pilota; els 550.000 euros amb els quals Massamagrell adquirir\u00e0 una nau al carrer Josep Renau; els 250.000 euros per a la rehabilitaci\u00f3 i millora de pistes en el poliesportiu de Losa del Obispo; i els 140.000 euros amb els quals Agullent habilitar\u00e0 un immoble del barri antic com a seu de les associacions culturals, esportives i socials; els 270.000 euros que costar\u00e0 l&#8217;ampliaci\u00f3 del poliesportiu del Mareny; i la renovaci\u00f3 de la xarxa d&#8217;aigua potable a Vilallonga, amb una dotaci\u00f3 de 120.000 euros.<\/p>\n\n\n\n<p>\u201cEsta \u00e9s l&#8217;ess\u00e8ncia del Pla Obert, un programa amb actuacions diverses que decidixen els alcaldes i alcaldesses per a donar resposta a les necessitats dels seus municipis\u201d, apunta Nat\u00e0lia Enguix, qui insistix en \u201cl&#8217;encert de concebre el pla a quatre anys per a no pressionar amb terminis als ajuntaments, permetre&#8217;ls que maduren les iniciatives que necessiten ser finan\u00e7ades i disposen de temps suficient per a executar-les o canviar el concepte inicial en resposta a necessitats sobrevingudes, cas de la dana\u201d.<\/p>\n\n\n\n<p>Entre els projectes presentats des de l&#8217;obertura del Pla Obert, m\u00e9s d&#8217;un centenar s\u00f3n d&#8217;obra, seguits pels de subministrament i en menor mesura els d&#8217;adquisici\u00f3 de b\u00e9ns immobles per a \u00fas p\u00fablic. \u201cEl m\u00e9s important \u00e9s que els ajuntaments treballen b\u00e9 eixos projectes i tinguen clar qu\u00e8 \u00e9s el que necessiten en cada moment, perqu\u00e8 l&#8217;\u00fanica intenci\u00f3 de la Diputaci\u00f3 \u00e9s que els 350 milions destinats al pla es queden \u00edntegrament als pobles en forma de millores per a la ciutadania\u201d, conclou Enguix.<\/p>\n\n\n\n<p>Els \u00faltims decrets del Pla Obert aprovats per la corporaci\u00f3 provincial inclouen projectes de Benicull de X\u00faquer, Llaur\u00ed i El Mareny de Barraquetes (Ribera Baixa); Sumac\u00e0rcer, L&#8217;\u00c9nova, Tous, La Pobla Llarga, Castell\u00f3 i Carcaixent (Ribera Alta); Agullent, Benicolet i B\u00e8lgida (Vall d\u2019Albaida); Rafelbunyol i Massamagrell (Horta Nord); Albal i Picanya (Horta Sud); Quesa i Chella (la Canal); Algar de Pal\u00e0ncia (Camp de Morvedre); Barx, Piles, Rafelcofer, Alfauir i Vilallonga (la Safor); Losa del Obispo, Alpuente i Dome\u00f1o (la Serran\u00eda); Dos Aguas (Hoya de Bu\u00f1ol); El Genov\u00e9s, Barxeta i Rotgl\u00e0 i Corber\u00e0 (la Costera); Vilamarxant (Camp de T\u00faria) i Zarra (Valle de Ayora).<\/p>\n","protected":false},"excerpt":{"rendered":"<div class=\"mh-excerpt\">L&#8217;\u00e0rea de Cooperaci\u00f3 que dirigix Nat\u00e0lia Enguix dona llum verda a dos nous decrets del principal programa inversor de la corporaci\u00f3, que en els seus primers sis mesos ha validat 187 sol\u00b7licituds dels ajuntaments. Nat\u00e0lia <a class=\"mh-excerpt-more\" href=\"https:\/\/www.tucomarca.com\/wordpress\/segunda\/ca\/la-diputacio-aprova-50-nous-projectes-del-pla-obert-en-33-municipis-amb-una-inversio-de-54-milions\/\" title=\"La Diputaci\u00f3 aprova 50 nous projectes del Pla Obert en 33 municipis amb una inversi\u00f3 de 5,4 milions\">[+] <\/a><\/div>\n","protected":false},"author":13,"featured_media":248397,"comment_status":"open","ping_status":"open","sticky":false,"template":"","format":"standard","meta":{"footnotes":""},"categories":[20520,11035,10976,11046,10898,10948,10996,10963,10894,20456,10912,10942,10902,11024,10947,10972,10896,11049,11048,10927,11052,10959],"tags":[11187,11216,10899,12454,20516,15612,11132,21147,11094,21108,10914,10945,11077,11928,13042,21141,13756,11090,12417,11892],"class_list":{"0":"post-248399","1":"post","2":"type-post","3":"status-publish","4":"format-standard","5":"has-post-thumbnail","7":"category-cooperacio-municipal","8":"category-domeno-ca","9":"category-dos-aguas-ca","10":"category-los-serranos-ca","11":"category-ventana-ca","12":"category-infraestructuras-ca","13":"category-lenova-ca","14":"category-la-canal-de-navarres-ca","15":"category-la-comarca-ca","16":"category-la-diputacio-de-valencia-informa-ca","17":"category-la-hoya-ca","18":"category-la-pobla-llarga-ca","19":"category-la-ribera-ca","20":"category-losa-del-obispo-ca","21":"category-politica","22":"category-quesa-ca","23":"category-seccion-ca","24":"category-sumacarcer-ca","25":"category-tous-ca","26":"category-vilamarxant-ca","27":"category-villanueva-de-castellon-ca","28":"category-zarra-ca","29":"tag-alpuente-ca","30":"tag-ayora-cofrentes-ca","31":"tag-camp-de-turia-ca","32":"tag-chella-ca","33":"tag-cooperacion-municipal-ca","34":"tag-domeno-ca","35":"tag-dos-aguas","36":"tag-lenova-ca","37":"tag-la-canal-de-navarres","38":"tag-la-diputacio-en-las-comarcas-ca","39":"tag-la-hoya-de-bunol-chiva-ca","40":"tag-la-pobla-llarga-ca","41":"tag-la-ribera-alta-ca","42":"tag-la-serrania-ca","43":"tag-losa-del-obispo-ca","44":"tag-sumacarcer-ca","45":"tag-tous-ca","46":"tag-vilamarxant-ca","47":"tag-villanueva-de-castellon-ca","48":"tag-zarra-ca"},"_links":{"self":[{"href":"https:\/\/www.tucomarca.com\/wordpress\/segunda\/ca\/wp-json\/wp\/v2\/posts\/248399","targetHints":{"allow":["GET"]}}],"collection":[{"href":"https:\/\/www.tucomarca.com\/wordpress\/segunda\/ca\/wp-json\/wp\/v2\/posts"}],"about":[{"href":"https:\/\/www.tucomarca.com\/wordpress\/segunda\/ca\/wp-json\/wp\/v2\/types\/post"}],"author":[{"embeddable":true,"href":"https:\/\/www.tucomarca.com\/wordpress\/segunda\/ca\/wp-json\/wp\/v2\/users\/13"}],"replies":[{"embeddable":true,"href":"https:\/\/www.tucomarca.com\/wordpress\/segunda\/ca\/wp-json\/wp\/v2\/comments?post=248399"}],"version-history":[{"count":0,"href":"https:\/\/www.tucomarca.com\/wordpress\/segunda\/ca\/wp-json\/wp\/v2\/posts\/248399\/revisions"}],"wp:featuredmedia":[{"embeddable":true,"href":"https:\/\/www.tucomarca.com\/wordpress\/segunda\/ca\/wp-json\/wp\/v2\/media\/248397"}],"wp:attachment":[{"href":"https:\/\/www.tucomarca.com\/wordpress\/segunda\/ca\/wp-json\/wp\/v2\/media?parent=248399"}],"wp:term":[{"taxonomy":"category","embeddable":true,"href":"https:\/\/www.tucomarca.com\/wordpress\/segunda\/ca\/wp-json\/wp\/v2\/categories?post=248399"},{"taxonomy":"post_tag","embeddable":true,"href":"https:\/\/www.tucomarca.com\/wordpress\/segunda\/ca\/wp-json\/wp\/v2\/tags?post=248399"}],"curies":[{"name":"wp","href":"https:\/\/api.w.org\/{rel}","templated":true}]}}