{"id":248424,"date":"2024-12-19T10:00:00","date_gmt":"2024-12-19T08:00:00","guid":{"rendered":"https:\/\/www.tucomarca.com\/wordpress\/segunda\/?p=248424"},"modified":"2024-12-19T19:46:44","modified_gmt":"2024-12-19T17:46:44","slug":"turis-presenta-la-seua-agenda-de-nadal","status":"publish","type":"post","link":"https:\/\/www.tucomarca.com\/wordpress\/segunda\/ca\/turis-presenta-la-seua-agenda-de-nadal\/","title":{"rendered":"Tur\u00eds presenta la seua Agenda de Nadal"},"content":{"rendered":"\n<p>L&#8217;Ajuntament de Tur\u00eds ha presentat la seua Agenda de Nadal, amb una \u00e0mplia varietat d&#8217;activitats per a gaudir d&#8217;unes festes plenes de m\u00e0gia i entreteniment, tant organitzades des de l&#8217;\u00e0mbit municipal com per associacions locals.<br>Amb propostes per a totes les edats, l&#8217;agenda promet convertir a Tur\u00eds en el lloc perfecte per a viure un Nadal divertit i replet de tradici\u00f3.<\/p>\n\n\n\n<p><strong>Programa d&#8217;Activitats<\/strong><\/p>\n\n\n<div class=\"wp-block-image\">\n<figure class=\"alignright size-large is-resized\"><img loading=\"lazy\" decoding=\"async\" width=\"724\" height=\"1024\" src=\"http:\/\/www.tucomarca.com\/wordpress\/segunda\/wp-content\/uploads\/2024\/12\/TurisAgendaNadal-724x1024.jpg\" alt=\"\" class=\"wp-image-248417\" style=\"width:369px;height:auto\" srcset=\"https:\/\/www.tucomarca.com\/wordpress\/segunda\/wp-content\/uploads\/2024\/12\/TurisAgendaNadal-724x1024.jpg 724w, https:\/\/www.tucomarca.com\/wordpress\/segunda\/wp-content\/uploads\/2024\/12\/TurisAgendaNadal-212x300.jpg 212w, https:\/\/www.tucomarca.com\/wordpress\/segunda\/wp-content\/uploads\/2024\/12\/TurisAgendaNadal-768x1086.jpg 768w, https:\/\/www.tucomarca.com\/wordpress\/segunda\/wp-content\/uploads\/2024\/12\/TurisAgendaNadal-1086x1536.jpg 1086w, https:\/\/www.tucomarca.com\/wordpress\/segunda\/wp-content\/uploads\/2024\/12\/TurisAgendaNadal.jpg 1448w\" sizes=\"auto, (max-width: 724px) 100vw, 724px\" \/><\/figure>\n<\/div>\n\n\n<p><strong>Concert Coral Vicent Ribes<\/strong>\u202814 de desembre, 20.00 h\u2028Temple Parroquial\u2028<br><strong>Societat Musical Turisense<\/strong>\u202815 de desembre, 12.00 h\u2028Plaza Constituci\u00f3n\u2028<br><strong>Canto de les Estrenes (Grup de Danses Tor\u00eds)<\/strong>\u202821 de desembre, 12.00 h\u2028Plaza Constituci\u00f3n\u2028<br><strong>Visita dels Elfos de Pap\u00e0 Noel\u2028<\/strong>21 de desembre, 19.00 h\u2028Plaza Vicent Ribes\u2028<br><strong>Festinadal (Esgl\u00e9sia Evang\u00e8lica)<\/strong>\u202822 de desembre, 19.00 h\u2028Teatre Ideal\u2028<br><strong>Tur\u00eds Game Party<\/strong>\u202823 de desembre (11.00 h a 23.00 h) i 24 de desembre (10.00 h a 14.00 h)\u2028Espai Multi\u00fas\u2028<br><strong>Festival C\u00e0ritas Parroquial\u2028<\/strong>27 de desembre, 17.00 h\u2028Teatre Ideal\u2028<br><strong>&#8220;El Grinch de Nadal&#8221; (Espectacle)<\/strong>\u202828 de desembre, 18.00 h\u2028Teatre Ideal\u2028<br><strong>Sant Silvestre<\/strong>\u202828 de desembre, 20.00 h\u2028Plaza Vicent Ribes\u2028<br><strong>Fira de Jocs<\/strong>\u202829 de desembre, 17.30 h\u2028Plaza Vicent Ribes\u2028<br><strong>Concert \u201cLes veus secretes\u201d (Pep \u201cEl Botifarra\u201d)\u2028<\/strong>29 de desembre, 19.30 h\u2028Teatre Ideal\u2028<br><strong>Parc d&#8217;Inflables<\/strong>\u20282 de gener, 11.00 h a 14.00 h\u2028Plaza Vicent Ribes\u2028<br><strong>Contes de Pirates<\/strong>\u20283 de gener, 18.30 h\u2028Teatre Ideal\u2028<br><strong>Cavalcada de Reis Mags<\/strong>\u20285 de gener, 19.00 h\u2028Placeta del Marqu\u00e9s\u2028<\/p>\n\n\n\n<p>Amb aquesta agenda, Tur\u00eds convida a ve\u00efns i visitants a gaudir d&#8217;unes festes inoblidables, plenes de cultura, diversi\u00f3 i tradici\u00f3.<\/p>\n","protected":false},"excerpt":{"rendered":"<div class=\"mh-excerpt\">L&#8217;Ajuntament de Tur\u00eds ha presentat la seua Agenda de Nadal, amb una \u00e0mplia varietat d&#8217;activitats per a gaudir d&#8217;unes festes plenes de m\u00e0gia i entreteniment, tant organitzades des de l&#8217;\u00e0mbit municipal com per associacions locals.Amb <a class=\"mh-excerpt-more\" href=\"https:\/\/www.tucomarca.com\/wordpress\/segunda\/ca\/turis-presenta-la-seua-agenda-de-nadal\/\" title=\"Tur\u00eds presenta la seua Agenda de Nadal\">[+] <\/a><\/div>\n","protected":false},"author":12,"featured_media":248420,"comment_status":"open","ping_status":"open","sticky":false,"template":"","format":"standard","meta":{"footnotes":""},"categories":[11019,10894,10902,11007,10896,11047],"tags":[21737,16983,11356],"class_list":{"0":"post-248424","1":"post","2":"type-post","3":"status-publish","4":"format-standard","5":"has-post-thumbnail","7":"category-agenda-ca","8":"category-la-comarca-ca","9":"category-la-ribera-ca","10":"category-ocio-y-cultura-ca","11":"category-seccion-ca","12":"category-turis-ca","13":"tag-agenda-de-navidad-ca","14":"tag-ajuntament-de-turis-2-ca","15":"tag-ribera-alta-ca"},"_links":{"self":[{"href":"https:\/\/www.tucomarca.com\/wordpress\/segunda\/ca\/wp-json\/wp\/v2\/posts\/248424","targetHints":{"allow":["GET"]}}],"collection":[{"href":"https:\/\/www.tucomarca.com\/wordpress\/segunda\/ca\/wp-json\/wp\/v2\/posts"}],"about":[{"href":"https:\/\/www.tucomarca.com\/wordpress\/segunda\/ca\/wp-json\/wp\/v2\/types\/post"}],"author":[{"embeddable":true,"href":"https:\/\/www.tucomarca.com\/wordpress\/segunda\/ca\/wp-json\/wp\/v2\/users\/12"}],"replies":[{"embeddable":true,"href":"https:\/\/www.tucomarca.com\/wordpress\/segunda\/ca\/wp-json\/wp\/v2\/comments?post=248424"}],"version-history":[{"count":0,"href":"https:\/\/www.tucomarca.com\/wordpress\/segunda\/ca\/wp-json\/wp\/v2\/posts\/248424\/revisions"}],"wp:featuredmedia":[{"embeddable":true,"href":"https:\/\/www.tucomarca.com\/wordpress\/segunda\/ca\/wp-json\/wp\/v2\/media\/248420"}],"wp:attachment":[{"href":"https:\/\/www.tucomarca.com\/wordpress\/segunda\/ca\/wp-json\/wp\/v2\/media?parent=248424"}],"wp:term":[{"taxonomy":"category","embeddable":true,"href":"https:\/\/www.tucomarca.com\/wordpress\/segunda\/ca\/wp-json\/wp\/v2\/categories?post=248424"},{"taxonomy":"post_tag","embeddable":true,"href":"https:\/\/www.tucomarca.com\/wordpress\/segunda\/ca\/wp-json\/wp\/v2\/tags?post=248424"}],"curies":[{"name":"wp","href":"https:\/\/api.w.org\/{rel}","templated":true}]}}