{"id":248568,"date":"2024-12-20T08:30:00","date_gmt":"2024-12-20T06:30:00","guid":{"rendered":"https:\/\/www.tucomarca.com\/wordpress\/segunda\/?p=248568"},"modified":"2024-12-20T19:15:32","modified_gmt":"2024-12-20T17:15:32","slug":"francisco-melero-dirigeix-a-lorquestra-filharmonica-de-requena-juntament-amb-el-grup-mi-chica-en-un-concert-de-nadal-solidari","status":"publish","type":"post","link":"https:\/\/www.tucomarca.com\/wordpress\/segunda\/ca\/francisco-melero-dirigeix-a-lorquestra-filharmonica-de-requena-juntament-amb-el-grup-mi-chica-en-un-concert-de-nadal-solidari\/","title":{"rendered":"Francisco Melero dirigeix a l&#8217;Orquestra Filharm\u00f2nica de Requena juntament amb el grup Mi Chica en un concert de Nadal solidari"},"content":{"rendered":"\n<h3 class=\"wp-block-heading\">La formaci\u00f3 actuar\u00e0 en el Teatre Principal de Requena, dem\u00e0 21 de desembre a les 19h, patrocinada per la Fundaci\u00f3 Ciutat de Requena i el Celler Sierra Nord, en solidaritat amb els afectats per la dana a la comarca i per al qual s&#8217;ha habilitat una fila zero en www.orquestarequena.com.<\/h3>\n\n\n\n<h3 class=\"wp-block-heading\">Francisco Melero: \u201cSer\u00e0 un concert molt especial despr\u00e9s de la cat\u00e0strofe que ha suposat la dana per a desenes de milers de persones a Requena i en altres 77 municipis. A elles li ho dedicarem\u201d.\u00a0<\/h3>\n\n\n\n<h3 class=\"wp-block-heading\">El director assenyala que \u201cfarem un programa dividit en dues parts, comen\u00e7arem amb la m\u00fasica pop de La meua Xica en format simf\u00f2nic per a recordar els \u00e8xits d&#8217;aquest duo en els anys \u201890, continuarem amb un repertori contemporani i finalitzarem amb peces tradicionals de Nadal\u201d.\u00a0<\/h3>\n\n\n\n<h3 class=\"wp-block-heading\">El programa del Concert de Nadal inclour\u00e0 algunes de les millors can\u00e7ons de Mi Chica que van aconseguir un gran \u00e8xit a nivell nacional i internacional, vendre m\u00e9s de 50.000 c\u00f2pies al Jap\u00f3 en 1995 i triomfar a Llatinoam\u00e8rica.\u00a0<\/h3>\n\n\n\n<h3 class=\"wp-block-heading\">L&#8217;Orquestra Filharm\u00f2nica de Requena abordar\u00e0 en la segona part les obres Nova York, Nova York de J. Kander i F. Ebb; My way de C. Fran\u00e7ois i J. Reveux; El Mag de Oz d&#8217;Harold Arden; Blanc Nadal de Irving Berlin, Nit de Pau de Franz Xaver Gruber i El Tamboriner de Katherine Kennicott Davis.<\/h3>\n\n\n<div class=\"wp-block-image\">\n<figure class=\"alignleft size-large is-resized\"><img loading=\"lazy\" decoding=\"async\" width=\"724\" height=\"1024\" src=\"http:\/\/www.tucomarca.com\/wordpress\/segunda\/wp-content\/uploads\/2024\/12\/ConciertoNavidadCartel-724x1024.jpg\" alt=\"\" class=\"wp-image-248563\" style=\"width:404px;height:auto\" srcset=\"https:\/\/www.tucomarca.com\/wordpress\/segunda\/wp-content\/uploads\/2024\/12\/ConciertoNavidadCartel-724x1024.jpg 724w, https:\/\/www.tucomarca.com\/wordpress\/segunda\/wp-content\/uploads\/2024\/12\/ConciertoNavidadCartel-212x300.jpg 212w, https:\/\/www.tucomarca.com\/wordpress\/segunda\/wp-content\/uploads\/2024\/12\/ConciertoNavidadCartel-768x1086.jpg 768w, https:\/\/www.tucomarca.com\/wordpress\/segunda\/wp-content\/uploads\/2024\/12\/ConciertoNavidadCartel.jpg 1002w\" sizes=\"auto, (max-width: 724px) 100vw, 724px\" \/><\/figure>\n<\/div>\n\n\n<p>L&#8217;Orquestra Filharm\u00f2nica Fundaci\u00f3 Ciutat de Requena, dirigida per Francisco Melero, oferir\u00e0 el Concert de Nadal en el Teatre Principal de Requena, dem\u00e0 dissabte 21 de desembre a les 19h. La formaci\u00f3 actuar\u00e0 en la primera part al costat del grup Mi Chica i en la segona abordar\u00e0 obres simf\u00f2niques i temes nadalencs en un concert, patrocinat per la Fundaci\u00f3 Ciutat de Requena i el Celler Sierra Nord, en solidaritat amb els afectats per&nbsp;la dana a la comarca i per al qual s&#8217;ha habilitat una fila zero.&nbsp;<\/p>\n\n\n\n<p>Francisco Melero indica que \u201cser\u00e0 un concert molt especial despr\u00e9s de la cat\u00e0strofe que ha suposat la dana per a desenes de milers de persones a Requena i en altres 77 municipis. A elles li ho dedica- rems\u201d. En relaci\u00f3 amb l&#8217;actuaci\u00f3, el director de l&#8217;Orquestra Filharm\u00f2nica de Requena assenyala que&nbsp;\u201cfarem un programa dividit en dues parts, comen\u00e7arem amb la m\u00fasica pop de Mi Chica en format simf\u00f2nic per a recordar els \u00e8xits d&#8217;aquest duo en els anys \u201890, continuarem amb un repertori contemporani i finalitzarem amb peces tradicionals de Nadal\u201d.&nbsp;<\/p>\n\n\n\n<p>El director assegura que \u201camb aquest concert l&#8217;orquestra finalitza la seua activitat en 2024, un any que ha sigut molt fruct\u00edfer en l&#8217;art\u00edstic i musical amb grans cites com l&#8217;XI Concert de la veuen- dimia i el vi al costat de les sopranos Ainhoa Arteta i Montserrat Mart\u00ed Caball\u00e9 i el bar\u00edton Luis Santana davant m\u00e9s de 900 persones\u201d. Melero subratlla que \u201cja estem treballant perqu\u00e8 la pro- gramaci\u00f3n de l&#8217;any pr\u00f2xim concite tamb\u00e9 la pres\u00e8ncia de prestigiosos m\u00fasics i artistes, obje- tivo que sempre perseguim en totes les activitats\u201d.&nbsp;<\/p>\n\n\n\n<p>La recaptaci\u00f3 d&#8217;aquest concert es destinar\u00e0 a les persones afectades a la comarca per les inunda- ciones, per a aix\u00f2 s&#8217;ha habilitat una fila zero en www.orquestarequena.com a trav\u00e9s de la que es poden fer aportacions. Aix\u00ed mateix, les entrades-donatiu es poden aconseguir anticipadament en la mateixa p\u00e0gina web de l&#8217;orquestra i al carrer Norberto Pi\u00f1ango no 17 baix, de Requena, per 10 euros; el preu en taquilla dem\u00e0 seran 12 euros.&nbsp;<\/p>\n\n\n\n<p>El programa del Concert de Nadal inclour\u00e0 algunes de les millors can\u00e7ons de Mi Chica, com a Amigo, Las cosas diferentes, No quiero verte llorar, Dir\u00eda, Juro decirte la verdad, Cantares de Joan Manuel Serrat i el tema Flores rojas que dona nom al treball hom\u00f2nim del grup, publicat per Warner Music, amb el qual els valencians Beatriz Alfonso i Roberto Poveda van aconseguir un gran \u00e8xit a nivell nacional i internacional, vendre m\u00e9s de 50.000 c\u00f2pies al Jap\u00f3 en 1995 i triomfar a Llatinoam\u00e8rica.&nbsp;<\/p>\n\n\n\n<p>Les can\u00e7ons de Poveda reflecteixen una manera de sentir la vida i la m\u00fasica molt personal, a les quals la veu d&#8217;Alfonso confereix un estil i segell molt particular, amb les quals han arribat \u201ca l&#8217;\u00e0nima de molta gent\u201d. L&#8217;Orquestra Filharm\u00f2nica de Requena abordar\u00e0 en la segona part les obres Nova York, Nova York de J. Kander i F. Ebb; My way de C. Fran\u00e7ois i J. Reveux; El Mag de Oz d&#8217;Harold Arden; Blanc Nadal de Irving Berlin, Nit de Pau de Franz Xaver Gruber i El Tamboriner de Katherine Kennicott Davis.&nbsp;<\/p>\n\n\n\n<p>El Concert de Nadal tamb\u00e9 compta amb la col\u00b7laboraci\u00f3 de la regidoria de Cultura de l&#8217;Ajuntament de Requena, Generalitat Valenciana, Institut Valenci\u00e0 de Cultura (IVC), el enoresort Finca Calder\u00f3n del Celler Sierra Nord, Nexe Wines, Telfy TV, Font Primavera, Onda Requena, R\u00e0dio Requena, R\u00e0dio Utiel i Monogr\u00e0fic comunicaci\u00f3.&nbsp;<\/p>\n\n\n\n<p><strong>Francisco Melero&nbsp;<\/strong><\/p>\n\n\n\n<p>Francisco Melero dirigeix en pa\u00efsos com Alemanya, el Canad\u00e0, Col\u00f2mbia, Eslov\u00e8nia, Espanya, Fran\u00e7a, ChinaoPortugalyhacolaboradoconprestigiosossolistasyartistascomoAinhoaArtetay Montserrat Mart\u00ed Caball\u00e9 de la qual \u00e9s el seu principal director des de 2021, Rafael Salines, Rub\u00e9n Parejo, Agust\u00edn Prunell-Friend, Thomas Mohr, Iv\u00e1n Balaguer, Luc\u00eda Van Egmont, Frank Cassard, Emilia Honrubia, Sebasti\u00e1 Peris, Manuel M\u00e1s, Javier Palacios, Jos\u00e9 Franch Ballester, Llaura Malikian, Raquel del Val, Jos\u00e9 Manuel Zapata, Roc\u00edo M\u00e1rquez, Claudio Constantini, Fernando Egozcue, Mar\u00eda Toledo, Eugenia Moliner, Francisco L\u00f3pez, Minerva Moliner, Leonel Morales, Josu De Solaun, Carles Mar\u00edn, Francisco Fierro, Misha Da\u010di\u0107, Luis Santana, Beatriz Gimeno, Aitzol Iturriagagoitia o David Apell\u00e1niz.&nbsp;<\/p>\n\n\n\n<p>El director de l&#8217;Orquestra Filharm\u00f2nica Fundaci\u00f3 Ciutat de Requena, ha dirigit nombroses \u00f3pe- ras com La traviata de Verdi, La Boh\u00e8me de Puccini, Carmen de Bizet, La Serva Padrona de Pergolesi o La Celestina de Pedrell, aix\u00ed com les principals sarsueles del repertori; i ha rebut diversos guardons i reconeixements per la seua traject\u00f2ria professional.&nbsp;<\/p>\n\n\n\n<p>Melero, que va estudiar amb els mestres Jos\u00e9 Mar\u00eda Cervera Lloret, George Pehlivanian, Armant Tasso i Jos\u00e9 Collado, el seu mentor i a qui deu la seua principal formaci\u00f3 i vocaci\u00f3, va debutar com a director a l&#8217;edat de 17 anys en el Palau de la M\u00fasica de Val\u00e8ncia. En el seu vessant educatiu imparteix el Curs de Direcci\u00f3 d&#8217;Orquestra Ciutat de Requena i el Concurs de Direcci\u00f3 d&#8217;Orquestra Maestro Collado, i organitza, al costat de Musical Arts i el suport de la Fundaci\u00f3 Ciutat de Requena, un curs i festival d&#8217;estiu del qual \u00e9s el seu principal director des de 2021.&nbsp;<\/p>\n\n\n\n<p><strong>Orquestra Filharm\u00f2nica de Requena&nbsp;<\/strong><\/p>\n\n\n\n<p>L&#8217;Orquestra Filharm\u00f2nica de Requena, que va debutar en el Temple de Santa Mar\u00eda de Requena inter- pretando la Simfonia n\u00famero 5 de Ludwig van Beethoven el 5 d&#8217;abril de 2007, ha oferit m\u00e9s de 100 concerts interpretant obres del gran repertori cl\u00e0ssic i contemporani de compositors espanyols i estrangers. Francisco Melero est\u00e0 des dels seus inicis al capdavant d&#8217;una formaci\u00f3 que actua amb 96 m\u00fasics i desenvolupa la seua activitat com a associaci\u00f3 sense \u00e0nim de lucre amb quasi 300 socis.&nbsp;<\/p>\n\n\n\n<p>L&#8217;orquestra i el seu director, que van ser proposats per Federico Mayor Zaragoza, director general de la Unesco entre 1987 i 1999, per al nomenament de M\u00fasics per la Pau, tamb\u00e9 han col\u00b7laborat amb diversos grups corals. Entre els concerts realitzats, cal destacar els realitzats en el Palau de la M\u00fasica de Val\u00e8ncia, els Concerts de la verema i el vi, els realitzats durant la Setmana de M\u00fasica Sacra de Requena o aquells amb un inter\u00e9s social com els Concerts extraordinaris per la pau o els concerts solidaris a benefici de persones majors, de la Creu Roja i de familiars de malalts d&#8217;alzheimer. Des de la seua fundaci\u00f3 t\u00e9 l&#8217;objectiu d&#8217;ampliar la formaci\u00f3 de joves m\u00fasics i estudien- tes de conservatoris en un entorn que ha atret a desenes d&#8217;int\u00e8rprets pel seu ambient acad\u00e8mic.&nbsp;<\/p>\n\n\n\n<p><strong>Mi Chica<\/strong><\/p>\n\n\n\n<p>Roberto Poveda va donar un gir a la seua carrera a principis dels anys noranta i forma amb la seua dona, Beatriz Alfonso, el duo Mi Chica Delante, nom amb el qual gravarien el seu primer disc per a la dis- cogr\u00e1fica valenciana Lucas Records en 1993. Un parell d&#8217;anys despr\u00e9s signen amb la casa Warner Music i publiquen Flores roges amb el nom de Mi Chica Xica, amb el qual triomfen nacional i internacio- nalmente i venen desenes de milers de c\u00f2pies. L&#8217;\u00e0lbum va ser present en totes les llistes de r\u00e0dio f\u00f3rmules nacionals i programes de cadenes de televisi\u00f3 presentats per periodistes com Xavier Sard\u00e0, Dt. Teresa Campos o Nieves Herrero.&nbsp;<\/p>\n\n\n\n<p>Despr\u00e9s d&#8217;algunes gires per Espanya, editen en 1999 un nou disc amb la companyia de Barcelona Horus; al poc temps es traslladen a Londres on van romandre un parell d&#8217;anys acumulant experi\u00e8ncies i actuant en diverses sales i locals de la capital anglesa. Al seu retorn, s&#8217;instal\u00b7len a Tarragona on continuen oferint actuacions en directe i creant produccions de jingles, m\u00fasica per als informatius de Canal 9, aix\u00ed com per a campanyes de publicitat i institucionals. Posteriorment, es traslladen a Can\u00e0ries realitzant m\u00fasica per a la cadena dels hotels Princess per totes les illes.&nbsp;<\/p>\n\n\n\n<p>Poveda tamb\u00e9 ha publicat un \u00e0lbum anomenat Ingr\u00e0vids i gentils com a bombolles de sab\u00f3 en el qual recopila can\u00e7ons pr\u00f2pies i d&#8217;altres autors, basades en textos dels poetes de la Generaci\u00f3 del 27. El duo format per la cantant i el cantautor resideix a Requena en l&#8217;actualitat i continua treballant en diversos projectes art\u00edstics. En la seua acad\u00e8mia de m\u00fasica Primer Pla imparteixen cur- sos de cant, interpretaci\u00f3 musical i ioga, i desenvolupen treballs de producci\u00f3 audiovisual per a Telfy TV, un canal local de televisi\u00f3 per cable.<\/p>\n","protected":false},"excerpt":{"rendered":"<div class=\"mh-excerpt\">La formaci\u00f3 actuar\u00e0 en el Teatre Principal de Requena, dem\u00e0 21 de desembre a les 19h, patrocinada per la Fundaci\u00f3 Ciutat de Requena i el Celler Sierra Nord, en solidaritat amb els afectats per la <a class=\"mh-excerpt-more\" href=\"https:\/\/www.tucomarca.com\/wordpress\/segunda\/ca\/francisco-melero-dirigeix-a-lorquestra-filharmonica-de-requena-juntament-amb-el-grup-mi-chica-en-un-concert-de-nadal-solidari\/\" title=\"Francisco Melero dirigeix a l&#8217;Orquestra Filharm\u00f2nica de Requena juntament amb el grup Mi Chica en un concert de Nadal solidari\">[+] <\/a><\/div>\n","protected":false},"author":13,"featured_media":248562,"comment_status":"open","ping_status":"open","sticky":false,"template":"","format":"standard","meta":{"footnotes":""},"categories":[11019,11005,11007,10908,10909,10896],"tags":[11066,15856,11099,10910],"class_list":{"0":"post-248568","1":"post","2":"type-post","3":"status-publish","4":"format-standard","5":"has-post-thumbnail","7":"category-agenda-ca","8":"category-canal-musica","9":"category-ocio-y-cultura-ca","10":"category-requena-ca","11":"category-requena-utiel-ca","12":"category-seccion-ca","13":"tag-musica-ca","14":"tag-ocio-y-cultura-ca","15":"tag-requena-ca","16":"tag-requena-utiel-ca"},"_links":{"self":[{"href":"https:\/\/www.tucomarca.com\/wordpress\/segunda\/ca\/wp-json\/wp\/v2\/posts\/248568","targetHints":{"allow":["GET"]}}],"collection":[{"href":"https:\/\/www.tucomarca.com\/wordpress\/segunda\/ca\/wp-json\/wp\/v2\/posts"}],"about":[{"href":"https:\/\/www.tucomarca.com\/wordpress\/segunda\/ca\/wp-json\/wp\/v2\/types\/post"}],"author":[{"embeddable":true,"href":"https:\/\/www.tucomarca.com\/wordpress\/segunda\/ca\/wp-json\/wp\/v2\/users\/13"}],"replies":[{"embeddable":true,"href":"https:\/\/www.tucomarca.com\/wordpress\/segunda\/ca\/wp-json\/wp\/v2\/comments?post=248568"}],"version-history":[{"count":0,"href":"https:\/\/www.tucomarca.com\/wordpress\/segunda\/ca\/wp-json\/wp\/v2\/posts\/248568\/revisions"}],"wp:featuredmedia":[{"embeddable":true,"href":"https:\/\/www.tucomarca.com\/wordpress\/segunda\/ca\/wp-json\/wp\/v2\/media\/248562"}],"wp:attachment":[{"href":"https:\/\/www.tucomarca.com\/wordpress\/segunda\/ca\/wp-json\/wp\/v2\/media?parent=248568"}],"wp:term":[{"taxonomy":"category","embeddable":true,"href":"https:\/\/www.tucomarca.com\/wordpress\/segunda\/ca\/wp-json\/wp\/v2\/categories?post=248568"},{"taxonomy":"post_tag","embeddable":true,"href":"https:\/\/www.tucomarca.com\/wordpress\/segunda\/ca\/wp-json\/wp\/v2\/tags?post=248568"}],"curies":[{"name":"wp","href":"https:\/\/api.w.org\/{rel}","templated":true}]}}