{"id":248737,"date":"2024-12-21T08:00:00","date_gmt":"2024-12-21T06:00:00","guid":{"rendered":"https:\/\/www.tucomarca.com\/wordpress\/segunda\/?p=248737"},"modified":"2024-12-23T18:36:57","modified_gmt":"2024-12-23T16:36:57","slug":"grup-cajamar-sadhereix-a-les-linies-ico-per-a-anticipar-la-indemnitzacions-i-ajudes-als-afectats-per-la-dana","status":"publish","type":"post","link":"https:\/\/www.tucomarca.com\/wordpress\/segunda\/ca\/grup-cajamar-sadhereix-a-les-linies-ico-per-a-anticipar-la-indemnitzacions-i-ajudes-als-afectats-per-la-dana\/","title":{"rendered":"Grup Cajamar s&#8217;adhereix a les l\u00ednies ICO per a anticipar la indemnitzacions i ajudes als afectats per la DANA"},"content":{"rendered":"\n<p>Les caixes rurals del Grup Cajamar s&#8217;han adherit a les noves l\u00ednies de l&#8217;ICO posades en marxa pel Govern, que preveuen mobilitzar 5.000 milions d&#8217;euros en pr\u00e9stecs per a ajudar als particulars, aut\u00f2noms i empreses afectats per la DANA.&nbsp;<\/p>\n\n\n\n<p>Aquestes l\u00ednies d&#8217;avals del Ministeri d&#8217;Economia, Comer\u00e7 i Empresa, que ser\u00e0 gestionada per l&#8217;ICO, cobriran el 80% de l&#8217;import del finan\u00e7ament i seran gratu\u00efts, venen a sumar-se a les donades a con\u00e9ixer en els primers dies per la banca cooperativa Cajamar perqu\u00e8 les llars i empreses damnificades puguen escometre les inversions necess\u00e0ries i recuperar la normalitat en el termini m\u00e9s breu possible.<\/p>\n\n\n\n<p>Les l\u00ednies ICO consisteixen, d&#8217;una banda, a anticipar les ajudes de les administracions p\u00fabliques i les indemnitzacions de les assegurances als particulars, aut\u00f2noms, comunitats de propietaris i empreses, malgrat que encara no s&#8217;haja realitzat el peritatge final de les p\u00e8rdues. I, d&#8217;altra banda, oferir finan\u00e7ament per a iniciar com m\u00e9s prompte millor la recuperaci\u00f3 i volta a la normalitat d&#8217;aquelles empreses que tenen la seua activitat principal en les zones que han patit m\u00e9s danys.&nbsp;<\/p>\n\n\n\n<p>Aquestes l\u00ednies estaran disponibles fins al 31 de desembre de 2025 i podran sol\u00b7licitar-se en qualsevol oficina del Grup Cooperatiu Cajamar en les localitats afectades.<\/p>\n\n\n\n<p><strong>Pla de mesures\u00a0<\/strong><\/p>\n\n\n\n<p>Aquestes l\u00ednies ICO se sumen al pla de mesures adoptat pel Grup Cajamar per a contribuir a pal\u00b7liar els perjudicis causats per la DANA, com la concessi\u00f3 de l\u00ednies de finan\u00e7ament que inclouen acomptes de subvencions i pr\u00e9stecs personals al 0% d&#8217;inter\u00e9s per a particulars damnificats. Aix\u00ed mateix, perqu\u00e8 puguen restablir al m\u00e9s prompte possible la seua activitat professional, aut\u00f2noms i empreses podran beneficiar-se de pr\u00e9stecs hipotecaris destinats a inversi\u00f3 en instal\u00b7lacions, maquin\u00e0ria i vehicles amb un inter\u00e9s del 0% el primer any, aix\u00ed com operacions de l\u00edsing&nbsp;tamb\u00e9 al 0% el primer any. D&#8217;una altra part, els clients particulars, aut\u00f2noms i petites empreses situats en les \u00e0rees declarades com a zona catastr\u00f2fica tenen la possibilitat de sol\u00b7licitar una morat\u00f2ria per a detindre temporalment l&#8217;amortitzaci\u00f3 de les quotes financeres dels seus pr\u00e9stecs hipotecaris.<\/p>\n\n\n\n<p>A m\u00e9s, professionals de les entitats del Grup Cooperatiu Cajamar continuen recorrent les finques, explotacions i negocis agroalimentaris, posant a la disposici\u00f3 de cooperatives i agricultors els recursos econ\u00f2mics necessaris per a afrontar les p\u00e8rdues patides, que en molts casos aconsegueixen la totalitat de la collita.<\/p>\n\n\n\n<p>La banca cooperativa Cajamar ha refor\u00e7at tamb\u00e9 l&#8217;atenci\u00f3 d&#8217;assegurances per a la gesti\u00f3 de sinistres, amb especial atenci\u00f3 a les assegurances de llar, comer\u00e7os i actuacions a trav\u00e9s de l\u00ednies telef\u00f2niques gratu\u00eftes i l&#8217;alta dels sinistres dones de la Banca Electr\u00f2nica i App de Grup Cajamar.&nbsp;<\/p>\n\n\n\n<p>D&#8217;altra banda, s&#8217;ha habilitat un compte destinat a Creu Roja per a canalitzar l&#8217;ingr\u00e9s de donacions mitjan\u00e7ant Bizum i transfer\u00e8ncies solid\u00e0ries; sent tamb\u00e9 de ressenyar que persones volunt\u00e0ries de les caixes rurals del Grup Cooperatiu Cajamar continuen col\u00b7laborant en activitats i treballs d&#8217;ajuda en les poblacions afectades per la DANA.<\/p>\n","protected":false},"excerpt":{"rendered":"<div class=\"mh-excerpt\">Les caixes rurals del Grup Cajamar s&#8217;han adherit a les noves l\u00ednies de l&#8217;ICO posades en marxa pel Govern, que preveuen mobilitzar 5.000 milions d&#8217;euros en pr\u00e9stecs per a ajudar als particulars, aut\u00f2noms i empreses <a class=\"mh-excerpt-more\" href=\"https:\/\/www.tucomarca.com\/wordpress\/segunda\/ca\/grup-cajamar-sadhereix-a-les-linies-ico-per-a-anticipar-la-indemnitzacions-i-ajudes-als-afectats-per-la-dana\/\" title=\"Grup Cajamar s&#8217;adhereix a les l\u00ednies ICO per a anticipar la indemnitzacions i ajudes als afectats per la DANA\">[+] <\/a><\/div>\n","protected":false},"author":13,"featured_media":171283,"comment_status":"open","ping_status":"open","sticky":false,"template":"","format":"standard","meta":{"footnotes":""},"categories":[21466,10948,10894,10904,10896,10897],"tags":[15409,12903,21313,11199],"class_list":{"0":"post-248737","1":"post","2":"type-post","3":"status-publish","4":"format-standard","5":"has-post-thumbnail","7":"category-dana-ca","8":"category-infraestructuras-ca","9":"category-la-comarca-ca","10":"category-sin-categorizar-ca","11":"category-seccion-ca","12":"category-sucesos-la-comarca-ca","13":"tag-dana-2-ca","14":"tag-infraestructuras-ca","15":"tag-la-comarca-ca","16":"tag-la-comunitat-ca"},"_links":{"self":[{"href":"https:\/\/www.tucomarca.com\/wordpress\/segunda\/ca\/wp-json\/wp\/v2\/posts\/248737","targetHints":{"allow":["GET"]}}],"collection":[{"href":"https:\/\/www.tucomarca.com\/wordpress\/segunda\/ca\/wp-json\/wp\/v2\/posts"}],"about":[{"href":"https:\/\/www.tucomarca.com\/wordpress\/segunda\/ca\/wp-json\/wp\/v2\/types\/post"}],"author":[{"embeddable":true,"href":"https:\/\/www.tucomarca.com\/wordpress\/segunda\/ca\/wp-json\/wp\/v2\/users\/13"}],"replies":[{"embeddable":true,"href":"https:\/\/www.tucomarca.com\/wordpress\/segunda\/ca\/wp-json\/wp\/v2\/comments?post=248737"}],"version-history":[{"count":0,"href":"https:\/\/www.tucomarca.com\/wordpress\/segunda\/ca\/wp-json\/wp\/v2\/posts\/248737\/revisions"}],"wp:featuredmedia":[{"embeddable":true,"href":"https:\/\/www.tucomarca.com\/wordpress\/segunda\/ca\/wp-json\/wp\/v2\/media\/171283"}],"wp:attachment":[{"href":"https:\/\/www.tucomarca.com\/wordpress\/segunda\/ca\/wp-json\/wp\/v2\/media?parent=248737"}],"wp:term":[{"taxonomy":"category","embeddable":true,"href":"https:\/\/www.tucomarca.com\/wordpress\/segunda\/ca\/wp-json\/wp\/v2\/categories?post=248737"},{"taxonomy":"post_tag","embeddable":true,"href":"https:\/\/www.tucomarca.com\/wordpress\/segunda\/ca\/wp-json\/wp\/v2\/tags?post=248737"}],"curies":[{"name":"wp","href":"https:\/\/api.w.org\/{rel}","templated":true}]}}