{"id":248757,"date":"2024-12-24T08:45:00","date_gmt":"2024-12-24T06:45:00","guid":{"rendered":"https:\/\/www.tucomarca.com\/wordpress\/segunda\/?p=248757"},"modified":"2024-12-24T11:25:09","modified_gmt":"2024-12-24T09:25:09","slug":"solliciten-ampliar-la-llista-de-municipis-afectats-per-la-dana","status":"publish","type":"post","link":"https:\/\/www.tucomarca.com\/wordpress\/segunda\/ca\/solliciten-ampliar-la-llista-de-municipis-afectats-per-la-dana\/","title":{"rendered":"Sol\u00b7liciten ampliar la llista de municipis afectats per la DANA"},"content":{"rendered":"\n<p>Representants del sector agrari han sol\u00b7licitat l&#8217;ampliaci\u00f3 dels municipis reconeguts com afectats per la recent DANA, argumentant que zones amb danys menys severs tamb\u00e9 van patir importants perjudicis despr\u00e9s de les pluges torrencials del 29 d&#8217;octubre.<\/p>\n\n\n\n<p>Entre els municipis que no han sigut considerats oficialment es troben Venta del Moro, els seus llogarets, i Villargordo del Cabriel. Encara que les precipitacions en aquestes \u00e0rees van ser aproximadament la meitat de les registrades a Requena i Utiel, les pluges, concentrades en un curt per\u00edode de temps, van provocar danys significatius en infraestructures agr\u00e0ries.<\/p>\n\n\n\n<p>Els problemes m\u00e9s destacats inclouen la solsida de murs de ma\u00e7oneria, grans erosions en terrenys i destrosses en camins rurals, essencials per a les activitats del sector.<\/p>\n\n\n\n<p>Aquesta situaci\u00f3 ha generat preocupaci\u00f3 entre els agricultors, els qui insten les autoritats a revisar els criteris d&#8217;avaluaci\u00f3 i a incloure aquestes zones per a garantir l&#8217;acc\u00e9s a ajudes i recursos destinats a la recuperaci\u00f3. Informa,<strong> Luis Ib\u00e1\u00f1ez<\/strong>.<\/p>\n","protected":false},"excerpt":{"rendered":"<div class=\"mh-excerpt\">Representants del sector agrari han sol\u00b7licitat l&#8217;ampliaci\u00f3 dels municipis reconeguts com afectats per la recent DANA, argumentant que zones amb danys menys severs tamb\u00e9 van patir importants perjudicis despr\u00e9s de les pluges torrencials del 29 <a class=\"mh-excerpt-more\" href=\"https:\/\/www.tucomarca.com\/wordpress\/segunda\/ca\/solliciten-ampliar-la-llista-de-municipis-afectats-per-la-dana\/\" title=\"Sol\u00b7liciten ampliar la llista de municipis afectats per la DANA\">[+] <\/a><\/div>\n","protected":false},"author":13,"featured_media":248755,"comment_status":"open","ping_status":"open","sticky":false,"template":"","format":"standard","meta":{"footnotes":""},"categories":[10905,21466,10898,10948,10894,10904,10903,10947,10909,10896,10897,11060,11061],"tags":[11309,15409,11199,10910,11709,13837],"class_list":{"0":"post-248757","1":"post","2":"type-post","3":"status-publish","4":"format-standard","5":"has-post-thumbnail","7":"category-agricultura-la-comarca-ca","8":"category-dana-ca","9":"category-ventana-ca","10":"category-infraestructuras-ca","11":"category-la-comarca-ca","12":"category-sin-categorizar-ca","13":"category-medio-ambiente-la-comarca-ca","14":"category-politica","15":"category-requena-utiel-ca","16":"category-seccion-ca","17":"category-sucesos-la-comarca-ca","18":"category-venta-del-moro-ca","19":"category-villargordo-del-cabriel-ca","20":"tag-agricultura-ca","21":"tag-dana-2-ca","22":"tag-la-comunitat-ca","23":"tag-requena-utiel-ca","24":"tag-venta-del-moro-ca","25":"tag-villargordo-del-cabriel-ca"},"_links":{"self":[{"href":"https:\/\/www.tucomarca.com\/wordpress\/segunda\/ca\/wp-json\/wp\/v2\/posts\/248757","targetHints":{"allow":["GET"]}}],"collection":[{"href":"https:\/\/www.tucomarca.com\/wordpress\/segunda\/ca\/wp-json\/wp\/v2\/posts"}],"about":[{"href":"https:\/\/www.tucomarca.com\/wordpress\/segunda\/ca\/wp-json\/wp\/v2\/types\/post"}],"author":[{"embeddable":true,"href":"https:\/\/www.tucomarca.com\/wordpress\/segunda\/ca\/wp-json\/wp\/v2\/users\/13"}],"replies":[{"embeddable":true,"href":"https:\/\/www.tucomarca.com\/wordpress\/segunda\/ca\/wp-json\/wp\/v2\/comments?post=248757"}],"version-history":[{"count":0,"href":"https:\/\/www.tucomarca.com\/wordpress\/segunda\/ca\/wp-json\/wp\/v2\/posts\/248757\/revisions"}],"wp:featuredmedia":[{"embeddable":true,"href":"https:\/\/www.tucomarca.com\/wordpress\/segunda\/ca\/wp-json\/wp\/v2\/media\/248755"}],"wp:attachment":[{"href":"https:\/\/www.tucomarca.com\/wordpress\/segunda\/ca\/wp-json\/wp\/v2\/media?parent=248757"}],"wp:term":[{"taxonomy":"category","embeddable":true,"href":"https:\/\/www.tucomarca.com\/wordpress\/segunda\/ca\/wp-json\/wp\/v2\/categories?post=248757"},{"taxonomy":"post_tag","embeddable":true,"href":"https:\/\/www.tucomarca.com\/wordpress\/segunda\/ca\/wp-json\/wp\/v2\/tags?post=248757"}],"curies":[{"name":"wp","href":"https:\/\/api.w.org\/{rel}","templated":true}]}}