{"id":248864,"date":"2024-12-26T12:00:00","date_gmt":"2024-12-26T10:00:00","guid":{"rendered":"https:\/\/www.tucomarca.com\/wordpress\/segunda\/?p=248864"},"modified":"2024-12-26T21:54:07","modified_gmt":"2024-12-26T19:54:07","slug":"la-diputacio-de-valencia-financa-la-restauracio-del-cambril-de-la-verge-a-lesglesia-del-remei-de-lliria","status":"publish","type":"post","link":"https:\/\/www.tucomarca.com\/wordpress\/segunda\/ca\/la-diputacio-de-valencia-financa-la-restauracio-del-cambril-de-la-verge-a-lesglesia-del-remei-de-lliria\/","title":{"rendered":"La Diputaci\u00f3 de Val\u00e8ncia finan\u00e7a la restauraci\u00f3 del cambril de la Verge a l&#8217;esgl\u00e9sia del Remei de Ll\u00edria"},"content":{"rendered":"\n<h4 class=\"wp-block-heading\">L&#8217;\u00e0rea de Cooperaci\u00f3 que dirigix Nat\u00e0lia Enguix concedix una subvenci\u00f3 de 50.000 euros a l&#8217;Arquebisbat per a resoldre els problemes constructius i restaurar les escultures de la c\u00fapula. Es destinen altres 28.000 euros per a consolidar la zona d&#8217;atenci\u00f3 al visitant del Monestir de Sant Miquel.<\/h4>\n\n\n\n<h4 class=\"wp-block-heading\">Estes ajudes s\u2019emmarquen dins del programa de recuperaci\u00f3 de patrimoni eclesi\u00e0stic, en el qual la corporaci\u00f3 que presidix Vicent Momp\u00f3 invertir\u00e0 m\u00e9s de mig mili\u00f3 d&#8217;euros cada any.<\/h4>\n\n\n\n<p>La Diputaci\u00f3 de Val\u00e8ncia ha concedit una subvenci\u00f3 directa de 50.000 euros a l&#8217;Arquebisbat per a restaurar la coberta i l&#8217;interior del cambril de la Verge a l&#8217;Esgl\u00e9sia de La nostra Senyora del Remei de Ll\u00edria. A m\u00e9s, l&#8217;\u00e0rea de Cooperaci\u00f3 Municipal que dirigix la vicepresidenta Nat\u00e0lia Enguix ha aprovat altres 28.000 euros per a la consolidaci\u00f3 estructural de la zona d&#8217;atenci\u00f3 al visitant i depend\u00e8ncies annexes del Monestir de Sant Miquel del municipi edet\u00e0.<\/p>\n\n\n\n<p>Les ajudes, que s&#8217;emmarquen en el programa de recuperaci\u00f3 de patrimoni eclesi\u00e0stic de la Diputaci\u00f3, amb una inversi\u00f3 que supera el mig mili\u00f3 d&#8217;euros en el present exercici, \u201ces gestionen directament a trav\u00e9s de l&#8217;Arquebisbat de Val\u00e8ncia, ja que els edificis s\u00f3n de titularitat eclesi\u00e0stica i les reparacions no les pot realitzar qualsevol entitat ni aplicar-se per concurr\u00e8ncia competitiva\u201d, explica la vicepresidenta primera i responsable de Cooperaci\u00f3. Enguix assenyala que l&#8217;objectiu de les inversions \u00e9s \u201cprotegir monuments de gran valor hist\u00f2ric i cultural, des del punt de vista arquitect\u00f2nic per\u00f2 tamb\u00e9 com a espais d&#8217;encontre social en els nostres municipis i comarques\u201d.<\/p>\n\n\n\n<p>L&#8217;Esgl\u00e9sia i el Convent de La nostra Senyora del Remei de Ll\u00edria van ser constru\u00efts en el segle XVIII, amb elements art\u00edstics de gran valor com a pintures al fresc, la c\u00fapula decorada en pa d&#8217;or i les escultures dels \u00e0ngels que es preveuen restaurar amb la inversi\u00f3 provincial. El conjunt, que fusiona elements barrocs i neocl\u00e0ssics, \u201calberga una resid\u00e8ncia d&#8217;ancians regida per les Germanetes dels Desemparats i \u00e9s, a m\u00e9s d&#8217;un lloc de culte, un centre de cohesi\u00f3 social de vital import\u00e0ncia per a la vida religiosa i comunit\u00e0ria de Ll\u00edria\u201d, apunta Reme Mazzolari, vicepresidenta segona de la Diputaci\u00f3 i regidora en la capital del Camp de T\u00faria.<\/p>\n\n\n\n<p><strong>Les escultures de la c\u00fapula<\/strong><\/p>\n\n\n\n<p>Els treballs subvencionats en La nostra Senyora del Remei inclouen la soluci\u00f3 a problemes constructius tant en l&#8217;exterior com a l&#8217;interior del cambril. Entre les patologies estructurals s&#8217;arreglaran els desperfectes en la c\u00fapula, les fissures en les teules vidriades i les humitats, amb mesures d&#8217;impermeabilitzaci\u00f3 per a evitar filtracions d&#8217;aigua i frenar la deterioraci\u00f3. A l&#8217;interior destaca la neteja i protecci\u00f3 de les escultures que coronen la c\u00fapula, algunes de les quals presenten danys greus. El projecte \u201crespecta els valors arquitect\u00f2nics i decoratius originals i tracta de mantindre este b\u00e9 de rellev\u00e0ncia local com a part del llegat cultural de Ll\u00edria\u201d, assegura Nat\u00e0lia Enguix.<\/p>\n\n\n\n<p>A esta intervenci\u00f3 cal afegir la que es dur\u00e0 a terme en el Reial Monestir de Sant Miquel de Ll\u00edria, monument protegit incl\u00f2s a l&#8217;entorn del Tossal de Sant Miquel, jaciment ib\u00e8ric declarat BIC, per a consolidar l&#8217;estructura i millorar la seguretat en la zona d&#8217;atenci\u00f3 al visitant. Els treballs previstos consistiran en l&#8217;execuci\u00f3 d&#8217;una llosa de formig\u00f3 armat per a refor\u00e7ar el forjat de la planta primera; i en la retirada de les teules de la coberta per a substituir les bigues de fusta deteriorades i tornar-les a col\u00b7locar de manera segura.<\/p>\n\n\n\n<p>Les actuacions que l&#8217;Arquebisbat dur\u00e0 a terme a Ll\u00edria, municipi del Camp de T\u00faria amb una poblaci\u00f3 pr\u00f2xima als 25.000 habitants, formen part del programa de recuperaci\u00f3 del patrimoni eclesi\u00e0stic de la Diputaci\u00f3, que enguany finan\u00e7ar\u00e0 treballs en els temples de Silla, Benavites, Alpuente (El Collado), Massalav\u00e9s, La Punta i Oliva. La Diputaci\u00f3 que presidix Vicent Momp\u00f3 tamb\u00e9 ha repr\u00e9s esta legislatura les ajudes per a recuperaci\u00f3 de patrimoni civil, amb una dotaci\u00f3 de huit milions d&#8217;euros que gestiona igualment l&#8217;\u00e0rea de Cooperaci\u00f3.<\/p>\n\n\n\n<p>El mateix Momp\u00f3 ha posat com a exemple estes actuacions en mat\u00e8ria de patrimoni a l&#8217;hora d&#8217;assegurar que la Diputaci\u00f3 \u201ccontinuar\u00e0 treballant al costat dels ajuntaments per a garantir la resposta immediata i l&#8217;ajuda als municipis afectats per la dana, per\u00f2 tamb\u00e9 per a no oblidar els projectes de present i de futur de la resta de municipis de la prov\u00edncia, que tenen esta instituci\u00f3 a la seua disposici\u00f3 per a tot el que necessiten\u201d.<\/p>\n","protected":false},"excerpt":{"rendered":"<div class=\"mh-excerpt\">L&#8217;\u00e0rea de Cooperaci\u00f3 que dirigix Nat\u00e0lia Enguix concedix una subvenci\u00f3 de 50.000 euros a l&#8217;Arquebisbat per a resoldre els problemes constructius i restaurar les escultures de la c\u00fapula. Es destinen altres 28.000 euros per a <a class=\"mh-excerpt-more\" href=\"https:\/\/www.tucomarca.com\/wordpress\/segunda\/ca\/la-diputacio-de-valencia-financa-la-restauracio-del-cambril-de-la-verge-a-lesglesia-del-remei-de-lliria\/\" title=\"La Diputaci\u00f3 de Val\u00e8ncia finan\u00e7a la restauraci\u00f3 del cambril de la Verge a l&#8217;esgl\u00e9sia del Remei de Ll\u00edria\">[+] <\/a><\/div>\n","protected":false},"author":12,"featured_media":248405,"comment_status":"open","ping_status":"open","sticky":false,"template":"","format":"standard","meta":{"footnotes":""},"categories":[20520,10898,10948,10894,20456,10928,11007,10947,10896],"tags":[10899,11246,11070,20404],"class_list":{"0":"post-248864","1":"post","2":"type-post","3":"status-publish","4":"format-standard","5":"has-post-thumbnail","7":"category-cooperacio-municipal","8":"category-ventana-ca","9":"category-infraestructuras-ca","10":"category-la-comarca-ca","11":"category-la-diputacio-de-valencia-informa-ca","12":"category-lliria-ca","13":"category-ocio-y-cultura-ca","14":"category-politica","15":"category-seccion-ca","16":"tag-camp-de-turia-ca","17":"tag-diputacio-de-valencia-ca","18":"tag-lliria-ca","19":"tag-natalia-enguix-2-ca"},"_links":{"self":[{"href":"https:\/\/www.tucomarca.com\/wordpress\/segunda\/ca\/wp-json\/wp\/v2\/posts\/248864","targetHints":{"allow":["GET"]}}],"collection":[{"href":"https:\/\/www.tucomarca.com\/wordpress\/segunda\/ca\/wp-json\/wp\/v2\/posts"}],"about":[{"href":"https:\/\/www.tucomarca.com\/wordpress\/segunda\/ca\/wp-json\/wp\/v2\/types\/post"}],"author":[{"embeddable":true,"href":"https:\/\/www.tucomarca.com\/wordpress\/segunda\/ca\/wp-json\/wp\/v2\/users\/12"}],"replies":[{"embeddable":true,"href":"https:\/\/www.tucomarca.com\/wordpress\/segunda\/ca\/wp-json\/wp\/v2\/comments?post=248864"}],"version-history":[{"count":0,"href":"https:\/\/www.tucomarca.com\/wordpress\/segunda\/ca\/wp-json\/wp\/v2\/posts\/248864\/revisions"}],"wp:featuredmedia":[{"embeddable":true,"href":"https:\/\/www.tucomarca.com\/wordpress\/segunda\/ca\/wp-json\/wp\/v2\/media\/248405"}],"wp:attachment":[{"href":"https:\/\/www.tucomarca.com\/wordpress\/segunda\/ca\/wp-json\/wp\/v2\/media?parent=248864"}],"wp:term":[{"taxonomy":"category","embeddable":true,"href":"https:\/\/www.tucomarca.com\/wordpress\/segunda\/ca\/wp-json\/wp\/v2\/categories?post=248864"},{"taxonomy":"post_tag","embeddable":true,"href":"https:\/\/www.tucomarca.com\/wordpress\/segunda\/ca\/wp-json\/wp\/v2\/tags?post=248864"}],"curies":[{"name":"wp","href":"https:\/\/api.w.org\/{rel}","templated":true}]}}