{"id":248870,"date":"2024-12-26T10:00:00","date_gmt":"2024-12-26T08:00:00","guid":{"rendered":"https:\/\/www.tucomarca.com\/wordpress\/segunda\/?p=248870"},"modified":"2024-12-26T21:51:02","modified_gmt":"2024-12-26T19:51:02","slug":"el-pspv-denuncia-que-lajuntament-de-la-pobla-de-vallbona-paga-amb-diners-publics-un-video-per-a-felicitar-les-festes-de-nadal-en-el-qual-apareixen-lalcalde-i-la-seua-familia","status":"publish","type":"post","link":"https:\/\/www.tucomarca.com\/wordpress\/segunda\/ca\/el-pspv-denuncia-que-lajuntament-de-la-pobla-de-vallbona-paga-amb-diners-publics-un-video-per-a-felicitar-les-festes-de-nadal-en-el-qual-apareixen-lalcalde-i-la-seua-familia\/","title":{"rendered":"El PSPV denuncia que l&#8217;Ajuntament de la Pobla de Vallbona &#8220;paga amb diners p\u00fablics un v\u00eddeo per a felicitar les festes de Nadal en el qual apareixen l&#8217;alcalde i la seua fam\u00edlia&#8221;"},"content":{"rendered":"\n<h3 class=\"wp-block-heading\">Les xarxes socials del municipi &#8220;publiquen el v\u00eddeo de promoci\u00f3 personal del primer edil sense que aparega ning\u00fa m\u00e9s del govern&#8221;, segons els socialistes.<\/h3>\n\n\n\n<p>El PSPV de la Pobla de Vallbona ha denunciat &#8220;que les xarxes socials de l&#8217;Ajuntament de la localitat han publicat un v\u00eddeo p\u00fablic, pagat amb fons municipals, en el qual apareix en exclusiva l&#8217;alcalde, Abel Mart\u00ed, del Partit Popular, i part de la seua pr\u00f2pia fam\u00edlia amb l&#8217;objectiu \u00fanic i primordial de promocionar la seua figura pol\u00edtica&#8221;.<\/p>\n\n\n\n<p>El grup socialista de la Pobla de Vallbona ha censurat &#8220;la decisi\u00f3 del Partit Popular d&#8217;obviar que governa en coalici\u00f3 amb Contingent i Centrats en confeccionar, elaborar i publicar, posteriorment, un v\u00eddeo per a felicitar les festes de Nadal sense que aparega ning\u00fa m\u00e9s de l&#8217;equip de govern, ni del seu partit ni de les restants formacions pol\u00edtiques&#8221;, segons els socialistes.<\/p>\n\n\n\n<p>&#8220;Al llarg del poc m\u00e9s d&#8217;un minut de duraci\u00f3, el v\u00eddeo \u00e9s una vergonyosa promoci\u00f3 de l&#8217;alcalde en el qual es veu a Abel Mart\u00ed en diferents facetes de la seua vida personal en entrella\u00e7ar imatges on apareix passejant, entrant al seu vehicle, chalando en un bar amb altres persones, besant a algunes ve\u00efnes i acostant-se al propi parc municipal en el qual li espera la seua pr\u00f2pia fam\u00edlia, incloses imatges amb menors d&#8217;edat&#8221;.<\/p>\n\n\n\n<p>El grup socialista de la Pobla de Vallbona ha afegit &#8220;que en cap moment es tracta d&#8217;un v\u00eddeo institucional de l&#8217;equip de govern per a felicitar els ve\u00efns en la celebraci\u00f3 de les tradicionals festes de Nadal. A m\u00e9s, es tracta d&#8217;un v\u00eddeo de tall personalista que hauria d&#8217;incloure&#8217;s en les xarxes socials privades de l&#8217;alcalde en lloc de finan\u00e7ar-se amb diners p\u00fablics&#8221;.<\/p>\n\n\n\n<p>La portaveu del PSPV a la Pobla de Vallbona, Noem\u00ed Morales, lamenta &#8220;les pol\u00edtiques de propaganda de l&#8217;actual equip de govern format pel PP-Centrats i Contingent a les quals ens tenen acostumats al llarg de tota la legislatura davant la manca evident d&#8217;un model propi de poble, amb idees modernes, projectes nous i innovadors, realment \u00fatils per a la ciutadania; m\u00e9s d&#8217;un any i mig despr\u00e9s, continuen secundant-se en les iniciatives que va gestar i va idear l&#8217;anterior govern progressista\u201d.<\/p>\n\n\n\n<p>Morales ha instat l&#8217;alcalde i al seu equip de govern \u201ca pagar amb els seus propis diners la propaganda pol\u00edtica, ja que sembla ser que no saben diferenciar, correctament, entre les institucions i els partits pol\u00edtics; pensen que els organismes p\u00fablics s\u00f3n una extensi\u00f3 de la seua propietat privada, mostren un entestament total en les pr\u00e0ctiques de propaganda i en els v\u00eddeos d&#8217;autobombo, una obsessi\u00f3 malaltissa per les xarxes socials amb l&#8217;\u00fanic objectiu d&#8217;ocultar la seua manca d&#8217;idees i projectes\u201d.<\/p>\n","protected":false},"excerpt":{"rendered":"<div class=\"mh-excerpt\">Les xarxes socials del municipi &#8220;publiquen el v\u00eddeo de promoci\u00f3 personal del primer edil sense que aparega ning\u00fa m\u00e9s del govern&#8221;, segons els socialistes. El PSPV de la Pobla de Vallbona ha denunciat &#8220;que les <a class=\"mh-excerpt-more\" href=\"https:\/\/www.tucomarca.com\/wordpress\/segunda\/ca\/el-pspv-denuncia-que-lajuntament-de-la-pobla-de-vallbona-paga-amb-diners-publics-un-video-per-a-felicitar-les-festes-de-nadal-en-el-qual-apareixen-lalcalde-i-la-seua-familia\/\" title=\"El PSPV denuncia que l&#8217;Ajuntament de la Pobla de Vallbona &#8220;paga amb diners p\u00fablics un v\u00eddeo per a felicitar les festes de Nadal en el qual apareixen l&#8217;alcalde i la seua fam\u00edlia&#8221;\">[+] <\/a><\/div>\n","protected":false},"author":12,"featured_media":248868,"comment_status":"open","ping_status":"open","sticky":false,"template":"","format":"standard","meta":{"footnotes":""},"categories":[10892,10948,10894,10915,10947,10896],"tags":[10899,21746,18973],"class_list":{"0":"post-248870","1":"post","2":"type-post","3":"status-publish","4":"format-standard","5":"has-post-thumbnail","7":"category-camp-de-turia-ca","8":"category-infraestructuras-ca","9":"category-la-comarca-ca","10":"category-la-pobla-ca","11":"category-politica","12":"category-seccion-ca","13":"tag-camp-de-turia-ca","14":"tag-la-pobla-de-vallabona-ca","15":"tag-pspv-psoe-de-la-pobla-de-vallbona-ca"},"_links":{"self":[{"href":"https:\/\/www.tucomarca.com\/wordpress\/segunda\/ca\/wp-json\/wp\/v2\/posts\/248870","targetHints":{"allow":["GET"]}}],"collection":[{"href":"https:\/\/www.tucomarca.com\/wordpress\/segunda\/ca\/wp-json\/wp\/v2\/posts"}],"about":[{"href":"https:\/\/www.tucomarca.com\/wordpress\/segunda\/ca\/wp-json\/wp\/v2\/types\/post"}],"author":[{"embeddable":true,"href":"https:\/\/www.tucomarca.com\/wordpress\/segunda\/ca\/wp-json\/wp\/v2\/users\/12"}],"replies":[{"embeddable":true,"href":"https:\/\/www.tucomarca.com\/wordpress\/segunda\/ca\/wp-json\/wp\/v2\/comments?post=248870"}],"version-history":[{"count":0,"href":"https:\/\/www.tucomarca.com\/wordpress\/segunda\/ca\/wp-json\/wp\/v2\/posts\/248870\/revisions"}],"wp:featuredmedia":[{"embeddable":true,"href":"https:\/\/www.tucomarca.com\/wordpress\/segunda\/ca\/wp-json\/wp\/v2\/media\/248868"}],"wp:attachment":[{"href":"https:\/\/www.tucomarca.com\/wordpress\/segunda\/ca\/wp-json\/wp\/v2\/media?parent=248870"}],"wp:term":[{"taxonomy":"category","embeddable":true,"href":"https:\/\/www.tucomarca.com\/wordpress\/segunda\/ca\/wp-json\/wp\/v2\/categories?post=248870"},{"taxonomy":"post_tag","embeddable":true,"href":"https:\/\/www.tucomarca.com\/wordpress\/segunda\/ca\/wp-json\/wp\/v2\/tags?post=248870"}],"curies":[{"name":"wp","href":"https:\/\/api.w.org\/{rel}","templated":true}]}}