{"id":248909,"date":"2024-12-27T12:00:00","date_gmt":"2024-12-27T10:00:00","guid":{"rendered":"https:\/\/www.tucomarca.com\/wordpress\/segunda\/?p=248909"},"modified":"2024-12-27T21:29:23","modified_gmt":"2024-12-27T19:29:23","slug":"la-conselleria-de-cultura-inicia-les-obres-de-recuperacio-del-castell-de-bunyol-despres-dels-danys-causats-per-la-dana","status":"publish","type":"post","link":"https:\/\/www.tucomarca.com\/wordpress\/segunda\/ca\/la-conselleria-de-cultura-inicia-les-obres-de-recuperacio-del-castell-de-bunyol-despres-dels-danys-causats-per-la-dana\/","title":{"rendered":"La Conselleria de Cultura inicia les obres de recuperaci\u00f3 del castell de Bunyol despr\u00e9s dels danys causats per la DANA"},"content":{"rendered":"\n<h3 class=\"wp-block-heading\">La Conselleria finan\u00e7a les obres de conservaci\u00f3 i restauraci\u00f3 necess\u00e0ries al Castell de Bunyol.<\/h3>\n\n\n\n<h3 class=\"wp-block-heading\">\u00c9s el BIC que m\u00e9s greument s&#8217;ha vist danyat pel temporal amb la solsida parcial del mur del Museu Etnol\u00f2gic del Castell.<\/h3>\n\n\n\n<p>La Conselleria d&#8217;Educaci\u00f3, Cultura, Universitats i Ocupaci\u00f3 ha iniciat les actuacions al Castell de Bunyol per a la recuperaci\u00f3 del patrimoni cultural afectat per la pluja, despr\u00e9s de la solsida parcial del Museu Etnol\u00f2gic.&nbsp;<br>Aquest divendres, personal t\u00e8cnic de la Direcci\u00f3 General de Patrimoni Cultural, acompanyats per l&#8217;alcaldessa de Bunyol, Virg\u00ednia Sanz, han visitat els treballs que s&#8217;estan realitzant i que compten amb el finan\u00e7ament de la pr\u00f2pia Conselleria, a trav\u00e9s de la Direcci\u00f3 General de Patrimoni Cultural.<br>Concretament, l&#8217;actuaci\u00f3 contempla la intervenci\u00f3 en els murs del Museu Etnol\u00f2gic, on s&#8217;han produ\u00eft despreniments que poden afectar la integritat d&#8217;elements del Castell, declarat B\u00e9 d&#8217;Inter\u00e9s Cultural (BIC).<\/p>\n\n\n\n<figure class=\"wp-block-image size-large is-resized\"><img loading=\"lazy\" decoding=\"async\" width=\"768\" height=\"1024\" src=\"http:\/\/www.tucomarca.com\/wordpress\/segunda\/wp-content\/uploads\/2024\/12\/Obras_CastilloBunyol2-768x1024.jpg\" alt=\"\" class=\"wp-image-248906\" style=\"width:642px;height:auto\" srcset=\"https:\/\/www.tucomarca.com\/wordpress\/segunda\/wp-content\/uploads\/2024\/12\/Obras_CastilloBunyol2-768x1024.jpg 768w, https:\/\/www.tucomarca.com\/wordpress\/segunda\/wp-content\/uploads\/2024\/12\/Obras_CastilloBunyol2-225x300.jpg 225w, https:\/\/www.tucomarca.com\/wordpress\/segunda\/wp-content\/uploads\/2024\/12\/Obras_CastilloBunyol2-1152x1536.jpg 1152w, https:\/\/www.tucomarca.com\/wordpress\/segunda\/wp-content\/uploads\/2024\/12\/Obras_CastilloBunyol2.jpg 1200w\" sizes=\"auto, (max-width: 768px) 100vw, 768px\" \/><\/figure>\n\n\n\n<p>Despr\u00e9s de les primeres inspeccions i avaluaci\u00f3 de danys, en coordinaci\u00f3 amb l&#8217;Ajuntament de Bunyol, personal t\u00e8cnic de la Direcci\u00f3 General de Patrimoni Cultural ha em\u00e9s un informe sobre l&#8217;estat del Castell de Bunyol on es posa de manifest que \u00e9s el BIC que ha sigut m\u00e9s greument danyat pel temporal i es fa necess\u00e0ria una actuaci\u00f3 de conservaci\u00f3 i restauraci\u00f3.<br>Per aix\u00f2, donat l&#8217;estat en el qual es troba l&#8217;estructura i davant el risc que els danys puguen ser irreparables, Cultura ha decidit intervindre mitjan\u00e7ant el procediment d&#8217;emerg\u00e8ncia amb la finalitat d&#8217;evitar perdre part del patrimoni cultural declarat BIC.<br>En aquest sentit, es repararan de manera puntual els despreniments existents en els al\u00e7ats i consolidaci\u00f3 del mur per a poder retornar l&#8217;estabilitat a l&#8217;edifici i que no es produ\u00efsquen col\u00b7lapses de major envergadura.<br>Des de Conselleria es continuar\u00e0 donant suport a aquestes actuacions de recuperaci\u00f3 i ja s&#8217;han comen\u00e7at a programar noves obres. Aix\u00ed mateix, la Direcci\u00f3 General de Patrimoni Cultural ha desenvolupat un pla d&#8217;inspeccions de la zona afectada, en coordinaci\u00f3 amb els t\u00e8cnics municipals i els rectors de les esgl\u00e9sies, on s&#8217;ha prestat especial atenci\u00f3 als BIC i altres b\u00e9ns protegits.&nbsp;<br>Despr\u00e9s de con\u00e9ixer l&#8217;abast dels danys s&#8217;ha registrat una base de dades per a poder dissenyar mesures de suport als b\u00e9ns del patrimoni cultural valenci\u00e0, com \u00e9s el cas del Castell de Bunyol o el de Cullera on ja s&#8217;est\u00e0 actuant, o a Utiel, on est\u00e0 tamb\u00e9 prevista una intervenci\u00f3.<\/p>\n","protected":false},"excerpt":{"rendered":"<div class=\"mh-excerpt\">La Conselleria finan\u00e7a les obres de conservaci\u00f3 i restauraci\u00f3 necess\u00e0ries al Castell de Bunyol. \u00c9s el BIC que m\u00e9s greument s&#8217;ha vist danyat pel temporal amb la solsida parcial del mur del Museu Etnol\u00f2gic del <a class=\"mh-excerpt-more\" href=\"https:\/\/www.tucomarca.com\/wordpress\/segunda\/ca\/la-conselleria-de-cultura-inicia-les-obres-de-recuperacio-del-castell-de-bunyol-despres-dels-danys-causats-per-la-dana\/\" title=\"La Conselleria de Cultura inicia les obres de recuperaci\u00f3 del castell de Bunyol despr\u00e9s dels danys causats per la DANA\">[+] <\/a><\/div>\n","protected":false},"author":12,"featured_media":248905,"comment_status":"open","ping_status":"open","sticky":false,"template":"","format":"image","meta":{"footnotes":""},"categories":[10911,21466,10898,10948,10894,10904,10912,11007,10947,10896,10897],"tags":[10913,12445,15409,10914],"class_list":{"0":"post-248909","1":"post","2":"type-post","3":"status-publish","4":"format-image","5":"has-post-thumbnail","7":"category-bunol-ca","8":"category-dana-ca","9":"category-ventana-ca","10":"category-infraestructuras-ca","11":"category-la-comarca-ca","12":"category-sin-categorizar-ca","13":"category-la-hoya-ca","14":"category-ocio-y-cultura-ca","15":"category-politica","16":"category-seccion-ca","17":"category-sucesos-la-comarca-ca","18":"tag-bunol-ca","19":"tag-castillo-de-bunol-ca","20":"tag-dana-2-ca","21":"tag-la-hoya-de-bunol-chiva-ca","22":"post_format-post-format-image"},"_links":{"self":[{"href":"https:\/\/www.tucomarca.com\/wordpress\/segunda\/ca\/wp-json\/wp\/v2\/posts\/248909","targetHints":{"allow":["GET"]}}],"collection":[{"href":"https:\/\/www.tucomarca.com\/wordpress\/segunda\/ca\/wp-json\/wp\/v2\/posts"}],"about":[{"href":"https:\/\/www.tucomarca.com\/wordpress\/segunda\/ca\/wp-json\/wp\/v2\/types\/post"}],"author":[{"embeddable":true,"href":"https:\/\/www.tucomarca.com\/wordpress\/segunda\/ca\/wp-json\/wp\/v2\/users\/12"}],"replies":[{"embeddable":true,"href":"https:\/\/www.tucomarca.com\/wordpress\/segunda\/ca\/wp-json\/wp\/v2\/comments?post=248909"}],"version-history":[{"count":0,"href":"https:\/\/www.tucomarca.com\/wordpress\/segunda\/ca\/wp-json\/wp\/v2\/posts\/248909\/revisions"}],"wp:featuredmedia":[{"embeddable":true,"href":"https:\/\/www.tucomarca.com\/wordpress\/segunda\/ca\/wp-json\/wp\/v2\/media\/248905"}],"wp:attachment":[{"href":"https:\/\/www.tucomarca.com\/wordpress\/segunda\/ca\/wp-json\/wp\/v2\/media?parent=248909"}],"wp:term":[{"taxonomy":"category","embeddable":true,"href":"https:\/\/www.tucomarca.com\/wordpress\/segunda\/ca\/wp-json\/wp\/v2\/categories?post=248909"},{"taxonomy":"post_tag","embeddable":true,"href":"https:\/\/www.tucomarca.com\/wordpress\/segunda\/ca\/wp-json\/wp\/v2\/tags?post=248909"}],"curies":[{"name":"wp","href":"https:\/\/api.w.org\/{rel}","templated":true}]}}